{"id":1194,"date":"2011-09-12T15:21:56","date_gmt":"2011-09-12T18:21:56","guid":{"rendered":"http:\/\/www.cna.org.ar\/?p=1194"},"modified":"2011-09-12T15:21:56","modified_gmt":"2011-09-12T18:21:56","slug":"se-conformo-el-grupo-parlamentario-de-amistad-con-la-republica-de-armenia","status":"publish","type":"post","link":"https:\/\/cna.org.ar\/index.php\/2011\/09\/12\/se-conformo-el-grupo-parlamentario-de-amistad-con-la-republica-de-armenia\/","title":{"rendered":"Se conform\u00f3 el Grupo Parlamentario de Amistad con la Rep\u00fablica de Armenia"},"content":{"rendered":"<p>Arribamos a esta instancia tras un largo trabajo realizado por el Consejo Nacional Armenio en Argentina persiguiendo concretar este importante objetivo.<\/p>\n<p>El grupo de amistad servir\u00e1 como herramienta para estrechar a\u00fan m\u00e1s los v\u00ed\u00adnculos existentes entre ambos Estados.<\/p>\n<p>El uso de esta v\u00ed\u00ada de conexi\u00f3n parlamentaria dar\u00e1 lugar a un avance m\u00e1s profundo en la cooperaci\u00f3n bilateral argentino-armenia.<\/p>\n<p>Integran el grupo los siguientes Senadores Nacionales: Dra. Liliana T. Negre de Alonso (Alianza Frente Justicialista), Dr. Luis A. Juez (Partido Nuevo), Dra. Ada M. Maza (Partido de la Victoria), Dr. Miguel A. Pichetto (Frente para la Victoria), Dr. Rub\u00e9n H. Giustiniani (Partido Socialista), Dra. Blanca I. Osuna (Frente para la Victoria), Dra. Mar\u00ed\u00ada J. Bongiorno (Frente para la Victoria), Dr. Emilio Rached (Uni\u00f3n C\u00ed\u00advica Radical) y Dra. Mar\u00ed\u00ada de los Angeles Higonet (Partido Justicialista la Pampa).<\/p>\n","protected":false},"excerpt":{"rendered":"<p><img loading=\"lazy\" decoding=\"async\" class=\"alignleft size-thumbnail wp-image-1195\" title=\"senado argentino\" src=\"http:\/\/www.cna.org.ar\/wp-content\/uploads\/2011\/09\/senado-argentino-150x150.jpg\" alt=\"senado argentino\" width=\"150\" height=\"150\" \/><\/p>\n<p>El pasado 6 de septiembre, el presidente del senado y vicepresidente de la Naci\u00f3n Julio Cobos por intermedio de una resoluci\u00f3n (N\u00c2\u00ba\u00c2\u00a0DPP 18\/11 en adjunto) oficializ\u00f3 la conformaci\u00f3n del grupo de amistad parlamentario entre la Rep\u00fablica de Argentina y la Rep\u00fablica de Armenia.<\/p>\n","protected":false},"author":1,"featured_media":0,"comment_status":"closed","ping_status":"closed","sticky":false,"template":"","format":"standard","meta":{"site-sidebar-layout":"default","site-content-layout":"","ast-site-content-layout":"default","site-content-style":"default","site-sidebar-style":"default","ast-global-header-display":"","ast-banner-title-visibility":"","ast-main-header-display":"","ast-hfb-above-header-display":"","ast-hfb-below-header-display":"","ast-hfb-mobile-header-display":"","site-post-title":"","ast-breadcrumbs-content":"","ast-featured-img":"","footer-sml-layout":"","theme-transparent-header-meta":"","adv-header-id-meta":"","stick-header-meta":"","header-above-stick-meta":"","header-main-stick-meta":"","header-below-stick-meta":"","astra-migrate-meta-layouts":"default","ast-page-background-enabled":"default","ast-page-background-meta":{"desktop":{"background-color":"var(--ast-global-color-4)","background-image":"","background-repeat":"repeat","background-position":"center center","background-size":"auto","background-attachment":"scroll","background-type":"","background-media":"","overlay-type":"","overlay-color":"","overlay-opacity":"","overlay-gradient":""},"tablet":{"background-color":"","background-image":"","background-repeat":"repeat","background-position":"center center","background-size":"auto","background-attachment":"scroll","background-type":"","background-media":"","overlay-type":"","overlay-color":"","overlay-opacity":"","overlay-gradient":""},"mobile":{"background-color":"","background-image":"","background-repeat":"repeat","background-position":"center center","background-size":"auto","background-attachment":"scroll","background-type":"","background-media":"","overlay-type":"","overlay-color":"","overlay-opacity":"","overlay-gradient":""}},"ast-content-background-meta":{"desktop":{"background-color":"var(--ast-global-color-5)","background-image":"","background-repeat":"repeat","background-position":"center center","background-size":"auto","background-attachment":"scroll","background-type":"","background-media":"","overlay-type":"","overlay-color":"","overlay-opacity":"","overlay-gradient":""},"tablet":{"background-color":"var(--ast-global-color-5)","background-image":"","background-repeat":"repeat","background-position":"center center","background-size":"auto","background-attachment":"scroll","background-type":"","background-media":"","overlay-type":"","overlay-color":"","overlay-opacity":"","overlay-gradient":""},"mobile":{"background-color":"var(--ast-global-color-5)","background-image":"","background-repeat":"repeat","background-position":"center center","background-size":"auto","background-attachment":"scroll","background-type":"","background-media":"","overlay-type":"","overlay-color":"","overlay-opacity":"","overlay-gradient":""}},"_jetpack_memberships_contains_paid_content":false,"footnotes":""},"categories":[4],"tags":[],"class_list":["post-1194","post","type-post","status-publish","format-standard","hentry","category-comunicados"],"jetpack_featured_media_url":"","jetpack_sharing_enabled":true,"_links":{"self":[{"href":"https:\/\/cna.org.ar\/index.php\/wp-json\/wp\/v2\/posts\/1194","targetHints":{"allow":["GET"]}}],"collection":[{"href":"https:\/\/cna.org.ar\/index.php\/wp-json\/wp\/v2\/posts"}],"about":[{"href":"https:\/\/cna.org.ar\/index.php\/wp-json\/wp\/v2\/types\/post"}],"author":[{"embeddable":true,"href":"https:\/\/cna.org.ar\/index.php\/wp-json\/wp\/v2\/users\/1"}],"replies":[{"embeddable":true,"href":"https:\/\/cna.org.ar\/index.php\/wp-json\/wp\/v2\/comments?post=1194"}],"version-history":[{"count":0,"href":"https:\/\/cna.org.ar\/index.php\/wp-json\/wp\/v2\/posts\/1194\/revisions"}],"wp:attachment":[{"href":"https:\/\/cna.org.ar\/index.php\/wp-json\/wp\/v2\/media?parent=1194"}],"wp:term":[{"taxonomy":"category","embeddable":true,"href":"https:\/\/cna.org.ar\/index.php\/wp-json\/wp\/v2\/categories?post=1194"},{"taxonomy":"post_tag","embeddable":true,"href":"https:\/\/cna.org.ar\/index.php\/wp-json\/wp\/v2\/tags?post=1194"}],"curies":[{"name":"wp","href":"https:\/\/api.w.org\/{rel}","templated":true}]}}