{"id":1447,"date":"2012-03-21T17:59:21","date_gmt":"2012-03-21T20:59:21","guid":{"rendered":"http:\/\/www.cna.org.ar\/?p=1447"},"modified":"2012-03-21T17:59:21","modified_gmt":"2012-03-21T20:59:21","slug":"dia-internacional-de-la-eliminacion-de-la-discriminacion-racial","status":"publish","type":"post","link":"https:\/\/cna.org.ar\/index.php\/2012\/03\/21\/dia-internacional-de-la-eliminacion-de-la-discriminacion-racial\/","title":{"rendered":"D\u00ed\u00ada Internacional de la Eliminaci\u00f3n de la Discriminaci\u00f3n Racial"},"content":{"rendered":"<p align=\"center\">_______________________________________________________________________________________________<\/p>\n<p><a href=\"https:\/\/i0.wp.com\/www.cna.org.ar\/wp-content\/uploads\/2012\/03\/logo-pagina12-2008-185071.JPG\"><img data-recalc-dims=\"1\" loading=\"lazy\" decoding=\"async\" class=\"alignleft size-full wp-image-1455\" title=\"Logo-Pagina12\" src=\"https:\/\/i0.wp.com\/www.cna.org.ar\/wp-content\/uploads\/2012\/03\/logo-pagina12-2008-185071.JPG?resize=224%2C57\" alt=\"Logo-Pagina12\" width=\"224\" height=\"57\" \/><\/a> <a title=\"Ir a la secci\u00f3n Sociedad del d\u00ed\u00ada Mi\u00e9rcoles, 21 de marzo de 2012\" href=\"http:\/\/www.pagina12.com.ar\/diario\/sociedad\/index-2012-03-21.html\"><\/a><\/p>\n<p><a title=\"Ir a la secci\u00f3n Sociedad del d\u00ed\u00ada Mi\u00e9rcoles, 21 de marzo de 2012\" href=\"http:\/\/www.pagina12.com.ar\/diario\/sociedad\/index-2012-03-21.html\">Sociedad<\/a> | Mi\u00e9rcoles,  21 de marzo de 2012<\/p>\n<h1>La  eliminaci\u00f3n de la discriminaci\u00f3n racial<\/h1>\n<p>Por  Pedro Mouratian *<\/p>\n<p><span style=\"color: #ff9900;\">.<\/span><\/p>\n<p>El 21 de marzo fue declarado por las Naciones Unidas D\u00ed\u00ada Internacional de la  Eliminaci\u00f3n de la Discriminaci\u00f3n Racial, en conmemoraci\u00f3n de la resistencia del  pueblo afrosudafricano en defensa de sus derechos sociales y civiles frente a la  violencia del apartheid. En esa fecha de 1960, veinte mil personas marcharon por  las calles de Sharpeville, en Sud\u00e1frica, para manifestarse contra el racismo y  fueron brutalmente reprimidas.<\/p>\n<p><span style=\"color: #ff9900;\">.<\/span><\/p>\n<p>El apartheid, uno de los mayores ejemplos de discriminaci\u00f3n racial, fue un  r\u00e9gimen que segreg\u00f3 a los habitantes sudafricanos seg\u00fan su color de piel o  \u00e2\u20ac\u0153raza\u00e2\u20ac\u009d. La Convenci\u00f3n Internacional sobre la Eliminaci\u00f3n de todas las Formas de  Discriminaci\u00f3n Racial sostiene que toda doctrina de superioridad basada en la  diferenciaci\u00f3n racial es cient\u00ed\u00adficamente falsa, moralmente condenable y  socialmente injusta.<\/p>\n<p><span style=\"color: #ff9900;\">.<\/span><\/p>\n<p>En la actualidad, el racismo es una pr\u00e1ctica social discriminatoria que no  s\u00f3lo tiene vigencia a trav\u00e9s de la clasificaci\u00f3n en \u00e2\u20ac\u0153razas\u00e2\u20ac\u009d, ya que tambi\u00e9n se  ha ampliado a otro tipo de rasgos f\u00ed\u00adsicos y culturales, por eso puede asociarse  a otras expresiones discriminatorias como la xenofobia.<\/p>\n<p><span style=\"color: #ff9900;\">.<\/span><\/p>\n<p>El racismo es un tipo de pensamiento intolerante que desvaloriza a los  colectivos culturalmente diferentes a la cultura hegem\u00f3nica y que se manifiesta  por medio de agresiones f\u00ed\u00adsicas y verbales.<\/p>\n<p><span style=\"color: #ff9900;\">.<\/span><\/p>\n<p>Como parte de un legado de colonizaci\u00f3n y esclavitud, en el continente  americano, tanto la poblaci\u00f3n africana y afrodescendiente como las culturas  africanistas han padecido el desprestigio, el silenciamiento y la  estigmatizaci\u00f3n. Es as\u00ed\u00ad que las pr\u00e1cticas discriminatorias y racistas persisten  a\u00fan hoy, y para ser erradicadas definitivamente requieren un fuerte compromiso  local e internacional.<\/p>\n<p><span style=\"color: #ff9900;\">.<\/span><\/p>\n<p>La Conferencia Mundial de Durban en el a\u00f1o 2000 y la posterior declaraci\u00f3n de  la ONU del 2011 A\u00f1o Internacional de los Afrodescendientes configuran avances  sustanciales en el empoderamiento de los colectivos hist\u00f3ricamente  invisibilizados hacia el reconocimiento de sus derechos como ciudadanos  plenos.<\/p>\n<p><span style=\"color: #ff9900;\">.<\/span><\/p>\n<p>El Inadi trabaja a trav\u00e9s de su Programa Afrodescendientes, fomentando  pol\u00ed\u00adticas p\u00fablicas que permitan visibilizar a la comunidad afrodescendiente en  la sociedad argentina y garantizarle una plena ciudadan\u00ed\u00ada. En este sentido, el  \u00faltimo censo relev\u00f3 por primera vez la cantidad de poblaci\u00f3n afrodescendiente  que vive en Argentina.<\/p>\n<p><span style=\"color: #ff9900;\">.<\/span><\/p>\n<p>El 21 de marzo es un d\u00ed\u00ada de reflexi\u00f3n y sensibilizaci\u00f3n en pos de la  inclusi\u00f3n social, el respeto por la diversidad cultural y la igualdad para todos  y todas. En esta fecha, renovamos nuestro compromiso de trabajar contra el  racismo, por la integraci\u00f3n del colectivo afrodescendiente y por la valoraci\u00f3n  de la diversidad cultural como parte constitutiva de nuestra cultura.<\/p>\n<p><span style=\"color: #ff9900;\">.<\/span><\/p>\n<p>* Interventor del Inadi.<\/p>\n<p>___________________________________________________________________________________________________________<\/p>\n<p><a href=\"https:\/\/i0.wp.com\/www.cna.org.ar\/wp-content\/uploads\/2012\/03\/logo-pagina12-2008-185071.JPG\"><img data-recalc-dims=\"1\" loading=\"lazy\" decoding=\"async\" class=\"alignleft size-full wp-image-1455\" title=\"Logo-Pagina12\" src=\"https:\/\/i0.wp.com\/www.cna.org.ar\/wp-content\/uploads\/2012\/03\/logo-pagina12-2008-185071.JPG?resize=224%2C57\" alt=\"Logo-Pagina12\" width=\"224\" height=\"57\" \/><\/a> <a title=\"Ir a la secci\u00f3n Contratapa del d\u00ed\u00ada Mi\u00e9rcoles, 21 de marzo de 2012\" href=\"http:\/\/www.pagina12.com.ar\/diario\/contratapa\/index-2012-03-21.html\"><\/a><\/p>\n<p><a title=\"Ir a la secci\u00f3n Contratapa del d\u00ed\u00ada Mi\u00e9rcoles, 21 de marzo de 2012\" href=\"http:\/\/www.pagina12.com.ar\/diario\/contratapa\/index-2012-03-21.html\">Contratapa<\/a> | Mi\u00e9rcoles,  21 de marzo de 2012<\/p>\n<h1>Racismo  y tierra<\/h1>\n<p>Por  Osvaldo Bayer  Desde Bonn, Alemania<\/p>\n<p><span style=\"color: #ff9900;\">.<\/span><\/p>\n<p>La discusi\u00f3n ideol\u00f3gica ocupa en Alemania nuevamente un primer plano. Se  discute si prohibir o no a las organizaciones neonazis. El gobierno de Angela  Merkel, democratacristiana, muestra claramente la intenci\u00f3n de prohibir el  partido NPD, af\u00ed\u00adn a la ideolog\u00ed\u00ada del nazismo. Despu\u00e9s del asesinato de diez  turcos por los nazis, los hechos sin ninguna duda le dan la raz\u00f3n a la primera  ministra. Aunque los que est\u00e1n en contra de la prohibici\u00f3n de ese partido no  dejan de tener un razonamiento v\u00e1lido: sostienen que es mejor tenerlos  oficializados como organizaci\u00f3n pol\u00ed\u00adtica as\u00ed\u00ad puede identificarse a sus  dirigentes, saber el n\u00famero de votos que obtienen en las elecciones y poder de  esa manera seguir sus pasos. Hasta ahora es una minor\u00ed\u00ada absoluta, ya que nunca  super\u00f3 el cinco por ciento de votos, cifra necesaria para tener representantes  en los cuerpos legislativos. Pero claro, realizan manifestaciones en todas las  ciudades (vestidos de negro) y lanzan las mismas proclamas racistas y  antidemocr\u00e1ticas negando el genocidio contra los jud\u00ed\u00ados, los campos de  concentraci\u00f3n y la culpabilidad en la iniciaci\u00f3n de la guerra.<\/p>\n<p><span style=\"color: #ff9900;\">.<\/span><\/p>\n<p>Justo en este tema de los neonazis, el gobierno alem\u00e1n dirigido por Angela  Merkel est\u00e1 pasando un mal momento. Se ha anunciado con bombos y platillos la  visita a Alemania del primer ministro turco Erdogan. Se lo va a recibir con  todos los honores y hasta el ex presidente alem\u00e1n Gerhard Schroeder,  socialdem\u00f3crata, le va a ofrecer un discurso laudatorio. Esto ha causado la  inmediata reacci\u00f3n de intelectuales alemanes que se preguntan en diversas  publicaciones: \u00e2\u20ac\u0153Pero \u00c2\u00bfc\u00f3mo? Si Erdogan niega el genocidio que Turqu\u00ed\u00ada cometi\u00f3 a  principios del siglo pasado contra el pueblo armenio, cuando fueron masacrados  un mill\u00f3n y medio de hombres, mujeres y ni\u00f1os.\u00e2\u20ac\u009d<\/p>\n<p><span style=\"color: #ff9900;\">.<\/span><\/p>\n<p>\u00c2\u00bfY entonces? A los neonazis alemanes se los pone presos por negar el  genocidio del pueblo jud\u00ed\u00ado, pero se recibe con todos los honores a quien niega  un crimen masivo, de las mismas caracter\u00ed\u00adsticas, cometido por los turcos. M\u00e1s  todav\u00ed\u00ada, en los \u00faltimos tiempos han tenido lugar nuevamente manifestaciones  antiarmenias en Turqu\u00ed\u00ada. Los diarios informaron que los manifestantes otomanos  sosten\u00ed\u00adan carteles con la leyenda: \u00e2\u20ac\u0153Vosotros sois todos armenios; todos  bastardos\u00e2\u20ac\u009d. Ante estas pruebas de racismo, no hubo en Turqu\u00ed\u00ada ninguna reacci\u00f3n  judicial por racismo y odio contra los pueblos. La pregunta es: \u00c2\u00bfc\u00f3mo  reaccionar\u00ed\u00ada el gobernante Erdogan cuando en otros pa\u00ed\u00adses se realicen  manifestaciones as\u00ed\u00ad contra los musulmanes o el pueblo turco&#8230;? Esa pregunta la  hizo tal cual el diario liberal turco H\u00ed\u00bcrriyet, que tiene la posici\u00f3n de  terminar con el silencio acerca del genocidio cometido por su pueblo.<\/p>\n<p><span style=\"color: #ff9900;\">.<\/span><\/p>\n<p>En esto tambi\u00e9n hay que preguntarse cu\u00e1nto han ayudado al odio racial las  religiones que han dominado el mundo. Un tema profundo para historiadores y  soci\u00f3logos. Adem\u00e1s, vemos que los cr\u00ed\u00admenes raciales quedan en la historia del  ser humano y ser\u00e1n temas eternos que golpean en la dignidad de las pr\u00f3ximas  generaciones de los pueblos que cometieron tales cr\u00ed\u00admenes inenarrables.<\/p>\n<p><span style=\"color: #ff9900;\">.<\/span><\/p>\n<p>Un tema tambi\u00e9n de gran importancia para la paz del mundo es el de la tierra.  Tob\u00ed\u00adas Schibav ha publicado un estudio acerca del Robo de la tierra. Es decir,  c\u00f3mo en el orbe grandes empresas del Primer Mundo han comprado en los \u00faltimos  a\u00f1os miles de hect\u00e1reas de tierras en pa\u00ed\u00adses en desarrollo. Por ejemplo, el  negocio que ha llevado a cabo la empresa inglesa New Forest Company, en Uganda.  Compr\u00f3 extensiones de campo de donde de inmediato fueron desalojados miles de  peque\u00f1os campesinos. Como tambi\u00e9n productores de ma\u00ed\u00adz de treinta aldeas de Kenia  que perdieron las tierras donde viv\u00ed\u00adan, que fueron obtenidas por  multimillonarios \u00e1rabes del emirato de Qatar. Esa compra de tierras ha ido en  perjuicio total de campesinos, pastores y pescadores. Y ahora esas grandes  empresas compradoras las dedican a producir alimentos y plantas energ\u00e9ticas  exportables.<\/p>\n<p><span style=\"color: #ff9900;\">.<\/span><\/p>\n<p>En una reuni\u00f3n realizada en la FAO, organizaci\u00f3n mundial para la  alimentaci\u00f3n, con representantes de los gobiernos de varios pa\u00ed\u00adses y  organizaciones de derechos humanos, se discuti\u00f3 a fondo este tema y se lleg\u00f3 a  aprobar un documento acerca del uso de la tierra. Este documento \u00e2\u20ac\u201csin ninguna  duda\u00e2\u20ac\u201c servir\u00e1 para defender a los grupos poblacionales pobres y marginados. Esas  directivas se van a debatir el 18 de mayo pr\u00f3ximo en el Congreso de la FAO al  que concurrir\u00e1n representantes de 191 Estados. En \u00e9l se reconocer\u00e1 como  propietarios a aquellos pobladores que durante siglos han trabajado la tierra y  que son desalojados en cualquier momento porque no poseen t\u00ed\u00adtulos de propiedad  de esas tierras.<\/p>\n<p><span style=\"color: #ff9900;\">.<\/span><\/p>\n<p>Esto va a marcar algo fundamental para los pueblos originarios. Que son  desalojados principalmente por eso: porque no poseen t\u00ed\u00adtulos de propiedad en las  regiones que han habitado durante siglos, generaci\u00f3n tras generaci\u00f3n.<\/p>\n<p><span style=\"color: #ff9900;\">.<\/span><\/p>\n<p>Desde diciembre del 2001 hasta septiembre del 2011 se vendieron en el mundo  227 millones de hect\u00e1reas de tierras a inversores extranjeros.<\/p>\n<p><span style=\"color: #ff9900;\">.<\/span><\/p>\n<p>El pa\u00ed\u00ads que ha vendido m\u00e1s tierras a empresas extranjeras es el Uruguay. Ha  vendido el 26 por ciento del total de sus tierras. Luego, en ese orden, le sigue  el pa\u00ed\u00ads africano Sierra Leona, con el 15 por ciento; Australia, con el 12 por  ciento, y luego la Argentina y Egipto, con el 10 por ciento. Nuestro pa\u00ed\u00ads tiene  m\u00e1s tierra vendida al capital extranjero que, por ejemplo, la naci\u00f3n africana  del Congo, con el 6 por ciento.<\/p>\n<p><span style=\"color: #ff9900;\">.<\/span><\/p>\n<p>Si de acuerdo con las disposiciones nuevas que posiblemente se aprobar\u00e1n en  el Congreso de la FAO en mayo pr\u00f3ximo, la Justicia de esos pa\u00ed\u00adses les reconoce  la posesi\u00f3n de los campos a los pueblos originarios que fueron desalojados por  grandes empresas con el pretexto de \u00e2\u20ac\u0153no tener t\u00ed\u00adtulo de propiedad\u00e2\u20ac\u009d, se habr\u00e1  dado un gran paso hacia la Justicia verdadera, con may\u00fascula.  Hemos hablado de racismo y de tierra al que tiene m\u00e1s dinero. Dos  caracter\u00ed\u00adsticas de nuestras sociedades \u00e2\u20ac\u0153civilizadas\u00e2\u20ac\u009d que todav\u00ed\u00ada no hemos  logrado eliminar de nuestras costumbres. Falta sabidur\u00ed\u00ada. Esa sabidur\u00ed\u00ada que es  la \u00fanica capaz de eliminar la violencia en el mundo para  siempre.<\/p>\n","protected":false},"excerpt":{"rendered":"<p><img loading=\"lazy\" decoding=\"async\" class=\"alignleft size-full wp-image-1463\" title=\"Logo_ONU\" src=\"http:\/\/www.cna.org.ar\/wp-content\/uploads\/2012\/03\/onu.jpg\" alt=\"Logo_ONU\" width=\"192\" height=\"192\" \/><\/p>\n<p style=\"text-align: left;\">Hace 46 a\u00f1os las Naciones Unidas declaraban el 21 de marzo como \u00abD\u00ed\u00ada Internacional de la Eliminaci\u00f3n de la Discriminaci\u00f3n Racial\u00bb. Una fecha emblem\u00e1tica que no puede pasar desapercibida; olvidarla ser\u00ed\u00ada decretar en vano la lucha de las miles de v\u00ed\u00adctimas de la discriminaci\u00f3n y la xenofobia en todo el mundo.<\/p>\n<p style=\"text-align: left;\">Para concientizarnos de la importancia de este d\u00ed\u00ada, compartimos 2 notas\u00c2\u00a0 publicadas hoy sobre la discriminaci\u00f3n y la xenofobia.<\/p>\n","protected":false},"author":1,"featured_media":0,"comment_status":"closed","ping_status":"closed","sticky":false,"template":"","format":"standard","meta":{"site-sidebar-layout":"default","site-content-layout":"","ast-site-content-layout":"default","site-content-style":"default","site-sidebar-style":"default","ast-global-header-display":"","ast-banner-title-visibility":"","ast-main-header-display":"","ast-hfb-above-header-display":"","ast-hfb-below-header-display":"","ast-hfb-mobile-header-display":"","site-post-title":"","ast-breadcrumbs-content":"","ast-featured-img":"","footer-sml-layout":"","theme-transparent-header-meta":"","adv-header-id-meta":"","stick-header-meta":"","header-above-stick-meta":"","header-main-stick-meta":"","header-below-stick-meta":"","astra-migrate-meta-layouts":"default","ast-page-background-enabled":"default","ast-page-background-meta":{"desktop":{"background-color":"var(--ast-global-color-4)","background-image":"","background-repeat":"repeat","background-position":"center center","background-size":"auto","background-attachment":"scroll","background-type":"","background-media":"","overlay-type":"","overlay-color":"","overlay-opacity":"","overlay-gradient":""},"tablet":{"background-color":"","background-image":"","background-repeat":"repeat","background-position":"center center","background-size":"auto","background-attachment":"scroll","background-type":"","background-media":"","overlay-type":"","overlay-color":"","overlay-opacity":"","overlay-gradient":""},"mobile":{"background-color":"","background-image":"","background-repeat":"repeat","background-position":"center center","background-size":"auto","background-attachment":"scroll","background-type":"","background-media":"","overlay-type":"","overlay-color":"","overlay-opacity":"","overlay-gradient":""}},"ast-content-background-meta":{"desktop":{"background-color":"var(--ast-global-color-5)","background-image":"","background-repeat":"repeat","background-position":"center center","background-size":"auto","background-attachment":"scroll","background-type":"","background-media":"","overlay-type":"","overlay-color":"","overlay-opacity":"","overlay-gradient":""},"tablet":{"background-color":"var(--ast-global-color-5)","background-image":"","background-repeat":"repeat","background-position":"center center","background-size":"auto","background-attachment":"scroll","background-type":"","background-media":"","overlay-type":"","overlay-color":"","overlay-opacity":"","overlay-gradient":""},"mobile":{"background-color":"var(--ast-global-color-5)","background-image":"","background-repeat":"repeat","background-position":"center center","background-size":"auto","background-attachment":"scroll","background-type":"","background-media":"","overlay-type":"","overlay-color":"","overlay-opacity":"","overlay-gradient":""}},"_jetpack_memberships_contains_paid_content":false,"footnotes":""},"categories":[8],"tags":[],"class_list":["post-1447","post","type-post","status-publish","format-standard","hentry","category-prensa"],"jetpack_featured_media_url":"","jetpack_sharing_enabled":true,"_links":{"self":[{"href":"https:\/\/cna.org.ar\/index.php\/wp-json\/wp\/v2\/posts\/1447","targetHints":{"allow":["GET"]}}],"collection":[{"href":"https:\/\/cna.org.ar\/index.php\/wp-json\/wp\/v2\/posts"}],"about":[{"href":"https:\/\/cna.org.ar\/index.php\/wp-json\/wp\/v2\/types\/post"}],"author":[{"embeddable":true,"href":"https:\/\/cna.org.ar\/index.php\/wp-json\/wp\/v2\/users\/1"}],"replies":[{"embeddable":true,"href":"https:\/\/cna.org.ar\/index.php\/wp-json\/wp\/v2\/comments?post=1447"}],"version-history":[{"count":0,"href":"https:\/\/cna.org.ar\/index.php\/wp-json\/wp\/v2\/posts\/1447\/revisions"}],"wp:attachment":[{"href":"https:\/\/cna.org.ar\/index.php\/wp-json\/wp\/v2\/media?parent=1447"}],"wp:term":[{"taxonomy":"category","embeddable":true,"href":"https:\/\/cna.org.ar\/index.php\/wp-json\/wp\/v2\/categories?post=1447"},{"taxonomy":"post_tag","embeddable":true,"href":"https:\/\/cna.org.ar\/index.php\/wp-json\/wp\/v2\/tags?post=1447"}],"curies":[{"name":"wp","href":"https:\/\/api.w.org\/{rel}","templated":true}]}}