{"id":1510,"date":"2012-05-17T19:49:31","date_gmt":"2012-05-17T22:49:31","guid":{"rendered":"http:\/\/www.cna.org.ar\/?p=1510"},"modified":"2012-05-17T19:49:31","modified_gmt":"2012-05-17T22:49:31","slug":"osvaldo-bayer-raul-zaffaroni-y-khatchik-derghougassian-presentaron-un-proceso-historico-un-valioso-testimonio-acerca-del-genocidio-de-los-armenios-y-el-castigo-a-los-responsables-3","status":"publish","type":"post","link":"https:\/\/cna.org.ar\/index.php\/2012\/05\/17\/osvaldo-bayer-raul-zaffaroni-y-khatchik-derghougassian-presentaron-un-proceso-historico-un-valioso-testimonio-acerca-del-genocidio-de-los-armenios-y-el-castigo-a-los-responsables-3\/","title":{"rendered":"Osvaldo Bayer, Ra\u00fal Zaffaroni y Khatchik Derghougassian presentaron \u201cUn proceso hist\u00f3rico\u201d, un valioso testimonio acerca del genocidio de los armenios y el castigo a los responsables"},"content":{"rendered":"<p style=\"text-align: justify;\"><a href=\"https:\/\/i0.wp.com\/www.cna.org.ar\/wp-content\/uploads\/2012\/05\/De-izq.-a-der.-Eugenio-Ra%C3%BAl-Zaffaroni-Khatchik-Dergoughassian-Osvaldo-Bayer.2.jpg\"><img data-recalc-dims=\"1\" loading=\"lazy\" decoding=\"async\" class=\"alignright\" title=\"De izq. a der. Eugenio Ra\u00fal Zaffaroni, Khatchik Dergoughassian, Osvaldo Bayer.\" alt=\"\" src=\"https:\/\/i0.wp.com\/www.cna.org.ar\/wp-content\/uploads\/2012\/05\/De-izq.-a-der.-Eugenio-Ra%C3%BAl-Zaffaroni-Khatchik-Dergoughassian-Osvaldo-Bayer.2-300x200.jpg?resize=300%2C200\" width=\"300\" height=\"200\" \/><\/a>Con el auspicio del Consejo Nacional Armenio (CNA) de Sudam\u00e9rica, Osvaldo Bayer, Ra\u00fal Zaffaroni y Khatchik Derghougassian presentaron el domingo 22 de abril en la 38\u00b0 Feria del Libro de Buenos Aires, el libro \u201cUn proceso Hist\u00f3rico\u201d, un valioso testimonio acerca del Genocidio de los armenios y el castigo a los responsables, publicado por la Editorial Ediar<\/p>\n<p style=\"text-align: justify;\">La publicaci\u00f3n, con un estudio preliminar de cuatro destacados jueces, encabezados por un Ministro de la Corte Suprema, describe el juicio realizado en Berl\u00edn en 1921, a Soghomon Tehlirian, un sobreviviente del Genocidio contra los armenios y que fuera absuelto luego de ajusticiar en esa ciudad a Talaat Pasha, Ministro del Interior del Imperio Otomano y uno de los m\u00e1ximos responsables del genocidio.<\/p>\n<div style=\"float: left; margin-right: 14px;\"><iframe loading=\"lazy\" src=\"http:\/\/www.youtube.com\/embed\/mRnNb-FZeXw?feature=player_embedded\" height=\"180\" width=\"320\" allowfullscreen=\"\" frameborder=\"0\"><\/iframe><\/p>\n<p style=\"text-align: justify;\">\n<\/div>\n<p style=\"text-align: justify;\">El Dr. Khatchig Derghougassian, presidente del CNA de Sudam\u00e9rica abri\u00f3 el acto, mencionando que la conclusi\u00f3n del pensamiento armenio hab\u00eda sido manifestar que\u00a0 hab\u00eda faltado un juicio internacional como el de Nuremberg para condenar al estado responsable. Record\u00f3 que la Naci\u00f3n Armenia todav\u00eda es v\u00edctima del Genocidio perpetrado entre 1915 y 1923 por Turqu\u00eda, que sigue impune y que una de las tareas principales del CNA es enfrentar el negacionismo.<\/p>\n<div style=\"float: left; margin-right: 14px;\"><iframe loading=\"lazy\" src=\"http:\/\/www.youtube.com\/embed\/toNkutpeoP4?feature=player_detailpage\" height=\"180\" width=\"320\" allowfullscreen=\"\" frameborder=\"0\"><\/iframe><\/div>\n<p>A continuaci\u00f3n, el escritor Osvaldo Bayer en su discurso calific\u00f3 como admirable la lucha del pueblo armenio.\u00a0<em>\u2026\u201cLos turcos lo niegan, como negaron los nazis el genocidio de los jud\u00edos. El testimonio presentado en el libro muestra el coraje de la justicia alemana de 1921, absolviendo a Soghom\u00f3n Tehlirian.\u201d<\/em> Bayer tambi\u00e9n dijo que hubo casos similares en la Argentina, lo que vuelve interesante los argumentos presentados, como es el caso del ajusticiamiento del coronel Ram\u00f3n Lorenzo Falcon, por Sim\u00f3n Radowisky pocos meses despu\u00e9s de que dicho coronel dirigiera una brutal represi\u00f3n contra una manifestaci\u00f3n obrera el\u00a01\u00ba de mayo de 1909. La justicia argentina\u00a0lo conden\u00f3 a prisi\u00f3n por tiempo indeterminado, cumpliendo una condena de 21 a\u00f1os.<\/p>\n<p style=\"text-align: justify;\"><span style=\"color: #ff6600;\"><span style=\"color: #555555;\">Por su parte el Dr. Ra\u00fal Zaffaroni, Ministro de la Corte Suprema de la Naci\u00f3n expres\u00f3 que el momento mundial era propicio para la lectura de este testimonio, que este caso pod\u00eda ser comparado con el ajusticiamiento de Benito Mussolini, cuyo juicio fue cerrado tard\u00edamente por un fiscal bajo el\u00a0<\/span><\/span>argumento de que su muerte fue \u201c un acto de guerra\u201d. Zaffaroni afirm\u00f3 que el derecho se muestra impotente para condenar a un justiciero, cuando previamente no se ha juzgado a los culpables de los genocidios. Por eso es necesario llevar a los responsables ante los estrados judiciales, si se quiere evitar acciones de estas caracter\u00edsticas y que la justicia recupere la \u00e9tica.<\/p>\n<div style=\"float: left; margin-right: 14px;\"><iframe loading=\"lazy\" src=\"http:\/\/www.youtube.com\/embed\/_YTJqbLrZv8?feature=player_detailpage\" height=\"180\" width=\"320\" allowfullscreen=\"\" frameborder=\"0\"><\/iframe><\/div>\n<p style=\"text-align: justify;\"><em>\u201cLa verdadera raz\u00f3n, la verdadera ense\u00f1anza que deja este proceso es que cuando hay impunidad el derecho no tiene fuerza \u00e9tica para condenar al ejecutor de un genocidio\u201d sentenci\u00f3 Zaffaroni.<\/em><\/p>\n<p style=\"text-align: justify;\"><span style=\"color: #ff6600;\">\u00a0<\/span>Tambi\u00e9n se escuch\u00f3 el mensaje del Juez Carlos Rozanski, quien cit\u00f3 la frase <em>\u201c\u00bfQui\u00e9n habla todav\u00eda del exterminio de los armenios?<\/em> pronunciada por Hitler en agosto de 1939 en una reuni\u00f3n con sus supremos comandantes y generales antes de la invasi\u00f3n a Polonia. Y agreg\u00f3 que la impunidad de Turqu\u00eda abri\u00f3 la posibilidad del exterminio masivo de jud\u00edos y otros grupos vulnerables.<\/p>\n<p style=\"text-align: justify;\">El Dr. Daniel Rafecas, plante\u00f3 que las actas publicadas eran una prueba del grave d\u00e9ficit de justicia y en un pasaje de su escrito destac\u00f3\u00a0<em>\u201cTehlirian, que en cuerpo y alma padeci\u00f3\u00a0 hasta los m\u00e1s hondo la vivencia del Genocidio de su pueblo, calibr\u00f3 en su exacta medida lo que significaba, hacia el futuro, consagrar la victoria de la impunidad frente a la magnitud del crimen cometido\u201d.\u00a0<\/em><\/p>\n","protected":false},"excerpt":{"rendered":"<p>.<\/p>\n","protected":false},"author":1,"featured_media":2686,"comment_status":"closed","ping_status":"closed","sticky":false,"template":"","format":"standard","meta":{"site-sidebar-layout":"default","site-content-layout":"","ast-site-content-layout":"default","site-content-style":"default","site-sidebar-style":"default","ast-global-header-display":"","ast-banner-title-visibility":"","ast-main-header-display":"","ast-hfb-above-header-display":"","ast-hfb-below-header-display":"","ast-hfb-mobile-header-display":"","site-post-title":"","ast-breadcrumbs-content":"","ast-featured-img":"","footer-sml-layout":"","theme-transparent-header-meta":"","adv-header-id-meta":"","stick-header-meta":"","header-above-stick-meta":"","header-main-stick-meta":"","header-below-stick-meta":"","astra-migrate-meta-layouts":"default","ast-page-background-enabled":"default","ast-page-background-meta":{"desktop":{"background-color":"var(--ast-global-color-4)","background-image":"","background-repeat":"repeat","background-position":"center center","background-size":"auto","background-attachment":"scroll","background-type":"","background-media":"","overlay-type":"","overlay-color":"","overlay-opacity":"","overlay-gradient":""},"tablet":{"background-color":"","background-image":"","background-repeat":"repeat","background-position":"center center","background-size":"auto","background-attachment":"scroll","background-type":"","background-media":"","overlay-type":"","overlay-color":"","overlay-opacity":"","overlay-gradient":""},"mobile":{"background-color":"","background-image":"","background-repeat":"repeat","background-position":"center center","background-size":"auto","background-attachment":"scroll","background-type":"","background-media":"","overlay-type":"","overlay-color":"","overlay-opacity":"","overlay-gradient":""}},"ast-content-background-meta":{"desktop":{"background-color":"var(--ast-global-color-5)","background-image":"","background-repeat":"repeat","background-position":"center center","background-size":"auto","background-attachment":"scroll","background-type":"","background-media":"","overlay-type":"","overlay-color":"","overlay-opacity":"","overlay-gradient":""},"tablet":{"background-color":"var(--ast-global-color-5)","background-image":"","background-repeat":"repeat","background-position":"center center","background-size":"auto","background-attachment":"scroll","background-type":"","background-media":"","overlay-type":"","overlay-color":"","overlay-opacity":"","overlay-gradient":""},"mobile":{"background-color":"var(--ast-global-color-5)","background-image":"","background-repeat":"repeat","background-position":"center center","background-size":"auto","background-attachment":"scroll","background-type":"","background-media":"","overlay-type":"","overlay-color":"","overlay-opacity":"","overlay-gradient":""}},"_jetpack_memberships_contains_paid_content":false,"footnotes":""},"categories":[3,31],"tags":[24,16,25,26,34,17,18,28,11,42,22,23,43],"class_list":["post-1510","post","type-post","status-publish","format-standard","has-post-thumbnail","hentry","category-actividades","category-material-editado-por-el-consejo-nacional-armenio","tag-argentina","tag-armenia-2","tag-armenios","tag-bayer","tag-causa-armenia","tag-ddhh","tag-derechos-humanos","tag-genocidio","tag-genocidio-armenio","tag-tehlirian","tag-turkey","tag-turquia","tag-zaffaroni"],"jetpack_featured_media_url":"","jetpack_sharing_enabled":true,"_links":{"self":[{"href":"https:\/\/cna.org.ar\/index.php\/wp-json\/wp\/v2\/posts\/1510","targetHints":{"allow":["GET"]}}],"collection":[{"href":"https:\/\/cna.org.ar\/index.php\/wp-json\/wp\/v2\/posts"}],"about":[{"href":"https:\/\/cna.org.ar\/index.php\/wp-json\/wp\/v2\/types\/post"}],"author":[{"embeddable":true,"href":"https:\/\/cna.org.ar\/index.php\/wp-json\/wp\/v2\/users\/1"}],"replies":[{"embeddable":true,"href":"https:\/\/cna.org.ar\/index.php\/wp-json\/wp\/v2\/comments?post=1510"}],"version-history":[{"count":0,"href":"https:\/\/cna.org.ar\/index.php\/wp-json\/wp\/v2\/posts\/1510\/revisions"}],"wp:featuredmedia":[{"embeddable":true,"href":"https:\/\/cna.org.ar\/index.php\/wp-json\/"}],"wp:attachment":[{"href":"https:\/\/cna.org.ar\/index.php\/wp-json\/wp\/v2\/media?parent=1510"}],"wp:term":[{"taxonomy":"category","embeddable":true,"href":"https:\/\/cna.org.ar\/index.php\/wp-json\/wp\/v2\/categories?post=1510"},{"taxonomy":"post_tag","embeddable":true,"href":"https:\/\/cna.org.ar\/index.php\/wp-json\/wp\/v2\/tags?post=1510"}],"curies":[{"name":"wp","href":"https:\/\/api.w.org\/{rel}","templated":true}]}}