{"id":2331,"date":"2013-05-10T16:17:37","date_gmt":"2013-05-10T19:17:37","guid":{"rendered":"http:\/\/www.cna.org.ar\/?p=2331"},"modified":"2015-07-08T15:31:47","modified_gmt":"2015-07-08T15:31:47","slug":"contenidos-sobre-genocidio-armenio-en-educ-ar","status":"publish","type":"post","link":"https:\/\/cna.org.ar\/index.php\/2013\/05\/10\/contenidos-sobre-genocidio-armenio-en-educ-ar\/","title":{"rendered":"Contenidos sobre Genocidio Armenio en Educ.ar"},"content":{"rendered":"<p><a href=\"https:\/\/i0.wp.com\/www.cna.org.ar\/wp-content\/uploads\/2013\/05\/educ-ar.jpg\"><img data-recalc-dims=\"1\" loading=\"lazy\" decoding=\"async\" class=\"aligncenter size-full wp-image-2332\" src=\"https:\/\/i0.wp.com\/www.cna.org.ar\/wp-content\/uploads\/2013\/05\/educ-ar.jpg?resize=296%2C170\" alt=\"educ-ar\" width=\"296\" height=\"170\" \/><\/a><\/p>\n<p>El Consejo Nacional Armenio de Sudam\u00e9rica, con la colaboraci\u00f3n del Programa Educaci\u00f3n y Memoria de la Subsecretar\u00eda de Equidad y Calidad Educativa del Ministerio de Educaci\u00f3n de la Naci\u00f3n, elabor\u00f3 un material que propone acompa\u00f1ar la ense\u00f1anza del Genocidio Armenio y que brinda elementos para pensar, debatir y problematizar temas vinculados a la transmisi\u00f3n del genocidio en tanto acontecimiento hist\u00f3rico.<\/p>\n<p>Si bien el material fue pensado inicialmente para trabajar el \u201cD\u00eda de acci\u00f3n por la tolerancia y el respeto entre los pueblos en conmemoraci\u00f3n del genocidio sufrido por el genocidio armenio\u201d (Ley Nacional N\u00b0 26.199), se puede utilizar en cualquier momento del a\u00f1o para profundizar la tem\u00e1tica.<\/p>\n<p>Para acceder a \u00e9ste y a otros contenidos vinculados al Genocidio Armenio en el portal del Ministerio de Educaci\u00f3n de la Naci\u00f3n hacer click <a href=\"http:\/\/www.educ.ar\/recursos\/ver?rec_id=103461\" target=\"_blank\">aqu\u00ed<\/a>.<\/p>\n","protected":false},"excerpt":{"rendered":"<p>El Consejo Nacional Armenio de Sudam\u00e9rica, con la colaboraci\u00f3n del Programa Educaci\u00f3n y Memoria de la Subsecretar\u00eda de Equidad y Calidad Educativa del Ministerio de Educaci\u00f3n de la Naci\u00f3n, elabor\u00f3 un material que propone acompa\u00f1ar la ense\u00f1anza del Genocidio Armenio y que brinda elementos para pensar, debatir y problematizar temas vinculados a la transmisi\u00f3n del [&hellip;]<\/p>\n","protected":false},"author":1,"featured_media":3799,"comment_status":"closed","ping_status":"closed","sticky":false,"template":"","format":"standard","meta":{"site-sidebar-layout":"default","site-content-layout":"","ast-site-content-layout":"default","site-content-style":"default","site-sidebar-style":"default","ast-global-header-display":"","ast-banner-title-visibility":"","ast-main-header-display":"","ast-hfb-above-header-display":"","ast-hfb-below-header-display":"","ast-hfb-mobile-header-display":"","site-post-title":"","ast-breadcrumbs-content":"","ast-featured-img":"","footer-sml-layout":"","theme-transparent-header-meta":"","adv-header-id-meta":"","stick-header-meta":"","header-above-stick-meta":"","header-main-stick-meta":"","header-below-stick-meta":"","astra-migrate-meta-layouts":"default","ast-page-background-enabled":"default","ast-page-background-meta":{"desktop":{"background-color":"var(--ast-global-color-4)","background-image":"","background-repeat":"repeat","background-position":"center center","background-size":"auto","background-attachment":"scroll","background-type":"","background-media":"","overlay-type":"","overlay-color":"","overlay-opacity":"","overlay-gradient":""},"tablet":{"background-color":"","background-image":"","background-repeat":"repeat","background-position":"center center","background-size":"auto","background-attachment":"scroll","background-type":"","background-media":"","overlay-type":"","overlay-color":"","overlay-opacity":"","overlay-gradient":""},"mobile":{"background-color":"","background-image":"","background-repeat":"repeat","background-position":"center center","background-size":"auto","background-attachment":"scroll","background-type":"","background-media":"","overlay-type":"","overlay-color":"","overlay-opacity":"","overlay-gradient":""}},"ast-content-background-meta":{"desktop":{"background-color":"var(--ast-global-color-5)","background-image":"","background-repeat":"repeat","background-position":"center center","background-size":"auto","background-attachment":"scroll","background-type":"","background-media":"","overlay-type":"","overlay-color":"","overlay-opacity":"","overlay-gradient":""},"tablet":{"background-color":"var(--ast-global-color-5)","background-image":"","background-repeat":"repeat","background-position":"center center","background-size":"auto","background-attachment":"scroll","background-type":"","background-media":"","overlay-type":"","overlay-color":"","overlay-opacity":"","overlay-gradient":""},"mobile":{"background-color":"var(--ast-global-color-5)","background-image":"","background-repeat":"repeat","background-position":"center center","background-size":"auto","background-attachment":"scroll","background-type":"","background-media":"","overlay-type":"","overlay-color":"","overlay-opacity":"","overlay-gradient":""}},"_jetpack_memberships_contains_paid_content":false,"footnotes":""},"categories":[33,38,60],"tags":[24,16,25,34,17,18,36,28,11,56,22,23],"class_list":["post-2331","post","type-post","status-publish","format-standard","has-post-thumbnail","hentry","category-acteduc","category-areaeduc","category-receduc","tag-argentina","tag-armenia-2","tag-armenios","tag-causa-armenia","tag-ddhh","tag-derechos-humanos","tag-educacion-2","tag-genocidio","tag-genocidio-armenio","tag-sileoni","tag-turkey","tag-turquia"],"jetpack_featured_media_url":"https:\/\/i0.wp.com\/cna.org.ar\/wp-content\/uploads\/2013\/05\/educ-ar4.jpg?fit=995%2C573&ssl=1","jetpack_sharing_enabled":true,"_links":{"self":[{"href":"https:\/\/cna.org.ar\/index.php\/wp-json\/wp\/v2\/posts\/2331","targetHints":{"allow":["GET"]}}],"collection":[{"href":"https:\/\/cna.org.ar\/index.php\/wp-json\/wp\/v2\/posts"}],"about":[{"href":"https:\/\/cna.org.ar\/index.php\/wp-json\/wp\/v2\/types\/post"}],"author":[{"embeddable":true,"href":"https:\/\/cna.org.ar\/index.php\/wp-json\/wp\/v2\/users\/1"}],"replies":[{"embeddable":true,"href":"https:\/\/cna.org.ar\/index.php\/wp-json\/wp\/v2\/comments?post=2331"}],"version-history":[{"count":3,"href":"https:\/\/cna.org.ar\/index.php\/wp-json\/wp\/v2\/posts\/2331\/revisions"}],"predecessor-version":[{"id":3803,"href":"https:\/\/cna.org.ar\/index.php\/wp-json\/wp\/v2\/posts\/2331\/revisions\/3803"}],"wp:featuredmedia":[{"embeddable":true,"href":"https:\/\/cna.org.ar\/index.php\/wp-json\/wp\/v2\/media\/3799"}],"wp:attachment":[{"href":"https:\/\/cna.org.ar\/index.php\/wp-json\/wp\/v2\/media?parent=2331"}],"wp:term":[{"taxonomy":"category","embeddable":true,"href":"https:\/\/cna.org.ar\/index.php\/wp-json\/wp\/v2\/categories?post=2331"},{"taxonomy":"post_tag","embeddable":true,"href":"https:\/\/cna.org.ar\/index.php\/wp-json\/wp\/v2\/tags?post=2331"}],"curies":[{"name":"wp","href":"https:\/\/api.w.org\/{rel}","templated":true}]}}