{"id":2432,"date":"2013-05-22T16:29:52","date_gmt":"2013-05-22T19:29:52","guid":{"rendered":"http:\/\/www.cna.org.ar\/?p=2432"},"modified":"2013-05-22T16:29:52","modified_gmt":"2013-05-22T19:29:52","slug":"2432","status":"publish","type":"post","link":"https:\/\/cna.org.ar\/index.php\/2013\/05\/22\/2432\/","title":{"rendered":"El Genocidio armenio se incorporar\u00e1 a la curr\u00edcula de las escuelas municipales de la ciudad de C\u00f3rdoba"},"content":{"rendered":"<p><a href=\"https:\/\/i0.wp.com\/www.cna.org.ar\/wp-content\/uploads\/2013\/05\/cordoba.jpg\"><img data-recalc-dims=\"1\" loading=\"lazy\" decoding=\"async\" class=\"alignleft size-medium wp-image-2433\" alt=\"cordoba\" src=\"https:\/\/i0.wp.com\/www.cna.org.ar\/wp-content\/uploads\/2013\/05\/cordoba-300x197.jpg?resize=300%2C197\" width=\"300\" height=\"197\" \/><\/a>El Concejo Deliberante de la ciudad de C\u00f3rdoba en su d\u00e9cima sesi\u00f3n del per\u00edodo ordinario 2013 aprob\u00f3 por unanimidad la adhesi\u00f3n a la Ley Provincial 9585 &#8211; 24 de Abril \u201cD\u00eda de Conmemoraci\u00f3n, Genocidio contra el Pueblo Armenio\u201d, incorpor\u00e1ndose a la curr\u00edcula escolar. Asimismo vale recordar que desde hace ya cuatro a\u00f1os, en las escuelas secundarias provinciales se incluy\u00f3 el Genocidio Armenio y el Holocausto en la curr\u00edcula, tras un convenio entre el Ministerio de Educaci\u00f3n de C\u00f3rdoba y las delegaciones locales del Consejo Nacional Armenio, la Delegaci\u00f3n de Asociaciones Israelitas Argentinas y el Inadi (Instituto contra la Discriminaci\u00f3n, la Xenofobia y el Racismo).<\/p>\n<p>En esta ocasi\u00f3n el Concejo recibi\u00f3 a Vahakn Melikian, Embajador de Armenia en Argentina, quien visit\u00f3 por primera vez nuestra ciudad, acompa\u00f1ado por: Eduardo Guedikian , Presidente de la colectividad armenia de C\u00f3rdoba, Lucas Koussikian , Director del Consejo Nacional Armenio en C\u00f3rdoba. Por otra parte, asistieron Agust\u00edn Analian, Secretario del Consejo Nacional Armenio en C\u00f3rdoba, Adriana Dom\u00ednguez, delegada de Inadi C\u00f3rdoba, Ana Glaser, Presidenta de DAIA Filial C\u00f3rdoba, el periodista Mariano Saravia, y miembros de la comunidad armenia.<\/p>\n<p>A lo largo de la sesi\u00f3n hicieron uso de la palabra los siguientes concejales:<\/p>\n<p>Guillermo Far\u00edas (Bloque UCR) fundament\u00f3: <em>\u201cCon total aceptaci\u00f3n vamos a acompa\u00f1ar el proyecto del Departamento Ejecutivo, por el cual adherimos a la ley provincial 9585, por la cual se reconoce el genocidio armenio, que ocasion\u00f3 la desaparici\u00f3n de un mill\u00f3n y medio de armenios. Argentina le abri\u00f3 la puerta a todas las familias armenias, un pueblo honesto, de esforzados trabajadores que supieron continuar con sus costumbres y cultura y formar un lazo de hermandad con este pueblo argentino muy grande\u201d<\/em>.<\/p>\n<p>El concejal Vera Barros (Bloque Eva Duarte) al adherir al proyecto, asegur\u00f3: <em>\u201cEn nombre de mi bloque hablaremos de esta enorme lesi\u00f3n que sufri\u00f3 la comunidad armenia, que se inici\u00f3 un 24 de abril de 1915. Cada inmigrante llev\u00f3 consigo solamente su cultura como \u00fanico equipaje; como consecuencia de este genocidio sufrieron la deportaci\u00f3n masiva hacia el desierto, a algunos se les dio solo dos d\u00edas para abandonar sus hogares y a otros se los fusil\u00f3\u201d<\/em>.<\/p>\n<p>El concejal Lobo a\u00f1adi\u00f3: <em>\u201cReiteramos nuestro voto afirmativo, nuestro partido tiene muchos armenios en sus filas, y adherimos en su totalidad al proyecto que pretende ense\u00f1ar lo que sucedi\u00f3 en esa parte del mundo\u201d<\/em>.<\/p>\n<p>Esteban D\u00f3mina (Bloque FC) finaliz\u00f3: <em>\u201cEl evento que estamos evocando fue la primera gran carnicer\u00eda del siglo XX, una matanza masiva que debemos recordar. Ahora con este proyecto nuestros ni\u00f1os van a acceder en historia a conocer esta matanza pero tambi\u00e9n conocer\u00e1n el origen y significado de esta palabra genocidio, que no debe servir para sembrar odio sino para contribuir al reconocimiento de la lucha del pueblo armenio\u201d<\/em>.<\/p>\n<p>Luego de la aprobaci\u00f3n de la ordenanza el Sr. Vice Intendente Marcelo Cossar invito al Sr. Embajador de la Rep\u00fablica de Armenia en Argentina Vahakn Melikian, al Presidente de la Colectividad Armenia en C\u00f3rdoba Lic. Eduardo Guedikian y al Director del Consejo Nacional Armenio de C\u00f3rdoba Lucas Koussikian para entregarles una copia de la respectiva ordenanza. Acto seguido el Director del CNA local se dirigi\u00f3 al p\u00fablico presente para agradecer en nombre del Consejo Nacional Armenio de Sudam\u00e9rica la reciente aprobaci\u00f3n de tan importante ordenanza que abre el camino a nuevos trabajos y objetivos en momentos en los cuales Turqu\u00eda refuerza y afirma su pol\u00edtica negacionista del Genocidio contra los armenios. A su vez agradeci\u00f3 el apoyo que siempre ha brindado la ciudad de C\u00f3rdoba y la Argentina para albergar a las familias armenias que se vieron obligados a dejar sus tierras como consecuencia del Primer Genocidio del Siglo XX perpetuado por el Estado turco entre 1915 y 1923 y que abri\u00f3 las puertas a un siglo marcada por los genocidios que hasta la fecha se siguen cometiendo en otras partes del mundo.<\/p>\n<p>Para finalizar el Sr. Embajador Melikian se dirigi\u00f3 al Cuerpo diciendo: <em>\u201cAgradezco el reconocimiento y que este tema se incorpore a la curr\u00edcula escolar. Hoy es un d\u00eda importante e hist\u00f3rico para toda la comunidad armenia de C\u00f3rdoba, anexamos una hoja m\u00e1s al libro de la historia del reconocimiento del genocidio. En nombre de la Rep\u00fablica de Armenia agradezco al intendente y vice intendente, al Concejo Deliberante y a todos los que han participado de la aprobaci\u00f3n de esta ordenanza. El genocidio ha sido un hecho de lesa humanidad para el pueblo armenio y el mundo, y estos sucesos si no se reconocen pueden seguir ocurriendo, y nosotros como pueblo seguiremos luchando para que no se repita pero lamentablemente seguimos sufriendo la persecuci\u00f3n de Turqu\u00eda. Si hoy impartimos estos conocimientos contribuimos para continuar con nuestro reclamo de justicia\u201d<\/em>.<\/p>\n<p>De esta forma el CNA de C\u00f3rdoba concluy\u00f3 con uno de los objetivos y tareas proyectadas para este 2013. Es el momento de poner en funcionamiento la ense\u00f1anza del Genocidio contra los armenios en los establecimientos educativos de la ciudad de C\u00f3rdoba. Para lo cual el CNA local ya est\u00e1 a plena disposici\u00f3n y organizando los pasos a seguir para materializar y alcanzar el objetivo de la reciente ordenanza aprobada.<\/p>\n<p><strong>Consejo Nacional Armenio de C\u00f3rdoba<\/strong><\/p>\n","protected":false},"excerpt":{"rendered":"<p>El Concejo Deliberante de la ciudad de C\u00f3rdoba en su d\u00e9cima sesi\u00f3n del per\u00edodo ordinario 2013 aprob\u00f3 por unanimidad la adhesi\u00f3n a la Ley Provincial 9585 &#8211; 24 de Abril \u201cD\u00eda de Conmemoraci\u00f3n, Genocidio contra el Pueblo Armenio\u201d, incorpor\u00e1ndose a la curr\u00edcula escolar. Asimismo vale recordar que desde hace ya cuatro a\u00f1os, en las escuelas [&hellip;]<\/p>\n","protected":false},"author":1,"featured_media":2433,"comment_status":"closed","ping_status":"closed","sticky":false,"template":"","format":"standard","meta":{"site-sidebar-layout":"default","site-content-layout":"","ast-site-content-layout":"default","site-content-style":"default","site-sidebar-style":"default","ast-global-header-display":"","ast-banner-title-visibility":"","ast-main-header-display":"","ast-hfb-above-header-display":"","ast-hfb-below-header-display":"","ast-hfb-mobile-header-display":"","site-post-title":"","ast-breadcrumbs-content":"","ast-featured-img":"","footer-sml-layout":"","theme-transparent-header-meta":"","adv-header-id-meta":"","stick-header-meta":"","header-above-stick-meta":"","header-main-stick-meta":"","header-below-stick-meta":"","astra-migrate-meta-layouts":"default","ast-page-background-enabled":"default","ast-page-background-meta":{"desktop":{"background-color":"var(--ast-global-color-4)","background-image":"","background-repeat":"repeat","background-position":"center center","background-size":"auto","background-attachment":"scroll","background-type":"","background-media":"","overlay-type":"","overlay-color":"","overlay-opacity":"","overlay-gradient":""},"tablet":{"background-color":"","background-image":"","background-repeat":"repeat","background-position":"center center","background-size":"auto","background-attachment":"scroll","background-type":"","background-media":"","overlay-type":"","overlay-color":"","overlay-opacity":"","overlay-gradient":""},"mobile":{"background-color":"","background-image":"","background-repeat":"repeat","background-position":"center center","background-size":"auto","background-attachment":"scroll","background-type":"","background-media":"","overlay-type":"","overlay-color":"","overlay-opacity":"","overlay-gradient":""}},"ast-content-background-meta":{"desktop":{"background-color":"var(--ast-global-color-5)","background-image":"","background-repeat":"repeat","background-position":"center center","background-size":"auto","background-attachment":"scroll","background-type":"","background-media":"","overlay-type":"","overlay-color":"","overlay-opacity":"","overlay-gradient":""},"tablet":{"background-color":"var(--ast-global-color-5)","background-image":"","background-repeat":"repeat","background-position":"center center","background-size":"auto","background-attachment":"scroll","background-type":"","background-media":"","overlay-type":"","overlay-color":"","overlay-opacity":"","overlay-gradient":""},"mobile":{"background-color":"var(--ast-global-color-5)","background-image":"","background-repeat":"repeat","background-position":"center center","background-size":"auto","background-attachment":"scroll","background-type":"","background-media":"","overlay-type":"","overlay-color":"","overlay-opacity":"","overlay-gradient":""}},"_jetpack_memberships_contains_paid_content":false,"footnotes":""},"categories":[3,10],"tags":[24,16,25,34,64,17,18,36,28,11,22,23],"class_list":["post-2432","post","type-post","status-publish","format-standard","has-post-thumbnail","hentry","category-actividades","category-genocidio-armenio-2","tag-argentina","tag-armenia-2","tag-armenios","tag-causa-armenia","tag-cordoba","tag-ddhh","tag-derechos-humanos","tag-educacion-2","tag-genocidio","tag-genocidio-armenio","tag-turkey","tag-turquia"],"jetpack_featured_media_url":"","jetpack_sharing_enabled":true,"_links":{"self":[{"href":"https:\/\/cna.org.ar\/index.php\/wp-json\/wp\/v2\/posts\/2432","targetHints":{"allow":["GET"]}}],"collection":[{"href":"https:\/\/cna.org.ar\/index.php\/wp-json\/wp\/v2\/posts"}],"about":[{"href":"https:\/\/cna.org.ar\/index.php\/wp-json\/wp\/v2\/types\/post"}],"author":[{"embeddable":true,"href":"https:\/\/cna.org.ar\/index.php\/wp-json\/wp\/v2\/users\/1"}],"replies":[{"embeddable":true,"href":"https:\/\/cna.org.ar\/index.php\/wp-json\/wp\/v2\/comments?post=2432"}],"version-history":[{"count":0,"href":"https:\/\/cna.org.ar\/index.php\/wp-json\/wp\/v2\/posts\/2432\/revisions"}],"wp:featuredmedia":[{"embeddable":true,"href":"https:\/\/cna.org.ar\/index.php\/wp-json\/"}],"wp:attachment":[{"href":"https:\/\/cna.org.ar\/index.php\/wp-json\/wp\/v2\/media?parent=2432"}],"wp:term":[{"taxonomy":"category","embeddable":true,"href":"https:\/\/cna.org.ar\/index.php\/wp-json\/wp\/v2\/categories?post=2432"},{"taxonomy":"post_tag","embeddable":true,"href":"https:\/\/cna.org.ar\/index.php\/wp-json\/wp\/v2\/tags?post=2432"}],"curies":[{"name":"wp","href":"https:\/\/api.w.org\/{rel}","templated":true}]}}