{"id":2635,"date":"2013-06-24T18:23:47","date_gmt":"2013-06-24T21:23:47","guid":{"rendered":"http:\/\/www.cna.org.ar\/?p=2635"},"modified":"2013-06-24T18:23:47","modified_gmt":"2013-06-24T21:23:47","slug":"la-importancia-de-la-distincion-hrant-dink-al-periodismo-argentino-nota-publicada-en-el-diario-armenia","status":"publish","type":"post","link":"https:\/\/cna.org.ar\/index.php\/2013\/06\/24\/la-importancia-de-la-distincion-hrant-dink-al-periodismo-argentino-nota-publicada-en-el-diario-armenia\/","title":{"rendered":"\u00abLa importancia de la distinci\u00f3n Hrant Dink al periodismo argentino\u00bb- Nota publicada en el Diario ARMENIA"},"content":{"rendered":"<h6 align=\"justify\"><a href=\"https:\/\/i0.wp.com\/www.cna.org.ar\/wp-content\/uploads\/2013\/06\/flyerdink2013.jpg\"><img data-recalc-dims=\"1\" loading=\"lazy\" decoding=\"async\" class=\"alignleft size-medium wp-image-2614\" alt=\"flyerdink2013\" src=\"https:\/\/i0.wp.com\/www.cna.org.ar\/wp-content\/uploads\/2013\/06\/flyerdink2013-279x300.jpg?resize=279%2C300\" width=\"279\" height=\"300\" \/><\/a><\/h6>\n<h6 align=\"justify\">Compartimos la nota publicada en el <a href=\"http:\/\/www.diarioarmenia.org.ar\/\" target=\"_blank\">Diario ARMENIA<\/a><\/h6>\n<div align=\"justify\"><\/div>\n<div align=\"justify\"><\/div>\n<div align=\"justify\">El jueves 27 de junio el Consejo Nacional Armenio (CNA) entregar\u00e1 la <a title=\"Distinci\u00f3n \u201cHrant Dink\u201d al periodismo argentino\" href=\"http:\/\/www.cna.org.ar\/2008\/10\/24\/distincion-hrant-dink-al-periodismo-argentino\/\" target=\"_blank\">distinci\u00f3n\u00a0<i>\u201cHrant Dink<\/i>\u201d<\/a> a Ricardo Roa, editor general adjunto del diario Clar\u00edn y a Jorge El\u00edas, periodista de Radio Continental. Este reconocimiento, que desde 2001 reciben dos periodistas por a\u00f1o, ya fue otorgado a 24 figuras prominentes del periodismo argentino (<a href=\"#Distinciones entregadas en los a\u00f1os anteriores\">ver cuadro<\/a>).<\/div>\n<div align=\"justify\"><\/div>\n<div align=\"justify\">En la lista de los distinguidos coexisten profesionales de distintos medios de comunicaci\u00f3n, con perspectivas diversas y sus propias visiones sobre la coyuntura nacional e internacional, pero poseen un punto en com\u00fan, que es aquello por lo cual fueron galardonados, y es su trayectoria en la defensa de los derechos humanos, las instituciones republicanas y, especialmente con la Causa Armenia.<\/div>\n<div align=\"justify\"><\/div>\n<div align=\"justify\">El CNA tiene como m\u00e1ximo objetivo luchar contra el negacionismo, por la verdad y la justicia. Y esta lucha se libra, principalmente, en los \u00e1mbitos pol\u00edticos, educativos y en la opini\u00f3n p\u00fablica. Para interpelar a esta \u00faltima, los medios masivos de comunicaci\u00f3n ocupan un lugar central. Es imposible pensar en que una informaci\u00f3n llegue a la sociedad si no es a trav\u00e9s de ellos. Si bien en algunos acontecimientos la telefon\u00eda m\u00f3vil, las redes sociales y otras recientes formas de comunicaci\u00f3n han jugado un papel importante, a\u00fan es incomparable el peso que tienen los diarios, los informativos de radio y de televisi\u00f3n al momento de difundir un hecho y su interpretaci\u00f3n.<\/div>\n<div align=\"justify\"><\/div>\n<div align=\"justify\"><\/div>\n<div align=\"justify\">No resulta una tarea sencilla que la Causa Armenia ocupe un lugar en los medios, entre los m\u00faltiples acontecimientos que cotidianamente se suceden. Esto no ser\u00eda posible sin\u00a0 los esfuerzos de la comunidad, de sus organizaciones, que mantienen viva la memoria de lo ocurrido. Pero tambi\u00e9n resultar\u00eda imposible sin el compromiso de periodistas de los cuales los homenajeados son claros exponentes, gracias a quienes podemos proyectar nuestro mensaje m\u00e1s all\u00e1 de los l\u00edmites de la propia comunidad.<\/div>\n<div align=\"justify\"><\/div>\n<div align=\"justify\">\n<p>Ahora bien, a trav\u00e9s de d\u00e9cadas de lucha en Argentina, y especialmente desde el regreso de la democracia en 1983, el genocidio contra los armenios ha sido reconocido por los tres poderes del Estado. Asimismo, nos hemos habituado a que los 24 de Abril en mayor o menor medida los medios masivos otorguen un espacio. Es ese espacio ganado el que nos impulsa a ir por m\u00e1s. El desaf\u00edo actual no es lograr solamente que en la Argentina visualice que el pueblo armenio pide justicia por un crimen casi centenario, si no que exigimos el fin del negacionismo al Estado turco, porque lo consideramos su continuaci\u00f3n.<\/p>\n<p>La noticia siempre vigente es que el Estado turco niega un crimen que cometi\u00f3 en el pasado, alentando cr\u00edmenes en el presente. Y esta negaci\u00f3n solo la puede lograr impidiendo el desarrollo pleno de la libertad de prensa. Recordemos que la ONG Reporteros Sin Fronteras caracteriz\u00f3 a Turqu\u00eda como \u201cla c\u00e1rcel para periodistas m\u00e1s grande del mundo\u201d. Recordemos el uso de la justicia y de organizaciones criminales para atacar a intelectuales y periodistas ciudadanos turcos, sin distinci\u00f3n de origen, como fueran el premio Nobel de literatura Orhan Pamuk y, recientemente, Sev\u00e1n Nisanyan.<\/p>\n<h1><b><span style=\"font-size: medium;\">Recordemos a Hrant Dink<\/span><\/b><\/h1>\n<p>Hrant Dink fue un periodista de origen armenio en Estambul. Desde el semanario biling\u00fce Ag\u00f3s denunciaba, entre otras cosas, lo ocurrido contra los armenios, los griegos, los asirios, los jud\u00edos y los kurdos en Turqu\u00eda. Acumul\u00f3 en vida procesos judiciales y amenazas, y a\u00fan as\u00ed no claudic\u00f3 en el ejercicio de su profesi\u00f3n. Su asesinato, el 19 de enero de 2007 a la salida de su trabajo, es la lamentable ratificaci\u00f3n de que el negacionismo es un crimen que habilita a otros, y que no podemos pensar en el genocidio como un hecho del pasado. Sus notas afectaban intereses demasiado grandes como para que su vida continuara.<\/p>\n<p>Por este motivo el CNA, desde 2007, bautiz\u00f3 a esta distinci\u00f3n al periodismo argentino como \u201cHrant Dink\u201d. Quienes colaboran desde los medios con la Causa Armenia, contribuyen, en cierto modo, a continuar su tarea.<\/p>\n<p>Como la lucha por la memoria del genocidio contra los armenios no se diluye en su conmemoraci\u00f3n como un lejano y nefasto hecho hist\u00f3rico, sino que es vivida como una b\u00fasqueda de justicia en el presente, los periodistas ocupan un lugar destacado en esta batalla cotidiana.<\/p>\n<p>Es por eso que el CNA apuesta a que su aporte nunca sea olvidado, y los distingue con el \u201cHrant Dink\u201d.<\/p>\n<\/div>\n<div align=\"justify\"><\/div>\n<div align=\"justify\">\n<div align=\"right\">Nicol\u00e1s Sabuncuyan<br \/>\nDirector de Pol\u00edtica Institucional del CNA-Buenos Aires<\/div>\n<p>&nbsp;<\/p>\n<p><a name=\"Distinciones entregadas en los a\u00f1os anteriores\"><\/a><\/p>\n<h4>Distinciones entregadas en los a\u00f1os anteriores<\/h4>\n<p>2001\u00a0\u00a0\u00a0 Jose Ricardo Eliaschev y Enrique V\u00e1zquez<br \/>\n2002\u00a0\u00a0\u00a0 Alfredo Leuco y Liliana L\u00f3pez Foresi<br \/>\n2003\u00a0\u00a0\u00a0 V\u00edctor Hugo Morales y Osvaldo Bayer<br \/>\n2004\u00a0\u00a0\u00a0 Rom\u00e1n Lejtman y Marcelo Cantelmi<br \/>\n2005\u00a0\u00a0\u00a0 Fabi\u00e1n Bosoer y Pasquini Duran<br \/>\n2006\u00a0\u00a0\u00a0 Eduardo Aliverti y Andres Repetto<br \/>\n2007\u00a0\u00a0\u00a0 Claudio Fantini y Cristian Sirouyan<br \/>\n2008\u00a0\u00a0\u00a0 Fernando Bravo y Pedro Brieger<br \/>\n2009\u00a0\u00a0\u00a0 Mariano Saravia y Ariel Crespo<br \/>\n2010\u00a0\u00a0\u00a0 Juan Bedoian y Olga Cosentino<br \/>\n2011\u00a0\u00a0\u00a0 Mart\u00edn Granovsky\u00a0 y Mar\u00eda O\u2019Donnell<br \/>\n2012\u00a0\u00a0\u00a0 Thelma Luzzani y Juan Sasturain<\/p>\n<\/div>\n","protected":false},"excerpt":{"rendered":"<p>Compartimos la nota publicada en el Diario ARMENIA El jueves 27 de junio el Consejo Nacional Armenio (CNA) entregar\u00e1 la distinci\u00f3n\u00a0\u201cHrant Dink\u201d a Ricardo Roa, editor general adjunto del diario Clar\u00edn y a Jorge El\u00edas, periodista de Radio Continental. Este reconocimiento, que desde 2001 reciben dos periodistas por a\u00f1o, ya fue otorgado a 24 figuras [&hellip;]<\/p>\n","protected":false},"author":1,"featured_media":2614,"comment_status":"closed","ping_status":"closed","sticky":false,"template":"","format":"standard","meta":{"site-sidebar-layout":"default","site-content-layout":"","ast-site-content-layout":"default","site-content-style":"default","site-sidebar-style":"default","ast-global-header-display":"","ast-banner-title-visibility":"","ast-main-header-display":"","ast-hfb-above-header-display":"","ast-hfb-below-header-display":"","ast-hfb-mobile-header-display":"","site-post-title":"","ast-breadcrumbs-content":"","ast-featured-img":"","footer-sml-layout":"","theme-transparent-header-meta":"","adv-header-id-meta":"","stick-header-meta":"","header-above-stick-meta":"","header-main-stick-meta":"","header-below-stick-meta":"","astra-migrate-meta-layouts":"default","ast-page-background-enabled":"default","ast-page-background-meta":{"desktop":{"background-color":"var(--ast-global-color-4)","background-image":"","background-repeat":"repeat","background-position":"center center","background-size":"auto","background-attachment":"scroll","background-type":"","background-media":"","overlay-type":"","overlay-color":"","overlay-opacity":"","overlay-gradient":""},"tablet":{"background-color":"","background-image":"","background-repeat":"repeat","background-position":"center center","background-size":"auto","background-attachment":"scroll","background-type":"","background-media":"","overlay-type":"","overlay-color":"","overlay-opacity":"","overlay-gradient":""},"mobile":{"background-color":"","background-image":"","background-repeat":"repeat","background-position":"center center","background-size":"auto","background-attachment":"scroll","background-type":"","background-media":"","overlay-type":"","overlay-color":"","overlay-opacity":"","overlay-gradient":""}},"ast-content-background-meta":{"desktop":{"background-color":"var(--ast-global-color-5)","background-image":"","background-repeat":"repeat","background-position":"center center","background-size":"auto","background-attachment":"scroll","background-type":"","background-media":"","overlay-type":"","overlay-color":"","overlay-opacity":"","overlay-gradient":""},"tablet":{"background-color":"var(--ast-global-color-5)","background-image":"","background-repeat":"repeat","background-position":"center center","background-size":"auto","background-attachment":"scroll","background-type":"","background-media":"","overlay-type":"","overlay-color":"","overlay-opacity":"","overlay-gradient":""},"mobile":{"background-color":"var(--ast-global-color-5)","background-image":"","background-repeat":"repeat","background-position":"center center","background-size":"auto","background-attachment":"scroll","background-type":"","background-media":"","overlay-type":"","overlay-color":"","overlay-opacity":"","overlay-gradient":""}},"_jetpack_memberships_contains_paid_content":false,"footnotes":""},"categories":[27,8],"tags":[24,16,25,34,17,18,19,20,21,12,79,22,23],"class_list":["post-2635","post","type-post","status-publish","format-standard","has-post-thumbnail","hentry","category-distincion-hrant-dink","category-prensa","tag-argentina","tag-armenia-2","tag-armenios","tag-causa-armenia","tag-ddhh","tag-derechos-humanos","tag-dink","tag-hrant","tag-hrant-dink","tag-negacionismo","tag-sabuncuan","tag-turkey","tag-turquia"],"jetpack_featured_media_url":"","jetpack_sharing_enabled":true,"_links":{"self":[{"href":"https:\/\/cna.org.ar\/index.php\/wp-json\/wp\/v2\/posts\/2635","targetHints":{"allow":["GET"]}}],"collection":[{"href":"https:\/\/cna.org.ar\/index.php\/wp-json\/wp\/v2\/posts"}],"about":[{"href":"https:\/\/cna.org.ar\/index.php\/wp-json\/wp\/v2\/types\/post"}],"author":[{"embeddable":true,"href":"https:\/\/cna.org.ar\/index.php\/wp-json\/wp\/v2\/users\/1"}],"replies":[{"embeddable":true,"href":"https:\/\/cna.org.ar\/index.php\/wp-json\/wp\/v2\/comments?post=2635"}],"version-history":[{"count":0,"href":"https:\/\/cna.org.ar\/index.php\/wp-json\/wp\/v2\/posts\/2635\/revisions"}],"wp:featuredmedia":[{"embeddable":true,"href":"https:\/\/cna.org.ar\/index.php\/wp-json\/"}],"wp:attachment":[{"href":"https:\/\/cna.org.ar\/index.php\/wp-json\/wp\/v2\/media?parent=2635"}],"wp:term":[{"taxonomy":"category","embeddable":true,"href":"https:\/\/cna.org.ar\/index.php\/wp-json\/wp\/v2\/categories?post=2635"},{"taxonomy":"post_tag","embeddable":true,"href":"https:\/\/cna.org.ar\/index.php\/wp-json\/wp\/v2\/tags?post=2635"}],"curies":[{"name":"wp","href":"https:\/\/api.w.org\/{rel}","templated":true}]}}