{"id":2798,"date":"2013-10-07T16:55:26","date_gmt":"2013-10-07T19:55:26","guid":{"rendered":"http:\/\/www.cna.org.ar\/?p=2798"},"modified":"2016-03-29T14:49:16","modified_gmt":"2016-03-29T14:49:16","slug":"para-aliyev-toda-la-republica-de-armenia-es-territorio-historico-de-azerbaiyan","status":"publish","type":"post","link":"https:\/\/cna.org.ar\/index.php\/2013\/10\/07\/para-aliyev-toda-la-republica-de-armenia-es-territorio-historico-de-azerbaiyan\/","title":{"rendered":"Para Aliyev toda la Rep\u00fablica de Armenia es \u00abterritorio hist\u00f3rico de Azerbaiy\u00e1n\u00bb"},"content":{"rendered":"<p dir=\"ltr\">Durante el mes de octubre, la Rep\u00fablica de Azerbaiy\u00e1n ocupar\u00e1 la presidencia del Consejo de Seguridad de las Naciones Unidas. En una <a href=\"http:\/\/www.cronista.com\/contenidos\/2013\/10\/07\/noticia_0010.html\">nota de opini\u00f3n publicada en \u201cEl Cronista\u201d<\/a>, el embajador de Azerbaiy\u00e1n en Argentina, Mammad Ahmadzada, afirma que \u201cEntre los miembros no permanentes del Consejo de Seguridad est\u00e1 tambi\u00e9n Argentina, un pa\u00eds amigo de Azerbaiy\u00e1n\u201d. Al mismo tiempo, destaca que el estado que representa \u201choy participa activamente en la promoci\u00f3n de di\u00e1logo mundial entre civilizaciones\u201d. Desde el Consejo Nacional Armenio de Sudam\u00e9rica creemos necesario explicitar por qu\u00e9 es imposible pensar que Azerbaiy\u00e1n est\u00e9 cumpliendo ese rol.<\/p>\n<p dir=\"ltr\">M\u00e1s all\u00e1 de las declaraciones \u00a0del embajador, deben considerarse los posicionamientos de las principales figuras pol\u00edticas de ese estado. El portavoz del Ministerio de Relaciones Exteriores Elmar Abdullayev sostuvo que una de las prioridades de su pa\u00eds en la presidencia ser\u00eda la b\u00fasqueda de soluciones al conflicto armenio-azerbaiyano. Sin embargo, apenas unos d\u00edas antes, en respuesta a declaraciones del Ministro de Relaciones Exteriores armenio Edward Nalbandian, hab\u00eda dejado en evidencia cu\u00e1l es su perspectiva frente a la relaci\u00f3n entre Armenia y Azerbaiy\u00e1n.<\/p>\n<p dir=\"ltr\"><a href=\"http:\/\/news.az\/articles\/armenia\/83007\">Abdullayev afirm\u00f3 ante el mundo<\/a> que \u201chist\u00f3ricamente Iravan (por la capital de Armenia, Erevan) es una ciudad de Azerbaiy\u00e1n. No se trata de una reivindicaci\u00f3n territorial, es un \u00a0hecho hist\u00f3rico. Basta con mirar en los archivos para demostrar que Iravan ha sido una ciudad hist\u00f3rica de Azerbaiy\u00e1n.\u201d El portavoz se\u00f1al\u00f3 que la idea de que incluso la capital armenia era un territorio hist\u00f3rico azerbaiyano la tomaba directamente de las palabras de su presidente, Ilham Aliyev.<\/p>\n<p dir=\"ltr\"><a href=\"https:\/\/i0.wp.com\/cna.org.ar\/wp-content\/uploads\/2013\/10\/Ilham_Aliyev.jpg?ssl=1\"><img data-recalc-dims=\"1\" loading=\"lazy\" decoding=\"async\" class=\" size-medium wp-image-4241 alignleft\" src=\"https:\/\/i0.wp.com\/cna.org.ar\/wp-content\/uploads\/2013\/10\/Ilham_Aliyev.jpg?resize=300%2C225&#038;ssl=1\" alt=\"Ilham_Aliyev\" width=\"300\" height=\"225\" srcset=\"https:\/\/i0.wp.com\/cna.org.ar\/wp-content\/uploads\/2013\/10\/Ilham_Aliyev.jpg?resize=300%2C225&amp;ssl=1 300w, https:\/\/i0.wp.com\/cna.org.ar\/wp-content\/uploads\/2013\/10\/Ilham_Aliyev.jpg?resize=467%2C350&amp;ssl=1 467w, https:\/\/i0.wp.com\/cna.org.ar\/wp-content\/uploads\/2013\/10\/Ilham_Aliyev.jpg?w=500&amp;ssl=1 500w\" sizes=\"auto, (max-width: 300px) 100vw, 300px\" \/><\/a>La dinast\u00eda Aliyev se ha caracterizado por no escatimar difamaciones, tergiversaciones y omisiones deliberadas en sus intentos de construir una historia de Azerbaiy\u00e1n que justificara internamente sus acciones. Ilham Aliyev, presidente desde 2003, quien se encamina hacia su tercer mandato consecutivo en las elecciones del pr\u00f3ximo 9 de octubre, ha compartido en m\u00e1s de una oportunidad su visi\u00f3n de la historia seg\u00fan la cual Armenia es una invenci\u00f3n de los armenios, que conforme a su accionar terrorista y a la fuerte ayuda internacional, en parte impulsada por una di\u00e1spora influyente, ha sabido posicionarse como una v\u00edctima cuando en realidad no es m\u00e1s que un agresor permanente de Azerbaiy\u00e1n.<\/p>\n<p>Para tomar conciencia de hasta qu\u00e9 punto esta lectura est\u00e1 presente en sus discursos, es pertinente retomar algunos pasajes de sus palabras en la inauguraci\u00f3n del <a href=\"http:\/\/news.az\/articles\/official\/82721\">\u201cMemorial por el genocidio de Guba\u201d<\/a>. Cabe aclarar que tanto la construcci\u00f3n del complejo como la obtenci\u00f3n de documentaci\u00f3n hist\u00f3rica que justificara caracterizar a ese episodio ocurrido en 1918 como \u201cgenocidio\u201d estuvieron a cargo del \u201cCentro Heydar Aliyev\u201d.<\/p>\n<p>En este discurso, Aliyev afirma que \u201cel Estado armenio moderno se basa en la ideolog\u00eda del fascismo\u201d, que atraviesa toda su historia. Esto se debe a que aquellos que intentaron fundar una rep\u00fablica y resistir los avances del genocidio perpetrado por el Estado turco son considerados por el presidente genocidas. Esta visi\u00f3n de la historia parece novedosa porque \u201cNaturalmente , como la historia ha sido falsificada en la \u00e9poca sovi\u00e9tica , esta verdad se oculta\u201d. Y se alegra de que \u201c en los \u00faltimos a\u00f1os, por iniciativa m\u00eda, nuestros cient\u00edficos crearon obras absolutamente comprometidas sobre el Khanato de Iravan, nuestras tierras hist\u00f3ricas\u201d.<\/p>\n<p>Esta lectura aberrante de la historia se convierte en una realidad gracias a los estudios de sus cient\u00edficos. Ahora bien, el genocidio cometido contra los armenios por el Estado turco es considerado por Aliyev como \u201cuna mitolog\u00eda infundada\u201d. Esto se debe a que \u201cel lobby armenio mundial \u00a0y algunos pol\u00edticos corruptos bajo su control son totalmente culpables de distorsionar la historia\u201d. Tambi\u00e9n se pronunci\u00f3 contra los \u201cpol\u00edticos hip\u00f3critas\u201d, incluso contra el Parlamento Europeo, por la resoluci\u00f3n adoptada frente a la <a title=\"La semilla de la masacre\" href=\"http:\/\/www.cna.org.ar\/2012\/09\/26\/la-semilla-de-la-masacre\/\" target=\"_blank\">extradici\u00f3n del asesino Ramil Safarov<\/a>, condenado a cadena perpetua en Hungr\u00eda por haber decapitado con un hacha al militar armenio Gurgen Markarian mientras dorm\u00eda, durante un curso de la OTAN en Budapest.<\/p>\n<p dir=\"ltr\">Asimismo, profundizando su ret\u00f3rica belicista, record\u00f3 que \u201cS\u00f3lo los medios con los que contamos para fines militares , son entre 30 y 50 % mayores que el presupuesto general del Estado de Armenia\u201d. Y concluy\u00f3 afirmando que : \u201cLa integridad territorial de Azerbaiy\u00e1n debe ser restaurada en su totalidad, (&#8230;) en el futuro azerbaiyanos debe vivir en la totalidad de sus tierras hist\u00f3ricas. Nuestras tierras hist\u00f3ricas son el Khanato de Iravan, Goycha y Zangezur . Un d\u00eda tambi\u00e9n vamos a vivir all\u00ed. Creo en ello y estoy seguro de ello\u201d.<\/p>\n<p>Las pretensiones territoriales se basan en estudios hist\u00f3ricos realizados a iniciativa de Aliyev, con el auspicio econ\u00f3mico de su fundaci\u00f3n. Estos mismos cient\u00edficos, como los denomina el presidente, son quienes determinaron la existencia de un genocidio y el car\u00e1cter inapelablemente azerbaiyano de todos los territorios armenios. El estado, a trav\u00e9s de su poder\u00edo militar, se limitar\u00eda a recuperar lo propio por la fuerza en caso de que la comunidad internacional hiciera caso omiso a sus reclamos.<\/p>\n<p>Desde el Consejo Nacional Armenio de Sudam\u00e9rica, creemos necesario advertir que las declaraciones belicistas y anti-armenias de Aliyev, que se ven acompa\u00f1adas en su presupuesto militar, no deben ser minimizadas por su car\u00e1cter dom\u00e9stico. El gobierno de Azerbaiy\u00e1n no solamente sostiene este discurso hacia sus ciudadanos, en b\u00fasqueda de un r\u00e9dito pol\u00edtico, sino que proclama ante el mundo sus intenciones de ocupar el conjunto de los territorios de la Rep\u00fablica de Armenia y de la Rep\u00fablica de Nagorno-Karabagh. Un gobierno que utiliza sus recursos para construir una historia y un poderoso arsenal, a la vez que agita el odio en su poblaci\u00f3n, no puede ser considerado un garante de la paz, sino un peligro para la regi\u00f3n en su conjunto.<\/p>\n","protected":false},"excerpt":{"rendered":"<p>Durante el mes de octubre, la Rep\u00fablica de Azerbaiy\u00e1n ocupar\u00e1 la presidencia del Consejo de Seguridad de las Naciones Unidas. En una nota de opini\u00f3n publicada en \u201cEl Cronista\u201d, el embajador de Azerbaiy\u00e1n en Argentina, Mammad Ahmadzada, afirma que \u201cEntre los miembros no permanentes del Consejo de Seguridad est\u00e1 tambi\u00e9n Argentina, un pa\u00eds amigo de [&hellip;]<\/p>\n","protected":false},"author":1,"featured_media":3606,"comment_status":"closed","ping_status":"closed","sticky":false,"template":"","format":"standard","meta":{"site-sidebar-layout":"default","site-content-layout":"","ast-site-content-layout":"default","site-content-style":"default","site-sidebar-style":"default","ast-global-header-display":"","ast-banner-title-visibility":"","ast-main-header-display":"","ast-hfb-above-header-display":"","ast-hfb-below-header-display":"","ast-hfb-mobile-header-display":"","site-post-title":"","ast-breadcrumbs-content":"","ast-featured-img":"","footer-sml-layout":"","theme-transparent-header-meta":"","adv-header-id-meta":"","stick-header-meta":"","header-above-stick-meta":"","header-main-stick-meta":"","header-below-stick-meta":"","astra-migrate-meta-layouts":"default","ast-page-background-enabled":"default","ast-page-background-meta":{"desktop":{"background-color":"var(--ast-global-color-4)","background-image":"","background-repeat":"repeat","background-position":"center center","background-size":"auto","background-attachment":"scroll","background-type":"","background-media":"","overlay-type":"","overlay-color":"","overlay-opacity":"","overlay-gradient":""},"tablet":{"background-color":"","background-image":"","background-repeat":"repeat","background-position":"center center","background-size":"auto","background-attachment":"scroll","background-type":"","background-media":"","overlay-type":"","overlay-color":"","overlay-opacity":"","overlay-gradient":""},"mobile":{"background-color":"","background-image":"","background-repeat":"repeat","background-position":"center center","background-size":"auto","background-attachment":"scroll","background-type":"","background-media":"","overlay-type":"","overlay-color":"","overlay-opacity":"","overlay-gradient":""}},"ast-content-background-meta":{"desktop":{"background-color":"var(--ast-global-color-5)","background-image":"","background-repeat":"repeat","background-position":"center center","background-size":"auto","background-attachment":"scroll","background-type":"","background-media":"","overlay-type":"","overlay-color":"","overlay-opacity":"","overlay-gradient":""},"tablet":{"background-color":"var(--ast-global-color-5)","background-image":"","background-repeat":"repeat","background-position":"center center","background-size":"auto","background-attachment":"scroll","background-type":"","background-media":"","overlay-type":"","overlay-color":"","overlay-opacity":"","overlay-gradient":""},"mobile":{"background-color":"var(--ast-global-color-5)","background-image":"","background-repeat":"repeat","background-position":"center center","background-size":"auto","background-attachment":"scroll","background-type":"","background-media":"","overlay-type":"","overlay-color":"","overlay-opacity":"","overlay-gradient":""}},"_jetpack_memberships_contains_paid_content":false,"footnotes":""},"categories":[4],"tags":[115,116,117,24,16,73,46,47,118,75,76,77],"class_list":["post-2798","post","type-post","status-publish","format-standard","has-post-thumbnail","hentry","category-comunicados","tag-ahmadzada","tag-aliev","tag-aliyev","tag-argentina","tag-armenia-2","tag-artsaj","tag-azerbaijan","tag-azerbaiyan","tag-cronista","tag-karabagh","tag-karabaj","tag-nagorno"],"jetpack_featured_media_url":"https:\/\/i0.wp.com\/cna.org.ar\/wp-content\/uploads\/2015\/01\/Ilham_Aliyev.jpg?fit=500%2C375&ssl=1","jetpack_sharing_enabled":true,"_links":{"self":[{"href":"https:\/\/cna.org.ar\/index.php\/wp-json\/wp\/v2\/posts\/2798","targetHints":{"allow":["GET"]}}],"collection":[{"href":"https:\/\/cna.org.ar\/index.php\/wp-json\/wp\/v2\/posts"}],"about":[{"href":"https:\/\/cna.org.ar\/index.php\/wp-json\/wp\/v2\/types\/post"}],"author":[{"embeddable":true,"href":"https:\/\/cna.org.ar\/index.php\/wp-json\/wp\/v2\/users\/1"}],"replies":[{"embeddable":true,"href":"https:\/\/cna.org.ar\/index.php\/wp-json\/wp\/v2\/comments?post=2798"}],"version-history":[{"count":1,"href":"https:\/\/cna.org.ar\/index.php\/wp-json\/wp\/v2\/posts\/2798\/revisions"}],"predecessor-version":[{"id":4242,"href":"https:\/\/cna.org.ar\/index.php\/wp-json\/wp\/v2\/posts\/2798\/revisions\/4242"}],"wp:featuredmedia":[{"embeddable":true,"href":"https:\/\/cna.org.ar\/index.php\/wp-json\/wp\/v2\/media\/3606"}],"wp:attachment":[{"href":"https:\/\/cna.org.ar\/index.php\/wp-json\/wp\/v2\/media?parent=2798"}],"wp:term":[{"taxonomy":"category","embeddable":true,"href":"https:\/\/cna.org.ar\/index.php\/wp-json\/wp\/v2\/categories?post=2798"},{"taxonomy":"post_tag","embeddable":true,"href":"https:\/\/cna.org.ar\/index.php\/wp-json\/wp\/v2\/tags?post=2798"}],"curies":[{"name":"wp","href":"https:\/\/api.w.org\/{rel}","templated":true}]}}