{"id":2822,"date":"2013-10-16T15:28:03","date_gmt":"2013-10-16T18:28:03","guid":{"rendered":"http:\/\/www.cna.org.ar\/?p=2822"},"modified":"2015-10-16T14:46:30","modified_gmt":"2015-10-16T14:46:30","slug":"actividad-por-el-dia-de-la-diversidad-cultural-en-rio-gallegos","status":"publish","type":"post","link":"https:\/\/cna.org.ar\/index.php\/2013\/10\/16\/actividad-por-el-dia-de-la-diversidad-cultural-en-rio-gallegos\/","title":{"rendered":"Actividad por el D\u00eda de la Diversidad Cultural en R\u00edo Gallegos"},"content":{"rendered":"<div id=\":1jo\">\n<div id=\":1jn\">\n<div dir=\"ltr\">\n<div dir=\"ltr\"><em>Compartimos informaci\u00f3n de R\u00edo Gallegos, aportada por el delegado del Consejo Nacional Armenio en Santa Cruz, Alejandro Avakian.<\/em><\/div>\n<div dir=\"ltr\"><\/div>\n<div dir=\"ltr\"><a href=\"https:\/\/i0.wp.com\/cna.org.ar\/wp-content\/uploads\/2015\/01\/DSC09589.jpg?ssl=1\"><img data-recalc-dims=\"1\" loading=\"lazy\" decoding=\"async\" class=\"alignleft size-medium wp-image-3578\" src=\"https:\/\/i0.wp.com\/cna.org.ar\/wp-content\/uploads\/2015\/01\/DSC09589.jpg?resize=225%2C300&#038;ssl=1\" alt=\"DSC09589\" width=\"225\" height=\"300\" srcset=\"https:\/\/i0.wp.com\/cna.org.ar\/wp-content\/uploads\/2015\/01\/DSC09589.jpg?resize=225%2C300&amp;ssl=1 225w, https:\/\/i0.wp.com\/cna.org.ar\/wp-content\/uploads\/2015\/01\/DSC09589.jpg?resize=768%2C1024&amp;ssl=1 768w, https:\/\/i0.wp.com\/cna.org.ar\/wp-content\/uploads\/2015\/01\/DSC09589.jpg?resize=263%2C350&amp;ssl=1 263w, https:\/\/i0.wp.com\/cna.org.ar\/wp-content\/uploads\/2015\/01\/DSC09589.jpg?w=1536&amp;ssl=1 1536w\" sizes=\"auto, (max-width: 225px) 100vw, 225px\" \/><\/a>El d\u00eda 12 de octubre, en \u00a0conmemoraci\u00f3n del \u00abD\u00eda de la Diversidad Cultural, se procedi\u00f3 a la revalorizaci\u00f3n de la Plazoleta de las Colectividades, que pertenece al Complejo Cultural Santa Cruz, Rio Gallegos, mediante el izamiento de las banderas de las distintas agrupaciones y colectividades asentadas en la Provincia. Se entonaron los himnos nacionales de Argentina, Per\u00fa, Bolivia, Rusia, Grecia, Espa\u00f1a, \u00a0Chile,Colombia, Francia y Armenia.<\/p>\n<div>A cargo del izamiento estuvieron \u00a0en representacion de \u00a0la comunidad armenia el \u00a0Lic. Nicol\u00e1s Zobian, La Sra Susana Sary y el Dr. Alejandro\u00a0Avakian.<\/div>\n<div>El objetivo es que las banderas permanezcan de manera constante al tope de los m\u00e1stiles para recordar la diversidad de culturas y or\u00edgenes de los habitantes de la Rep\u00fablica Argentina y en particular de \u00a0la provincia \u00a0de Santa Cruz.<\/div>\n<p>&nbsp;<\/p>\n<div><\/div>\n<\/div>\n<\/div>\n<\/div>\n<\/div>\n<div id=\":1jz\"><\/div>\n","protected":false},"excerpt":{"rendered":"<p>Compartimos informaci\u00f3n de R\u00edo Gallegos, aportada por el delegado del Consejo Nacional Armenio en Santa Cruz, Alejandro Avakian. El d\u00eda 12 de octubre, en \u00a0conmemoraci\u00f3n del \u00abD\u00eda de la Diversidad Cultural, se procedi\u00f3 a la revalorizaci\u00f3n de la Plazoleta de las Colectividades, que pertenece al Complejo Cultural Santa Cruz, Rio Gallegos, mediante el izamiento de [&hellip;]<\/p>\n","protected":false},"author":1,"featured_media":4125,"comment_status":"closed","ping_status":"closed","sticky":false,"template":"","format":"standard","meta":{"site-sidebar-layout":"default","site-content-layout":"","ast-site-content-layout":"default","site-content-style":"default","site-sidebar-style":"default","ast-global-header-display":"","ast-banner-title-visibility":"","ast-main-header-display":"","ast-hfb-above-header-display":"","ast-hfb-below-header-display":"","ast-hfb-mobile-header-display":"","site-post-title":"","ast-breadcrumbs-content":"","ast-featured-img":"","footer-sml-layout":"","theme-transparent-header-meta":"","adv-header-id-meta":"","stick-header-meta":"","header-above-stick-meta":"","header-main-stick-meta":"","header-below-stick-meta":"","astra-migrate-meta-layouts":"default","ast-page-background-enabled":"default","ast-page-background-meta":{"desktop":{"background-color":"var(--ast-global-color-4)","background-image":"","background-repeat":"repeat","background-position":"center center","background-size":"auto","background-attachment":"scroll","background-type":"","background-media":"","overlay-type":"","overlay-color":"","overlay-opacity":"","overlay-gradient":""},"tablet":{"background-color":"","background-image":"","background-repeat":"repeat","background-position":"center center","background-size":"auto","background-attachment":"scroll","background-type":"","background-media":"","overlay-type":"","overlay-color":"","overlay-opacity":"","overlay-gradient":""},"mobile":{"background-color":"","background-image":"","background-repeat":"repeat","background-position":"center center","background-size":"auto","background-attachment":"scroll","background-type":"","background-media":"","overlay-type":"","overlay-color":"","overlay-opacity":"","overlay-gradient":""}},"ast-content-background-meta":{"desktop":{"background-color":"var(--ast-global-color-5)","background-image":"","background-repeat":"repeat","background-position":"center center","background-size":"auto","background-attachment":"scroll","background-type":"","background-media":"","overlay-type":"","overlay-color":"","overlay-opacity":"","overlay-gradient":""},"tablet":{"background-color":"var(--ast-global-color-5)","background-image":"","background-repeat":"repeat","background-position":"center center","background-size":"auto","background-attachment":"scroll","background-type":"","background-media":"","overlay-type":"","overlay-color":"","overlay-opacity":"","overlay-gradient":""},"mobile":{"background-color":"var(--ast-global-color-5)","background-image":"","background-repeat":"repeat","background-position":"center center","background-size":"auto","background-attachment":"scroll","background-type":"","background-media":"","overlay-type":"","overlay-color":"","overlay-opacity":"","overlay-gradient":""}},"_jetpack_memberships_contains_paid_content":false,"footnotes":""},"categories":[3],"tags":[24,16,25,74,34,17,18,65],"class_list":["post-2822","post","type-post","status-publish","format-standard","has-post-thumbnail","hentry","category-actividades","tag-argentina","tag-armenia-2","tag-armenios","tag-avakian","tag-causa-armenia","tag-ddhh","tag-derechos-humanos","tag-santa-cruz"],"jetpack_featured_media_url":"https:\/\/i0.wp.com\/cna.org.ar\/wp-content\/uploads\/2013\/10\/DSC09589-img-dst.jpg?fit=498%2C304&ssl=1","jetpack_sharing_enabled":true,"_links":{"self":[{"href":"https:\/\/cna.org.ar\/index.php\/wp-json\/wp\/v2\/posts\/2822","targetHints":{"allow":["GET"]}}],"collection":[{"href":"https:\/\/cna.org.ar\/index.php\/wp-json\/wp\/v2\/posts"}],"about":[{"href":"https:\/\/cna.org.ar\/index.php\/wp-json\/wp\/v2\/types\/post"}],"author":[{"embeddable":true,"href":"https:\/\/cna.org.ar\/index.php\/wp-json\/wp\/v2\/users\/1"}],"replies":[{"embeddable":true,"href":"https:\/\/cna.org.ar\/index.php\/wp-json\/wp\/v2\/comments?post=2822"}],"version-history":[{"count":2,"href":"https:\/\/cna.org.ar\/index.php\/wp-json\/wp\/v2\/posts\/2822\/revisions"}],"predecessor-version":[{"id":4126,"href":"https:\/\/cna.org.ar\/index.php\/wp-json\/wp\/v2\/posts\/2822\/revisions\/4126"}],"wp:featuredmedia":[{"embeddable":true,"href":"https:\/\/cna.org.ar\/index.php\/wp-json\/wp\/v2\/media\/4125"}],"wp:attachment":[{"href":"https:\/\/cna.org.ar\/index.php\/wp-json\/wp\/v2\/media?parent=2822"}],"wp:term":[{"taxonomy":"category","embeddable":true,"href":"https:\/\/cna.org.ar\/index.php\/wp-json\/wp\/v2\/categories?post=2822"},{"taxonomy":"post_tag","embeddable":true,"href":"https:\/\/cna.org.ar\/index.php\/wp-json\/wp\/v2\/tags?post=2822"}],"curies":[{"name":"wp","href":"https:\/\/api.w.org\/{rel}","templated":true}]}}