{"id":2827,"date":"2013-10-16T15:42:47","date_gmt":"2013-10-16T18:42:47","guid":{"rendered":"http:\/\/www.cna.org.ar\/?p=2827"},"modified":"2013-10-16T15:42:47","modified_gmt":"2013-10-16T18:42:47","slug":"aclaraciones-sobre-la-mision-comercial-de-argentina-a-armenia","status":"publish","type":"post","link":"https:\/\/cna.org.ar\/index.php\/2013\/10\/16\/aclaraciones-sobre-la-mision-comercial-de-argentina-a-armenia\/","title":{"rendered":"Aclaraciones sobre la misi\u00f3n comercial de Argentina a Armenia"},"content":{"rendered":"<p dir=\"ltr\">A pocos d\u00edas de iniciarse la misi\u00f3n comercial argentina hacia Georgia y Armenia, en <a href=\"http:\/\/www.lanacion.com.ar\/1627958-fracasa-una-gira-comercial-de-moreno\" target=\"_blank\">algunos medios de comunicaci\u00f3n<\/a> se calific\u00f3 a esta iniciativa como un \u201cfracaso\u201d y a estos destinos como \u201cex\u00f3ticos\u201d y \u201cextravagantes\u201d. Desde el Consejo Nacional Armenio de Sudam\u00e9rica, nos parece pertinente realizar algunas aclaraciones, en especial sobre esta \u00faltima caracterizaci\u00f3n.<\/p>\n<p><a href=\"https:\/\/i0.wp.com\/www.cna.org.ar\/wp-content\/uploads\/2013\/10\/alfonso_tabakian.jpg\"><img data-recalc-dims=\"1\" loading=\"lazy\" decoding=\"async\" class=\"alignleft size-medium wp-image-2828\" alt=\"alfonso_tabakian\" src=\"https:\/\/i0.wp.com\/www.cna.org.ar\/wp-content\/uploads\/2013\/10\/alfonso_tabakian-300x212.jpg?resize=300%2C212\" width=\"300\" height=\"212\" \/><\/a>Sobre el \u00e9xito o fracaso de la misi\u00f3n pueden realizarse diferentes evaluaciones, seg\u00fan la perspectiva con que se analice la cuesti\u00f3n. De todas formas, hemos constatado con la C\u00e1mara Argentino-Armenia que la cantidad de empresarios no se limita a una decena, como se plante\u00f3 en algunos medios, sino que estar\u00e1 integrada por cerca de treinta. Sin embargo, el punto m\u00e1s relevante para quienes integramos el CNA es la cuesti\u00f3n del \u201cexotismo\u201d y la \u201cextravagancia\u201d.<\/p>\n<p>Calificar a la Rep\u00fablica de Armenia como \u201cdestino ex\u00f3tico\u201d es desconocer la presencia de una comunidad que desde hace un siglo forma parte de la trama de identidades en la Argentina. Muchos llegaron al pa\u00eds para escapar del genocidio perpetrado contra los armenios por el Estado Turco entre 1915 y 1923, un crimen que fue reconocido por los tres poderes del Estado argentino. Tanto ellos como sus descendientes, y quienes han arribado en diferentes circunstancias hist\u00f3ricas, han constituido diferentes organizaciones pol\u00edticas, sociales, culturales, deportivas y religiosas, que han mantenido viva a la comunidad en la Argentina, como ha ocurrido en otros destinos diasp\u00f3ricos.<\/p>\n<p>Asimismo, desde la conformaci\u00f3n de la Rep\u00fablica de Armenia al independizarse de la URSS, entre ambos pa\u00edses existe una creciente relaci\u00f3n bilateral, que funciona de manera fluida. Para ilustrar esto, podemos recordar que en 2005 el entonces canciller Rafael Bielsa viaj\u00f3 a Erev\u00e1n en visita oficial. En 2010, su sucesor Jorge Taiana inaugur\u00f3 la Embajada de Argentina en Armenia. Y, en abril de este a\u00f1o, el vicepresidente Amado Boudou asisti\u00f3 a la asunci\u00f3n del presidente armenio Serge Sarkissian.<\/p>\n<p>Es decir, la colectividad armenia en Argentina no se ha limitado a la construcci\u00f3n de sus propios espacios, sino que en buena medida ha contribuido al desarrollo de las relaciones entre ambos pa\u00edses. Es por estas cuestiones que creemos que Armenia no constituye un destino extravagante ni ex\u00f3tico para una misi\u00f3n comercial argentina, sino que esta iniciativa puede interpretarse como un paso m\u00e1s en el camino de la consolidaci\u00f3n de un v\u00ednculo centenario.<\/p>\n<p>Alfonso Tabakian<\/p>\n<p>Director del Consejo Nacional Armenio de Sudam\u00e9rica<\/p>\n<p>&nbsp;<\/p>\n","protected":false},"excerpt":{"rendered":"<p>A pocos d\u00edas de iniciarse la misi\u00f3n comercial argentina hacia Georgia y Armenia, en algunos medios de comunicaci\u00f3n se calific\u00f3 a esta iniciativa como un \u201cfracaso\u201d y a estos destinos como \u201cex\u00f3ticos\u201d y \u201cextravagantes\u201d. Desde el Consejo Nacional Armenio de Sudam\u00e9rica, nos parece pertinente realizar algunas aclaraciones, en especial sobre esta \u00faltima caracterizaci\u00f3n. Sobre el [&hellip;]<\/p>\n","protected":false},"author":1,"featured_media":2828,"comment_status":"closed","ping_status":"closed","sticky":false,"template":"","format":"standard","meta":{"site-sidebar-layout":"default","site-content-layout":"","ast-site-content-layout":"default","site-content-style":"default","site-sidebar-style":"default","ast-global-header-display":"","ast-banner-title-visibility":"","ast-main-header-display":"","ast-hfb-above-header-display":"","ast-hfb-below-header-display":"","ast-hfb-mobile-header-display":"","site-post-title":"","ast-breadcrumbs-content":"","ast-featured-img":"","footer-sml-layout":"","theme-transparent-header-meta":"","adv-header-id-meta":"","stick-header-meta":"","header-above-stick-meta":"","header-main-stick-meta":"","header-below-stick-meta":"","astra-migrate-meta-layouts":"default","ast-page-background-enabled":"default","ast-page-background-meta":{"desktop":{"background-color":"var(--ast-global-color-4)","background-image":"","background-repeat":"repeat","background-position":"center center","background-size":"auto","background-attachment":"scroll","background-type":"","background-media":"","overlay-type":"","overlay-color":"","overlay-opacity":"","overlay-gradient":""},"tablet":{"background-color":"","background-image":"","background-repeat":"repeat","background-position":"center center","background-size":"auto","background-attachment":"scroll","background-type":"","background-media":"","overlay-type":"","overlay-color":"","overlay-opacity":"","overlay-gradient":""},"mobile":{"background-color":"","background-image":"","background-repeat":"repeat","background-position":"center center","background-size":"auto","background-attachment":"scroll","background-type":"","background-media":"","overlay-type":"","overlay-color":"","overlay-opacity":"","overlay-gradient":""}},"ast-content-background-meta":{"desktop":{"background-color":"var(--ast-global-color-5)","background-image":"","background-repeat":"repeat","background-position":"center center","background-size":"auto","background-attachment":"scroll","background-type":"","background-media":"","overlay-type":"","overlay-color":"","overlay-opacity":"","overlay-gradient":""},"tablet":{"background-color":"var(--ast-global-color-5)","background-image":"","background-repeat":"repeat","background-position":"center center","background-size":"auto","background-attachment":"scroll","background-type":"","background-media":"","overlay-type":"","overlay-color":"","overlay-opacity":"","overlay-gradient":""},"mobile":{"background-color":"var(--ast-global-color-5)","background-image":"","background-repeat":"repeat","background-position":"center center","background-size":"auto","background-attachment":"scroll","background-type":"","background-media":"","overlay-type":"","overlay-color":"","overlay-opacity":"","overlay-gradient":""}},"_jetpack_memberships_contains_paid_content":false,"footnotes":""},"categories":[8],"tags":[24,16,83,25,34,119,120],"class_list":["post-2827","post","type-post","status-publish","format-standard","has-post-thumbnail","hentry","category-prensa","tag-argentina","tag-armenia-2","tag-armenio","tag-armenios","tag-causa-armenia","tag-moreno","tag-paglieri"],"jetpack_featured_media_url":"","jetpack_sharing_enabled":true,"_links":{"self":[{"href":"https:\/\/cna.org.ar\/index.php\/wp-json\/wp\/v2\/posts\/2827","targetHints":{"allow":["GET"]}}],"collection":[{"href":"https:\/\/cna.org.ar\/index.php\/wp-json\/wp\/v2\/posts"}],"about":[{"href":"https:\/\/cna.org.ar\/index.php\/wp-json\/wp\/v2\/types\/post"}],"author":[{"embeddable":true,"href":"https:\/\/cna.org.ar\/index.php\/wp-json\/wp\/v2\/users\/1"}],"replies":[{"embeddable":true,"href":"https:\/\/cna.org.ar\/index.php\/wp-json\/wp\/v2\/comments?post=2827"}],"version-history":[{"count":0,"href":"https:\/\/cna.org.ar\/index.php\/wp-json\/wp\/v2\/posts\/2827\/revisions"}],"wp:featuredmedia":[{"embeddable":true,"href":"https:\/\/cna.org.ar\/index.php\/wp-json\/"}],"wp:attachment":[{"href":"https:\/\/cna.org.ar\/index.php\/wp-json\/wp\/v2\/media?parent=2827"}],"wp:term":[{"taxonomy":"category","embeddable":true,"href":"https:\/\/cna.org.ar\/index.php\/wp-json\/wp\/v2\/categories?post=2827"},{"taxonomy":"post_tag","embeddable":true,"href":"https:\/\/cna.org.ar\/index.php\/wp-json\/wp\/v2\/tags?post=2827"}],"curies":[{"name":"wp","href":"https:\/\/api.w.org\/{rel}","templated":true}]}}