{"id":285,"date":"2009-01-22T12:47:59","date_gmt":"2009-01-22T15:47:59","guid":{"rendered":"http:\/\/www.cna.org.ar\/?p=285"},"modified":"2009-01-22T12:47:59","modified_gmt":"2009-01-22T15:47:59","slug":"los-peligros-de-negar-o-banalizar-genocidios","status":"publish","type":"post","link":"https:\/\/cna.org.ar\/index.php\/2009\/01\/22\/los-peligros-de-negar-o-banalizar-genocidios\/","title":{"rendered":"Los peligros de negar o banalizar genocidios"},"content":{"rendered":"<p>Hablamos de larga marcha por cuanto a\u00fan no se han podido establecer mecanismos eficaces y seguros de prevenci\u00f3n de genocidios a pesar del avance en instrumentos legales y la creaci\u00f3n de tribunales ad hoc y la Corte Penal Internacional.<\/p>\n<p>La reciente conmemoraci\u00f3n del 60\u00c2\u00b0 Aniversario de la Convenci\u00f3n para la Prevenci\u00f3n y Sanci\u00f3n del Delito de Genocidio gener\u00f3 la recordaci\u00f3n de las mayores tragedias acaecidas en el siglo XX tipificadas como genocidio, pero tambi\u00e9n la aparici\u00f3n de aquellos que sembraron dudas sobre la existencia de genocidios, cuestionan el n\u00famero de victimas o tergiversan fechas y hechos pretendiendo relativizar o banalizar lo acaecido, llegando incluso a negar la existencia de los genocidios.<\/p>\n<p>En esta tarea se encuentran Turqu\u00ed\u00ada y aquellos que la acompa\u00f1an en su negaci\u00f3n de lo ocurrido en el Imperio Otomano con la poblaci\u00f3n armenia entre 1915 y 1923, hechos que han sido tipificados como genocidio por organismos supranacionales como las Naciones Unidas (1985), el Parlamento Europeo (1987), el Parlamento del Mercosur (2007) e infinidad de parlamentos nacionales y estados en Europa y Am\u00e9rica o instancias inobjetables como el Tribunal Permanente de los Pueblos (ex Tribunal Russel, 1984) y el Consejo Mundial de Iglesias (1983).<\/p>\n<p>La creaci\u00f3n del t\u00e9rmino genocidio, por el jurista polaco de origen jud\u00ed\u00ado Rafael Lemkin, tuvo su mayor antecedente en las matanzas de armenios durante la Primera Guerra Mundial. Respecto de hechos recientes relacionados al reconocimiento internacional del genocidio armenio, los m\u00e1s medi\u00e1ticos y disputados fueron los que se vivieron en 2007, durante el tratamiento del tema en la C\u00e1mara de Representantes de los Estados Unidos, luego de la contundente aprobaci\u00f3n del mismo en la Comisi\u00f3n de Relaciones Exteriores, a pesar de la ofensiva encabezada por el presidente George W. Bush.<\/p>\n<p>La presidenta de la C\u00e1mara de Representantes, Nancy Pelosi, prestigiosa defensora del reconocimiento, opt\u00f3 en aquel momento y de com\u00fan acuerdo con los representantes de la comunidad armenia local, retirar transitoriamente el Proyecto de Reconocimiento del orden del d\u00ed\u00ada, situaci\u00f3n que ha sido revisada para la pr\u00f3xima legislatura.<\/p>\n<p>No hay peor afrenta y dolor para los sobrevivientes o descendientes de v\u00ed\u00adctimas de un crimen de lesa humanidad que ver que aquellos que han tenido la responsabilidad de llevar a cabo dicho crimen o sus sucesores impulsen su negaci\u00f3n no escatimen medios para lograrlo.<\/p>\n<p>Estudiosos del fen\u00f3meno del Negacionismo, los profesores Yair Auron y Richard G. Hovannisian coinciden en se\u00f1alar que los negacionistas del genocidio armenio apelan en esa tarea a la racionalizaci\u00f3n, relativizaci\u00f3n, trivializaci\u00f3n y banalizaci\u00f3n de los hechos como forma de cuestionar la existencia del crimen cometido.<\/p>\n","protected":false},"excerpt":{"rendered":"<p><a href=\"http:\/\/www.cna.org.ar\/wp-content\/uploads\/2009\/01\/clarin-pag-25-nota-mario-nalpatian-22-de-ene-2009-medium.jpg\"><img loading=\"lazy\" decoding=\"async\" class=\"alignleft size-medium wp-image-287\" title=\"Diario Clar\u00ed\u00adn- Opini\u00f3n-22 de Enero de 2009- P\u00e1g. 25\" src=\"http:\/\/www.cna.org.ar\/wp-content\/uploads\/2009\/01\/clarin-pag-25-nota-mario-nalpatian-22-de-ene-2009-medium-221x300.jpg\" alt=\"&lt;p&gt;&lt;\/p&gt;\" width=\"183\" height=\"249\" \/><\/a>Diario Clar\u00ed\u00adn- Jueves 22 de Enero de 2009- Opini\u00f3n<\/p>\n<p><strong>En diciembre hubo aniversarios para no olvidar ni minimizar persecuciones ni masacres de pueblos. Pero hay quienes a\u00fan se atreven a hacerlo. <\/strong><\/p>\n<p>Por: Mario Nalpatian<br \/>\nFuente: EX PRESIDENTE DEL CONSEJO NACIONAL ARMENIO MUNDIAL<\/p>\n<p>Diciembre se ha transformado en el mes que mayor y mejores noticias ha deparado a la humanidad, en su larga marcha por el establecimiento y reivindicaci\u00f3n de sus derechos fundamentales. El 9 de diciembre de 1948 fue la sanci\u00f3n de la Convenci\u00f3n para la Prevenci\u00f3n y Sanci\u00f3n del Delito de Genocidio. El 10 de diciembre de 1948, fue la Declaraci\u00f3n Universal de los Derechos Humanos. El 18 de diciembre de 2008, el Tribunal Penal Internacional para Ruanda conden\u00f3 de por vida a los principales responsables del genocidio en aquel pa\u00ed\u00ads.<\/p>\n","protected":false},"author":1,"featured_media":0,"comment_status":"closed","ping_status":"closed","sticky":false,"template":"","format":"standard","meta":{"site-sidebar-layout":"default","site-content-layout":"","ast-site-content-layout":"default","site-content-style":"default","site-sidebar-style":"default","ast-global-header-display":"","ast-banner-title-visibility":"","ast-main-header-display":"","ast-hfb-above-header-display":"","ast-hfb-below-header-display":"","ast-hfb-mobile-header-display":"","site-post-title":"","ast-breadcrumbs-content":"","ast-featured-img":"","footer-sml-layout":"","theme-transparent-header-meta":"","adv-header-id-meta":"","stick-header-meta":"","header-above-stick-meta":"","header-main-stick-meta":"","header-below-stick-meta":"","astra-migrate-meta-layouts":"default","ast-page-background-enabled":"default","ast-page-background-meta":{"desktop":{"background-color":"var(--ast-global-color-4)","background-image":"","background-repeat":"repeat","background-position":"center center","background-size":"auto","background-attachment":"scroll","background-type":"","background-media":"","overlay-type":"","overlay-color":"","overlay-opacity":"","overlay-gradient":""},"tablet":{"background-color":"","background-image":"","background-repeat":"repeat","background-position":"center center","background-size":"auto","background-attachment":"scroll","background-type":"","background-media":"","overlay-type":"","overlay-color":"","overlay-opacity":"","overlay-gradient":""},"mobile":{"background-color":"","background-image":"","background-repeat":"repeat","background-position":"center center","background-size":"auto","background-attachment":"scroll","background-type":"","background-media":"","overlay-type":"","overlay-color":"","overlay-opacity":"","overlay-gradient":""}},"ast-content-background-meta":{"desktop":{"background-color":"var(--ast-global-color-5)","background-image":"","background-repeat":"repeat","background-position":"center center","background-size":"auto","background-attachment":"scroll","background-type":"","background-media":"","overlay-type":"","overlay-color":"","overlay-opacity":"","overlay-gradient":""},"tablet":{"background-color":"var(--ast-global-color-5)","background-image":"","background-repeat":"repeat","background-position":"center center","background-size":"auto","background-attachment":"scroll","background-type":"","background-media":"","overlay-type":"","overlay-color":"","overlay-opacity":"","overlay-gradient":""},"mobile":{"background-color":"var(--ast-global-color-5)","background-image":"","background-repeat":"repeat","background-position":"center center","background-size":"auto","background-attachment":"scroll","background-type":"","background-media":"","overlay-type":"","overlay-color":"","overlay-opacity":"","overlay-gradient":""}},"_jetpack_memberships_contains_paid_content":false,"footnotes":""},"categories":[8],"tags":[],"class_list":["post-285","post","type-post","status-publish","format-standard","hentry","category-prensa"],"jetpack_featured_media_url":"","jetpack_sharing_enabled":true,"_links":{"self":[{"href":"https:\/\/cna.org.ar\/index.php\/wp-json\/wp\/v2\/posts\/285","targetHints":{"allow":["GET"]}}],"collection":[{"href":"https:\/\/cna.org.ar\/index.php\/wp-json\/wp\/v2\/posts"}],"about":[{"href":"https:\/\/cna.org.ar\/index.php\/wp-json\/wp\/v2\/types\/post"}],"author":[{"embeddable":true,"href":"https:\/\/cna.org.ar\/index.php\/wp-json\/wp\/v2\/users\/1"}],"replies":[{"embeddable":true,"href":"https:\/\/cna.org.ar\/index.php\/wp-json\/wp\/v2\/comments?post=285"}],"version-history":[{"count":0,"href":"https:\/\/cna.org.ar\/index.php\/wp-json\/wp\/v2\/posts\/285\/revisions"}],"wp:attachment":[{"href":"https:\/\/cna.org.ar\/index.php\/wp-json\/wp\/v2\/media?parent=285"}],"wp:term":[{"taxonomy":"category","embeddable":true,"href":"https:\/\/cna.org.ar\/index.php\/wp-json\/wp\/v2\/categories?post=285"},{"taxonomy":"post_tag","embeddable":true,"href":"https:\/\/cna.org.ar\/index.php\/wp-json\/wp\/v2\/tags?post=285"}],"curies":[{"name":"wp","href":"https:\/\/api.w.org\/{rel}","templated":true}]}}