{"id":3188,"date":"2014-04-30T18:05:46","date_gmt":"2014-04-30T21:05:46","guid":{"rendered":"http:\/\/www.cna.org.ar\/?p=3188"},"modified":"2015-09-28T18:05:34","modified_gmt":"2015-09-28T18:05:34","slug":"acto-en-el-congreso-de-la-nacion-por-el-dia-de-accion-por-la-tolerancia-y-el-respeto-entre-los-pueblos","status":"publish","type":"post","link":"https:\/\/cna.org.ar\/index.php\/2014\/04\/30\/acto-en-el-congreso-de-la-nacion-por-el-dia-de-accion-por-la-tolerancia-y-el-respeto-entre-los-pueblos\/","title":{"rendered":"Acto en el Congreso de la Naci\u00f3n por el \u00abD\u00eda de acci\u00f3n por la tolerancia y el respeto entre los pueblos\u00bb"},"content":{"rendered":"<p>El martes 29 de abril se realiz\u00f3 en el Sal\u00f3n de los Pasos Perdidos del\u00a0<b>Congreso de la Naci\u00f3n<\/b>, un homenaje a la\u00a0<b>Ley 26.199<\/b>, que conmemora todos los 24 de abril como el \u201c<b>D\u00eda de Acci\u00f3n por la Tolerancia y el Respeto entre los pueblos<\/b>\u201d en conmemoraci\u00f3n del\u00a0<b>genocidio de que fue v\u00edctima el pueblo\u00a0armenio<\/b>.<br \/>\n<a href=\"https:\/\/i0.wp.com\/cna.org.ar\/wp-content\/uploads\/2014\/04\/29-04-2014-Genocidio-Armenio-en-Diputados04.jpg?ssl=1\"><img data-recalc-dims=\"1\" loading=\"lazy\" decoding=\"async\" class=\"alignright size-medium wp-image-4070\" src=\"https:\/\/i0.wp.com\/cna.org.ar\/wp-content\/uploads\/2014\/04\/29-04-2014-Genocidio-Armenio-en-Diputados04.jpg?resize=300%2C171&#038;ssl=1\" alt=\"29-04-2014 Genocidio Armenio en Diputados04\" width=\"300\" height=\"171\" srcset=\"https:\/\/i0.wp.com\/cna.org.ar\/wp-content\/uploads\/2014\/04\/29-04-2014-Genocidio-Armenio-en-Diputados04.jpg?resize=300%2C171&amp;ssl=1 300w, https:\/\/i0.wp.com\/cna.org.ar\/wp-content\/uploads\/2014\/04\/29-04-2014-Genocidio-Armenio-en-Diputados04.jpg?resize=1024%2C584&amp;ssl=1 1024w, https:\/\/i0.wp.com\/cna.org.ar\/wp-content\/uploads\/2014\/04\/29-04-2014-Genocidio-Armenio-en-Diputados04.jpg?resize=614%2C350&amp;ssl=1 614w, https:\/\/i0.wp.com\/cna.org.ar\/wp-content\/uploads\/2014\/04\/29-04-2014-Genocidio-Armenio-en-Diputados04.jpg?w=2000&amp;ssl=1 2000w, https:\/\/i0.wp.com\/cna.org.ar\/wp-content\/uploads\/2014\/04\/29-04-2014-Genocidio-Armenio-en-Diputados04.jpg?w=3000&amp;ssl=1 3000w\" sizes=\"auto, (max-width: 300px) 100vw, 300px\" \/><\/a>El acto, organizado por el\u00a0<b>Consejo Nacional\u00a0Armenio de Sudam\u00e9rica\u00a0<\/b>(CNA), cont\u00f3 con la participaci\u00f3n de la diputada\u00a0<a title=\"Se conform\u00f3 el Grupo de Amistad Parlamentario con la Rep\u00fablica de Armenia\" href=\"http:\/\/www.cna.org.ar\/se-conformo-el-grupo-de-amistad-parlamentario-con-la-republica-de-armenia\/\"><b>Cristina Ziebart<\/b><\/a>, presidente del Grupo de Amistad\u00a0Parlamentario\u00a0con la Rep\u00fablica de Armenia, el diputado\u00a0<b>Carlos Raimundi, quien lo integra<\/b>, junto al senador\u00a0<b>Rub\u00e9n Giustiniani,\u00a0<\/b>y el subsecretario de Equidad y Calidad Educativa del Ministerio de Educaci\u00f3n,\u00a0<b>Gabriel Brener<\/b>. Entre los asistentes se encontraban el Interventor del INADI,\u00a0<b>Pedro Mouratian<\/b>, el activista y disidente turco\u00a0<b>Ragip Zarakolu, el periodista y documentalista kurdo Mehmet Dogan,\u00a0<\/b>el embajador de\u00a0Armenia\u00a0en Argentina,\u00a0<b>Vahagn Melikian y la<\/b>.C\u00f3nsul Estera Mkrdumyan. Asimismo, adhirieron al acto la Defensor\u00eda del Pueblo de la Ciudad Aut\u00f3noma de Buenos Aires, el\u00a0\u00a0programa Educaci\u00f3n y Memoria del Ministerio de Educaci\u00f3n porte\u00f1o y el\u00a0Centro Internacional para la Promoci\u00f3n de los Derechos Humanos (CIPDH) bajo auspicio de Unesco.<\/p>\n<p>El Dr.\u00a0<b>Hugo Kuyumdjian<\/b>, quien abri\u00f3 el acto en nombre del CNA, destac\u00f3 que la <a href=\"http:\/\/www.cna.org.ar\/PDF\/PublicacionLey.pdf\" target=\"_blank\">Ley 26.199<\/a> \u00abes el resultado de las sucesivas declaraciones y resoluciones parlamentarias a nivel nacional y provincial que, junto con el reconocimiento p\u00fablico en el a\u00f1o 1987 del entonces presidente\u00a0<b>Ra\u00fal Alfons\u00edn<\/b>, marcaron un hito en la postura frente a la cuesti\u00f3n\u00bb.<\/p>\n<p><a href=\"https:\/\/i0.wp.com\/cna.org.ar\/wp-content\/uploads\/2014\/04\/29-04-2014-Genocidio-Armenio-en-Diputados06.jpg?ssl=1\"><img data-recalc-dims=\"1\" loading=\"lazy\" decoding=\"async\" class=\"alignleft size-medium wp-image-4072\" src=\"https:\/\/i0.wp.com\/cna.org.ar\/wp-content\/uploads\/2014\/04\/29-04-2014-Genocidio-Armenio-en-Diputados06.jpg?resize=300%2C169&#038;ssl=1\" alt=\"29-04-2014 Genocidio Armenio en Diputados06\" width=\"300\" height=\"169\" srcset=\"https:\/\/i0.wp.com\/cna.org.ar\/wp-content\/uploads\/2014\/04\/29-04-2014-Genocidio-Armenio-en-Diputados06.jpg?resize=300%2C169&amp;ssl=1 300w, https:\/\/i0.wp.com\/cna.org.ar\/wp-content\/uploads\/2014\/04\/29-04-2014-Genocidio-Armenio-en-Diputados06.jpg?resize=1024%2C575&amp;ssl=1 1024w, https:\/\/i0.wp.com\/cna.org.ar\/wp-content\/uploads\/2014\/04\/29-04-2014-Genocidio-Armenio-en-Diputados06.jpg?resize=620%2C348&amp;ssl=1 620w, https:\/\/i0.wp.com\/cna.org.ar\/wp-content\/uploads\/2014\/04\/29-04-2014-Genocidio-Armenio-en-Diputados06.jpg?w=2000&amp;ssl=1 2000w, https:\/\/i0.wp.com\/cna.org.ar\/wp-content\/uploads\/2014\/04\/29-04-2014-Genocidio-Armenio-en-Diputados06.jpg?w=3000&amp;ssl=1 3000w\" sizes=\"auto, (max-width: 300px) 100vw, 300px\" \/><\/a>De todas maneras, advirti\u00f3 que \u00abtodos estos avances, que suponemos consolidados, se topan cotidianamente con los intentos del\u00a0<b>lobby de Turqu\u00eda<\/b>, y m\u00e1s recientemente con la presencia del\u00a0<a title=\"\u201cLos armenios en M\u00e9xico: pasado y presente\u201d-conferencia del Dr. Carlos Antaramian\" href=\"http:\/\/www.cna.org.ar\/los-armenios-en-mexico-pasado-y-presente-conferencia-del-dr-carlos-antaramian\/\" target=\"_blank\"><b>lobby de Azerbaiy\u00e1n<\/b><\/a>, pa\u00edses que operan de manera conjunta\u00bb, para \u00abmantener vigente la idea de limpieza \u00e9tnica para con los\u00a0armenios, considerando no solo a la lucha por el reconocimiento del genocidio\u00a0armenio\u00a0sino a la existencia de\u00a0Armenia\u00a0un escollo para sus intereses\u00bb, algo que \u00abse traduce en intentos cotidianos por\u00a0<b>incidir en \u00e1mbitos acad\u00e9micos educativos, pol\u00edticos y period\u00edsticos para otorgar una versi\u00f3n maniquea de la historia<\/b>\u00ab.<\/p>\n<p>Luego, se refiri\u00f3 a la declaraci\u00f3n del Primer Ministro de Turqu\u00eda,\u00a0<b>Recep Tayyip Erdogan<\/b>, el d\u00eda anterior a conmemorarse el 99\u00ba aniversario del genocidio\u00a0armenio, explicando que \u00absi bien algunos medios que levantaron la noticia lo calificaron de hist\u00f3rico,\u00a0<b>el gobierno turco siempre neg\u00f3 que se hayan producido las masacres y muchas veces culp\u00f3 a los mismos\u00a0armenios\u00a0de ser los responsables de su propio genocidio<\/b>\u00ab.<\/p>\n<p><a href=\"https:\/\/i0.wp.com\/cna.org.ar\/wp-content\/uploads\/2014\/04\/29-04-2014-Genocidio-Armenio-en-Diputados05.jpg?ssl=1\"><img data-recalc-dims=\"1\" loading=\"lazy\" decoding=\"async\" class=\"alignright size-medium wp-image-4073\" src=\"https:\/\/i0.wp.com\/cna.org.ar\/wp-content\/uploads\/2014\/04\/29-04-2014-Genocidio-Armenio-en-Diputados05.jpg?resize=300%2C196&#038;ssl=1\" alt=\"29-04-2014 Genocidio Armenio en Diputados05\" width=\"300\" height=\"196\" srcset=\"https:\/\/i0.wp.com\/cna.org.ar\/wp-content\/uploads\/2014\/04\/29-04-2014-Genocidio-Armenio-en-Diputados05.jpg?resize=300%2C196&amp;ssl=1 300w, https:\/\/i0.wp.com\/cna.org.ar\/wp-content\/uploads\/2014\/04\/29-04-2014-Genocidio-Armenio-en-Diputados05.jpg?resize=1024%2C667&amp;ssl=1 1024w, https:\/\/i0.wp.com\/cna.org.ar\/wp-content\/uploads\/2014\/04\/29-04-2014-Genocidio-Armenio-en-Diputados05.jpg?resize=537%2C350&amp;ssl=1 537w, https:\/\/i0.wp.com\/cna.org.ar\/wp-content\/uploads\/2014\/04\/29-04-2014-Genocidio-Armenio-en-Diputados05.jpg?w=2000&amp;ssl=1 2000w, https:\/\/i0.wp.com\/cna.org.ar\/wp-content\/uploads\/2014\/04\/29-04-2014-Genocidio-Armenio-en-Diputados05.jpg?w=3000&amp;ssl=1 3000w\" sizes=\"auto, (max-width: 300px) 100vw, 300px\" \/><\/a>\u00ab<b>La propuesta de crear una comisi\u00f3n mixta integrada por historiadores turcos y\u00a0armenios\u00a0<\/b>para estudiar lo que ocurri\u00f3,\u00a0<b>es una idea usada desde hace a\u00f1os por Turqu\u00eda para negar el genocidio<\/b>, intentando presentar dos visiones opuestas sobre el tema, algo que en Argentina conocemos desde la \u00faltima como la &#8216;teor\u00eda de los dos demonios&#8217;, donde hay dos bandos antag\u00f3nicos y no una v\u00edctima y un victimario\u00bb, agreg\u00f3\u00a0<b>Kuyumdjian<\/b>, en referencia a la \u00faltima dictadura c\u00edvico-militar.<\/p>\n<p>El diputado por la Provincia de Buenos Aires,\u00a0<b>Carlos Raimundi<\/b>, expres\u00f3 que en las relaciones internacionales \u00abhay que saber contemplar distintos intereses\u00bb, pero \u00ab<b>hay algunos puntos fundamentales que no pueden ser objeto de presi\u00f3n ni de ning\u00fan tipo de consideraci\u00f3n<\/b>\u00ab. Refiri\u00e9ndose a la Ley 26.199, y luego de destacar el ejemplo y la pluralidad de los partidos que la aprobaron, se\u00f1al\u00f3 que \u00abcuando est\u00e1 en juego un acontecimiento hist\u00f3rico que afect\u00f3 a la condici\u00f3n humana, no hay negociaci\u00f3n posible\u00bb, en relaci\u00f3n con las presiones turcas.<\/p>\n<p>El senador por la Provincia de Santa Fe,\u00a0<b>Rub\u00e9n Giustiniani<\/b>, tras recordar y repudiar los sucesos de 1915 a 1923, opin\u00f3 que \u00abcada aniversario del genocidio debe ser una ocasi\u00f3n para reflexionar, para evaluar\u00a0<b>cu\u00e1nto se ha avanzado y cu\u00e1nto resta a\u00fan para hacer memoria y hacer justicia<\/b>\u00ab.<\/p>\n<p>\u00abLa memoria de los pueblos y su conciencia hist\u00f3rica son las verdaderas ra\u00edces para un futuro de paz. Bregamos porque el reconocimiento respecto por los derechos humanos sea obligatorio para todos los Estados\u00bb, agreg\u00f3.<\/p>\n<p>El subsecretario\u00a0<b>Gabriel Brener\u00a0<\/b>destac\u00f3 la importancia de la educaci\u00f3n como \u00abconstrucci\u00f3n de la alteridad, construcci\u00f3n de convivencia con los otros\u00bb, ya que \u00ab<b>vivimos tiempos marcados por la figura del otro como amenaza, y eso es la antesala tambi\u00e9n de la negaci\u00f3n del otro<\/b>\u00ab. En el mismo sentido, se\u00f1al\u00f3 que los procesos de silenciamiento y de negaci\u00f3n son otra forma de violencia.<\/p>\n<p>Por \u00faltimo, la diputada por Chubut,\u00a0<b>Cristina Ziebart<\/b>, habl\u00f3 del \u00abcompromiso de recordar lo vivido en el pasado\u00bb, para \u00ab<b>aprender de las experiencias vividas y no repetir los errores del pasado<\/b>\u00ab.<\/p>\n<p>\u00abNo se trata solo de conmemorar el genocidio, debemos tambi\u00e9n\u00a0 asumir el compromiso de revisar permanentemente aquellos indicadores de cualquier forma de intolerancia. Se trata de advertir y prevenir a la humanidad para que sea posible la resoluci\u00f3n de conflictos sin recurrir a lo que la Asamblea General de Naciones Unidas ha definido como &#8216;la negaci\u00f3n del derecho a la existencia a grupos humanos enteros'\u00bb, finaliz\u00f3.<\/p>\n","protected":false},"excerpt":{"rendered":"<p>El martes 29 de abril se realiz\u00f3 en el Sal\u00f3n de los Pasos Perdidos del\u00a0Congreso de la Naci\u00f3n, un homenaje a la\u00a0Ley 26.199, que conmemora todos los 24 de abril como el \u201cD\u00eda de Acci\u00f3n por la Tolerancia y el Respeto entre los pueblos\u201d en conmemoraci\u00f3n del\u00a0genocidio de que fue v\u00edctima el pueblo\u00a0armenio. El acto, [&hellip;]<\/p>\n","protected":false},"author":1,"featured_media":4072,"comment_status":"closed","ping_status":"closed","sticky":false,"template":"","format":"standard","meta":{"site-sidebar-layout":"default","site-content-layout":"","ast-site-content-layout":"default","site-content-style":"default","site-sidebar-style":"default","ast-global-header-display":"","ast-banner-title-visibility":"","ast-main-header-display":"","ast-hfb-above-header-display":"","ast-hfb-below-header-display":"","ast-hfb-mobile-header-display":"","site-post-title":"","ast-breadcrumbs-content":"","ast-featured-img":"","footer-sml-layout":"","theme-transparent-header-meta":"","adv-header-id-meta":"","stick-header-meta":"","header-above-stick-meta":"","header-main-stick-meta":"","header-below-stick-meta":"","astra-migrate-meta-layouts":"default","ast-page-background-enabled":"default","ast-page-background-meta":{"desktop":{"background-color":"var(--ast-global-color-4)","background-image":"","background-repeat":"repeat","background-position":"center center","background-size":"auto","background-attachment":"scroll","background-type":"","background-media":"","overlay-type":"","overlay-color":"","overlay-opacity":"","overlay-gradient":""},"tablet":{"background-color":"","background-image":"","background-repeat":"repeat","background-position":"center center","background-size":"auto","background-attachment":"scroll","background-type":"","background-media":"","overlay-type":"","overlay-color":"","overlay-opacity":"","overlay-gradient":""},"mobile":{"background-color":"","background-image":"","background-repeat":"repeat","background-position":"center center","background-size":"auto","background-attachment":"scroll","background-type":"","background-media":"","overlay-type":"","overlay-color":"","overlay-opacity":"","overlay-gradient":""}},"ast-content-background-meta":{"desktop":{"background-color":"var(--ast-global-color-5)","background-image":"","background-repeat":"repeat","background-position":"center center","background-size":"auto","background-attachment":"scroll","background-type":"","background-media":"","overlay-type":"","overlay-color":"","overlay-opacity":"","overlay-gradient":""},"tablet":{"background-color":"var(--ast-global-color-5)","background-image":"","background-repeat":"repeat","background-position":"center center","background-size":"auto","background-attachment":"scroll","background-type":"","background-media":"","overlay-type":"","overlay-color":"","overlay-opacity":"","overlay-gradient":""},"mobile":{"background-color":"var(--ast-global-color-5)","background-image":"","background-repeat":"repeat","background-position":"center center","background-size":"auto","background-attachment":"scroll","background-type":"","background-media":"","overlay-type":"","overlay-color":"","overlay-opacity":"","overlay-gradient":""}},"_jetpack_memberships_contains_paid_content":false,"footnotes":""},"categories":[3],"tags":[24,16,83,25,160,34,17,18,161,28,11,162,163,54,12,109,22,23,164,111],"class_list":["post-3188","post","type-post","status-publish","format-standard","has-post-thumbnail","hentry","category-actividades","tag-argentina","tag-armenia-2","tag-armenio","tag-armenios","tag-brener","tag-causa-armenia","tag-ddhh","tag-derechos-humanos","tag-dogan","tag-genocidio","tag-genocidio-armenio","tag-giustiniani","tag-kuyumdjian","tag-mouratian","tag-negacionismo","tag-raimundi","tag-turkey","tag-turquia","tag-zarakolu","tag-ziebart"],"jetpack_featured_media_url":"https:\/\/i0.wp.com\/cna.org.ar\/wp-content\/uploads\/2014\/04\/29-04-2014-Genocidio-Armenio-en-Diputados06.jpg?fit=5645%2C3172&ssl=1","jetpack_sharing_enabled":true,"_links":{"self":[{"href":"https:\/\/cna.org.ar\/index.php\/wp-json\/wp\/v2\/posts\/3188","targetHints":{"allow":["GET"]}}],"collection":[{"href":"https:\/\/cna.org.ar\/index.php\/wp-json\/wp\/v2\/posts"}],"about":[{"href":"https:\/\/cna.org.ar\/index.php\/wp-json\/wp\/v2\/types\/post"}],"author":[{"embeddable":true,"href":"https:\/\/cna.org.ar\/index.php\/wp-json\/wp\/v2\/users\/1"}],"replies":[{"embeddable":true,"href":"https:\/\/cna.org.ar\/index.php\/wp-json\/wp\/v2\/comments?post=3188"}],"version-history":[{"count":2,"href":"https:\/\/cna.org.ar\/index.php\/wp-json\/wp\/v2\/posts\/3188\/revisions"}],"predecessor-version":[{"id":4074,"href":"https:\/\/cna.org.ar\/index.php\/wp-json\/wp\/v2\/posts\/3188\/revisions\/4074"}],"wp:featuredmedia":[{"embeddable":true,"href":"https:\/\/cna.org.ar\/index.php\/wp-json\/wp\/v2\/media\/4072"}],"wp:attachment":[{"href":"https:\/\/cna.org.ar\/index.php\/wp-json\/wp\/v2\/media?parent=3188"}],"wp:term":[{"taxonomy":"category","embeddable":true,"href":"https:\/\/cna.org.ar\/index.php\/wp-json\/wp\/v2\/categories?post=3188"},{"taxonomy":"post_tag","embeddable":true,"href":"https:\/\/cna.org.ar\/index.php\/wp-json\/wp\/v2\/tags?post=3188"}],"curies":[{"name":"wp","href":"https:\/\/api.w.org\/{rel}","templated":true}]}}