{"id":3202,"date":"2014-05-13T16:17:11","date_gmt":"2014-05-13T19:17:11","guid":{"rendered":"http:\/\/www.cna.org.ar\/?p=3202"},"modified":"2015-09-28T17:59:44","modified_gmt":"2015-09-28T17:59:44","slug":"acto-en-la-legislatura-portena-por-la-ensenanza-del-genocidio-armenio-en-las-escuelas","status":"publish","type":"post","link":"https:\/\/cna.org.ar\/index.php\/2014\/05\/13\/acto-en-la-legislatura-portena-por-la-ensenanza-del-genocidio-armenio-en-las-escuelas\/","title":{"rendered":"Acto en la Legislatura porte\u00f1a por la ense\u00f1anza del  Genocidio Armenio en las escuelas"},"content":{"rendered":"<p>En la Legislatura de la Ciudad Aut\u00f3noma de Buenos Aires, el Consejo Nacional Armenio organiz\u00f3 un acto de reconocimiento de los <a title=\"El genocidio armenio en dos proyectos de la Legislatura porte\u00f1a\" href=\"http:\/\/www.cna.org.ar\/el-genocidio-armenio-en-dos-proyectos-de-la-legislatura-portena\/\" target=\"_blank\">dos proyectos presentados<\/a> en la C\u00e1mara en el mes de abril vinculados al genocidio contra el pueblo armenio. En el Sal\u00f3n San Mart\u00edn, los legisladores Virginia Gonz\u00e1lez Gass y Pablo Ferreyra, impulsores de los proyectos, formaron parte de un panel junto al Subsecretario de Derechos Humanos y Pluralismo Cultural de la Ciudad, Claudio Avruj, presentados por Carolina Karagueuzian, directora del Consejo Nacional Armenio de Sudam\u00e9rica en Buenos Aires.<\/p>\n<p><a href=\"https:\/\/i0.wp.com\/cna.org.ar\/wp-content\/uploads\/2015\/01\/legis1.jpg?ssl=1\"><img data-recalc-dims=\"1\" loading=\"lazy\" decoding=\"async\" class=\"alignleft size-medium wp-image-3608\" src=\"https:\/\/i0.wp.com\/cna.org.ar\/wp-content\/uploads\/2015\/01\/legis1.jpg?resize=300%2C165&#038;ssl=1\" alt=\"legis1\" width=\"300\" height=\"165\" srcset=\"https:\/\/i0.wp.com\/cna.org.ar\/wp-content\/uploads\/2015\/01\/legis1.jpg?resize=300%2C165&amp;ssl=1 300w, https:\/\/i0.wp.com\/cna.org.ar\/wp-content\/uploads\/2015\/01\/legis1.jpg?resize=200%2C110&amp;ssl=1 200w, https:\/\/i0.wp.com\/cna.org.ar\/wp-content\/uploads\/2015\/01\/legis1.jpg?resize=620%2C341&amp;ssl=1 620w, https:\/\/i0.wp.com\/cna.org.ar\/wp-content\/uploads\/2015\/01\/legis1.jpg?w=635&amp;ssl=1 635w\" sizes=\"auto, (max-width: 300px) 100vw, 300px\" \/><\/a>Del evento tambi\u00e9n participaron autoridades y miembros de la comunidad educativa de la Ciudad , como Claudio Altamirano, coordinador del programa Educaci\u00f3n y Memoria del Ministerio de Educaci\u00f3n de la Ciudad, Mat\u00edas Zalduendo, miembro de la Comisi\u00f3n Directiva de la Uni\u00f3n de Trabajadores de la Educaci\u00f3n, la c\u00f3nsul de la embajada de Armenia en Argentina, Esther Mkrtumyan, y representantes de distintos colegios y organizaciones de la comunidad armenia. Asimismo, los legisladores Jos\u00e9 Campagnoli y Victoria Morales Gorleri, firmantes de uno de los proyectos, enviaron sus adhesiones al acto. Asimismo, estuvieron presentes autoridades y alumnos del Instituto Marie Manoogian, del Colegio Mekhitarista, del Colegio Armenio de Vicente L\u00f3pez, del Colegio Arzrun\u00ed y del Colegio Armenio Jrimian, y representantes de organizaciones de la comunidad armenia.<\/p>\n<p><a href=\"https:\/\/i0.wp.com\/cna.org.ar\/wp-content\/uploads\/2015\/01\/legis2.jpg?ssl=1\"><img data-recalc-dims=\"1\" loading=\"lazy\" decoding=\"async\" class=\"alignright size-medium wp-image-3609\" src=\"https:\/\/i0.wp.com\/cna.org.ar\/wp-content\/uploads\/2015\/01\/legis2.jpg?resize=300%2C191&#038;ssl=1\" alt=\"legis2\" width=\"300\" height=\"191\" srcset=\"https:\/\/i0.wp.com\/cna.org.ar\/wp-content\/uploads\/2015\/01\/legis2.jpg?resize=300%2C191&amp;ssl=1 300w, https:\/\/i0.wp.com\/cna.org.ar\/wp-content\/uploads\/2015\/01\/legis2.jpg?resize=548%2C350&amp;ssl=1 548w, https:\/\/i0.wp.com\/cna.org.ar\/wp-content\/uploads\/2015\/01\/legis2.jpg?w=923&amp;ssl=1 923w\" sizes=\"auto, (max-width: 300px) 100vw, 300px\" \/><\/a>Carolina Karagueuzian present\u00f3 los proyectos aprobados por la Legislatura: el primero, una \u00abdeclaraci\u00f3n redactada por las legisladoras Virginia Gonz\u00e1lez Gass y Mar\u00eda Raquel Herrero, y acompa\u00f1ada por Pablo Ferreyra, para conmemorar el 24 de abril como el &#8216;D\u00eda del Primer Genocidio del Siglo XX&#8217;, a\u00f1o en que se cumple &#8216;el 99\u00b0 aniversario del genocidio del que fuera v\u00edctima el pueblo armenio'\u00bb, mientras que el segundo, presentado por Pablo Ferreyra, \u00abrecomienda al Ministerio de Educaci\u00f3n realizar las gestiones necesarias para que los distintos distritos escolares y escuelas de la Ciudad realicen actividades curriculares alusivas al D\u00eda de Acci\u00f3n por la Tolerancia y el Respeto entre los Pueblos, en referencia a la <a href=\"http:\/\/www.cna.org.ar\/PDF\/PublicacionLey.pdf\" target=\"_blank\">Ley 26.199<\/a>\u00a0que conmemora el genocidio sufrido por el pueblo armenio todos los 24 de abril\u00bb. Adem\u00e1s, destac\u00f3 cu\u00e1l es la posici\u00f3n hist\u00f3rica de la Argentina frente al genocidio, reconocido por los tres poderes del Estado, y de la Ciudad Aut\u00f3noma de Buenos Aires.<\/p>\n<p>En este sentido, Karagueuzian relat\u00f3 el trabajo que se hace desde las organizaciones armenias en el \u00e1mbito educativo, resaltando que \u00abla historia del pueblo armenio y de la Argentina durante la \u00faltima dictadura militar no son hechos separados, desvinculados entre s\u00ed, sino que poseen elementos comunes. Pr\u00e1cticas que se repiten y son ejecutadas por distintos Estados de manera sistem\u00e1tica para perseguir, torturar, matar o condenar al exilio a aquel que consideran diferente\u00bb.<\/p>\n<p><a href=\"https:\/\/i0.wp.com\/cna.org.ar\/wp-content\/uploads\/2015\/01\/vgg.jpg?ssl=1\"><img data-recalc-dims=\"1\" loading=\"lazy\" decoding=\"async\" class=\"alignleft size-medium wp-image-3528\" src=\"https:\/\/i0.wp.com\/cna.org.ar\/wp-content\/uploads\/2015\/01\/vgg.jpg?resize=300%2C198&#038;ssl=1\" alt=\"vgg\" width=\"300\" height=\"198\" srcset=\"https:\/\/i0.wp.com\/cna.org.ar\/wp-content\/uploads\/2015\/01\/vgg.jpg?resize=300%2C198&amp;ssl=1 300w, https:\/\/i0.wp.com\/cna.org.ar\/wp-content\/uploads\/2015\/01\/vgg.jpg?resize=529%2C350&amp;ssl=1 529w, https:\/\/i0.wp.com\/cna.org.ar\/wp-content\/uploads\/2015\/01\/vgg.jpg?w=909&amp;ssl=1 909w\" sizes=\"auto, (max-width: 300px) 100vw, 300px\" \/><\/a>La diputada Gonz\u00e1lez Gass anticip\u00f3 que presentaron un proyecto para que el a\u00f1o 2015, momento en que se conmemoran los 100 a\u00f1os del Genocidio Armenio, sea declarado el \u00aba\u00f1o por la Tolerancia y el Respeto entre los Pueblos\u00bb. La diputada tambi\u00e9n record\u00f3 una carta que le envi\u00f3 al embajador de Turqu\u00eda instando a que se reconozca el genocidio. Adem\u00e1s, hizo referencia a una carta que le enviara al Embajador de Turqu\u00eda en Argentina, Taner Karaka\u015f, donde consignaba que \u00abla relevancia de esta conmemoraci\u00f3n radica en que fue el primer genocidio moderno y es considerado un delito de lesa humanidad. Adem\u00e1s de que su imprescriptibilidad se encuentra postulada en la \u201cConvenci\u00f3n sobre la imprescriptibilidad de los cr\u00edmenes de guerra y de los cr\u00edmenes de lesa humanidad\u201d del 26 de noviembre de 1968\u00bb.<\/p>\n<p><a href=\"https:\/\/i0.wp.com\/cna.org.ar\/wp-content\/uploads\/2015\/01\/pf.jpg?ssl=1\"><img data-recalc-dims=\"1\" loading=\"lazy\" decoding=\"async\" class=\"alignright size-medium wp-image-3635\" src=\"https:\/\/i0.wp.com\/cna.org.ar\/wp-content\/uploads\/2015\/01\/pf.jpg?resize=300%2C197&#038;ssl=1\" alt=\"pf\" width=\"300\" height=\"197\" srcset=\"https:\/\/i0.wp.com\/cna.org.ar\/wp-content\/uploads\/2015\/01\/pf.jpg?resize=300%2C197&amp;ssl=1 300w, https:\/\/i0.wp.com\/cna.org.ar\/wp-content\/uploads\/2015\/01\/pf.jpg?resize=534%2C350&amp;ssl=1 534w, https:\/\/i0.wp.com\/cna.org.ar\/wp-content\/uploads\/2015\/01\/pf.jpg?w=905&amp;ssl=1 905w\" sizes=\"auto, (max-width: 300px) 100vw, 300px\" \/><\/a>Por su parte, Pablo Ferreyra destac\u00f3 el proyecto educativo que present\u00f3 su bloque en abril, haciendo hincapi\u00e9 en que se \u00abincorpora un giro en la metodolog\u00eda para preservar la memoria\u00bb, ya que \u00abse pasa de la responsabilidad y la voluntad de organizaciones de la comunidad a que sea una definici\u00f3n del Estado\u00bb, para que \u00abpromueva y apoye la producci\u00f3n de recursos did\u00e1cticos y \u00e1mbitos en donde se pueda reflexionar sobre el tema\u00bb. Adem\u00e1s, se\u00f1al\u00f3 que dado el posicionamiento nacional y de la Ciudad frente al tema, \u201cser\u00eda importante potenciarlo de cara al Centenario, no por la importancia de un n\u00famero, sino tambi\u00e9n por los esfuerzos contrarios a la reivindicaci\u00f3n del genocidio, de relativizar el car\u00e1cter sistem\u00e1tico del plan de exterminio, que es parte de la pol\u00edtica negacionista del Estado turco, y de los miembros de la OTAN que en funci\u00f3n de sus intereses geoestrat\u00e9gicos siguen sin hablar de genocidio para no irritar a su principal aliado en la regi\u00f3n. La Argentina, y la Ciudad, no pueden retroceder en esto, y toda pol\u00edtica que vaya en este sentido tiene que contemplar esta realidad\u201d.<\/p>\n<p>Por \u00faltimo, Claudio Avruj hizo referencia a su gesti\u00f3n para lograr la cesi\u00f3n por parte de la Ciudad de un terreno para que se construya un museo del Genocidio Armenio administrado por todas las instituciones de la comunidad. \u00abSe lo merece la comunidad armenia por el esfuerzo de sus sobrevivientes y descendientes, y lo necesita la sociedad argentina\u00bb, indic\u00f3 Avruj, quien afirm\u00f3 que el compromiso era no s\u00f3lo de la gesti\u00f3n que representa, sino que lo hizo propio.<\/p>\n","protected":false},"excerpt":{"rendered":"<p>En la Legislatura de la Ciudad Aut\u00f3noma de Buenos Aires, el Consejo Nacional Armenio organiz\u00f3 un acto de reconocimiento de los dos proyectos presentados en la C\u00e1mara en el mes de abril vinculados al genocidio contra el pueblo armenio. En el Sal\u00f3n San Mart\u00edn, los legisladores Virginia Gonz\u00e1lez Gass y Pablo Ferreyra, impulsores de los [&hellip;]<\/p>\n","protected":false},"author":1,"featured_media":3610,"comment_status":"closed","ping_status":"closed","sticky":false,"template":"","format":"standard","meta":{"site-sidebar-layout":"default","site-content-layout":"","ast-site-content-layout":"default","site-content-style":"default","site-sidebar-style":"default","ast-global-header-display":"","ast-banner-title-visibility":"","ast-main-header-display":"","ast-hfb-above-header-display":"","ast-hfb-below-header-display":"","ast-hfb-mobile-header-display":"","site-post-title":"","ast-breadcrumbs-content":"","ast-featured-img":"","footer-sml-layout":"","theme-transparent-header-meta":"","adv-header-id-meta":"","stick-header-meta":"","header-above-stick-meta":"","header-main-stick-meta":"","header-below-stick-meta":"","astra-migrate-meta-layouts":"default","ast-page-background-enabled":"default","ast-page-background-meta":{"desktop":{"background-color":"var(--ast-global-color-4)","background-image":"","background-repeat":"repeat","background-position":"center center","background-size":"auto","background-attachment":"scroll","background-type":"","background-media":"","overlay-type":"","overlay-color":"","overlay-opacity":"","overlay-gradient":""},"tablet":{"background-color":"","background-image":"","background-repeat":"repeat","background-position":"center center","background-size":"auto","background-attachment":"scroll","background-type":"","background-media":"","overlay-type":"","overlay-color":"","overlay-opacity":"","overlay-gradient":""},"mobile":{"background-color":"","background-image":"","background-repeat":"repeat","background-position":"center center","background-size":"auto","background-attachment":"scroll","background-type":"","background-media":"","overlay-type":"","overlay-color":"","overlay-opacity":"","overlay-gradient":""}},"ast-content-background-meta":{"desktop":{"background-color":"var(--ast-global-color-5)","background-image":"","background-repeat":"repeat","background-position":"center center","background-size":"auto","background-attachment":"scroll","background-type":"","background-media":"","overlay-type":"","overlay-color":"","overlay-opacity":"","overlay-gradient":""},"tablet":{"background-color":"var(--ast-global-color-5)","background-image":"","background-repeat":"repeat","background-position":"center center","background-size":"auto","background-attachment":"scroll","background-type":"","background-media":"","overlay-type":"","overlay-color":"","overlay-opacity":"","overlay-gradient":""},"mobile":{"background-color":"var(--ast-global-color-5)","background-image":"","background-repeat":"repeat","background-position":"center center","background-size":"auto","background-attachment":"scroll","background-type":"","background-media":"","overlay-type":"","overlay-color":"","overlay-opacity":"","overlay-gradient":""}},"_jetpack_memberships_contains_paid_content":false,"footnotes":""},"categories":[3],"tags":[165,24,16,83,25,166,34,17,18,146,28,11,167,91,168,12,22,23],"class_list":["post-3202","post","type-post","status-publish","format-standard","has-post-thumbnail","hentry","category-actividades","tag-altamirano","tag-argentina","tag-armenia-2","tag-armenio","tag-armenios","tag-avruj","tag-causa-armenia","tag-ddhh","tag-derechos-humanos","tag-ferreyra","tag-genocidio","tag-genocidio-armenio","tag-gonzalez-gass","tag-karagueuzian","tag-legislatura","tag-negacionismo","tag-turkey","tag-turquia"],"jetpack_featured_media_url":"https:\/\/i0.wp.com\/cna.org.ar\/wp-content\/uploads\/2015\/01\/legis3.jpg?fit=905%2C601&ssl=1","jetpack_sharing_enabled":true,"_links":{"self":[{"href":"https:\/\/cna.org.ar\/index.php\/wp-json\/wp\/v2\/posts\/3202","targetHints":{"allow":["GET"]}}],"collection":[{"href":"https:\/\/cna.org.ar\/index.php\/wp-json\/wp\/v2\/posts"}],"about":[{"href":"https:\/\/cna.org.ar\/index.php\/wp-json\/wp\/v2\/types\/post"}],"author":[{"embeddable":true,"href":"https:\/\/cna.org.ar\/index.php\/wp-json\/wp\/v2\/users\/1"}],"replies":[{"embeddable":true,"href":"https:\/\/cna.org.ar\/index.php\/wp-json\/wp\/v2\/comments?post=3202"}],"version-history":[{"count":1,"href":"https:\/\/cna.org.ar\/index.php\/wp-json\/wp\/v2\/posts\/3202\/revisions"}],"predecessor-version":[{"id":4069,"href":"https:\/\/cna.org.ar\/index.php\/wp-json\/wp\/v2\/posts\/3202\/revisions\/4069"}],"wp:featuredmedia":[{"embeddable":true,"href":"https:\/\/cna.org.ar\/index.php\/wp-json\/wp\/v2\/media\/3610"}],"wp:attachment":[{"href":"https:\/\/cna.org.ar\/index.php\/wp-json\/wp\/v2\/media?parent=3202"}],"wp:term":[{"taxonomy":"category","embeddable":true,"href":"https:\/\/cna.org.ar\/index.php\/wp-json\/wp\/v2\/categories?post=3202"},{"taxonomy":"post_tag","embeddable":true,"href":"https:\/\/cna.org.ar\/index.php\/wp-json\/wp\/v2\/tags?post=3202"}],"curies":[{"name":"wp","href":"https:\/\/api.w.org\/{rel}","templated":true}]}}