{"id":3210,"date":"2014-05-14T16:38:50","date_gmt":"2014-05-14T19:38:50","guid":{"rendered":"http:\/\/www.cna.org.ar\/?p=3210"},"modified":"2015-09-28T17:51:47","modified_gmt":"2015-09-28T17:51:47","slug":"presentacion-de-el-genocidio-silenciado-de-sulim-granovsky-en-la-feria-del-libro","status":"publish","type":"post","link":"https:\/\/cna.org.ar\/index.php\/2014\/05\/14\/presentacion-de-el-genocidio-silenciado-de-sulim-granovsky-en-la-feria-del-libro\/","title":{"rendered":"Presentaci\u00f3n de \u00abEl genocidio Silenciado\u00bb de S\u00falim Granovsky en la Feria del Libro"},"content":{"rendered":"<p>El domingo 11 de mayo se present\u00f3 en la Feria del Libro \u00ab<a title=\"Granovsky, S\u00falim. \u201cEl Genocidio Silenciado: Holocausto del pueblo armenio\u201d, Ediciones Continente, Buenos Aires, 2014\" href=\"http:\/\/www.cna.org.ar\/wpcproduct\/granovsky-sulim-el-genocidio-silenciado-ediciones-continente-buenos-aires-2014\/\" target=\"_blank\">El genocidio silenciado. Holocausto del pueblo armenio<\/a>\u00ab, un libro de S\u00falim Granovsky que aborda la cuesti\u00f3n del Genocidio Armenio. Esta publicaci\u00f3n, que cont\u00f3 con el auspicio del Consejo Nacional Armenio de Sudam\u00e9rica y de Convergencia por un Juda\u00edsmo Humanista y Pluralista, aborda la Cuesti\u00f3n Armenia a trav\u00e9s del an\u00e1lisis hist\u00f3rico y el encuadre jur\u00eddico, utilizando documentos de especialistas en la materia. De la presentaci\u00f3n en la Sala Victoria Ocampo participaron, junto al autor,\u00a0Dardo Esterovich, presidente de Convergencia, el juez Carlos Rozanski,\u00a0El Dr. Le\u00f3n Carlos Arslani\u00e1n,\u00a0el juez Daniel Rafecas,\u00a0Khatchik Der Ghougassian, presidente del CNA de Sudam\u00e9rica y el editor del libro, Jorge Gurbanov. Estuvieron presentes en el acto\u00a0la c\u00f3nsul de la embajada de Armenia en Argentina, Esther Mkrtumyan, y representantes de organizaciones de la comunidad armenia.<\/p>\n<figure id=\"attachment_3590\" aria-describedby=\"caption-attachment-3590\" style=\"width: 300px\" class=\"wp-caption alignleft\"><a href=\"https:\/\/i0.wp.com\/cna.org.ar\/wp-content\/uploads\/2015\/01\/fdl_2014.jpg?ssl=1\"><img data-recalc-dims=\"1\" loading=\"lazy\" decoding=\"async\" class=\"size-medium wp-image-3590\" src=\"https:\/\/i0.wp.com\/cna.org.ar\/wp-content\/uploads\/2015\/01\/fdl_2014.jpg?resize=300%2C188&#038;ssl=1\" alt=\"S\u00falim Granovsky, Dardo Esterovich, Carlos Rozanski, Le\u00f3n Arslani\u00e1n, Daniel Rafecas, Khatchik Der Ghougassian y Jorge Gurbanov.\u00a0\" width=\"300\" height=\"188\" srcset=\"https:\/\/i0.wp.com\/cna.org.ar\/wp-content\/uploads\/2015\/01\/fdl_2014.jpg?resize=300%2C188&amp;ssl=1 300w, https:\/\/i0.wp.com\/cna.org.ar\/wp-content\/uploads\/2015\/01\/fdl_2014.jpg?resize=558%2C350&amp;ssl=1 558w, https:\/\/i0.wp.com\/cna.org.ar\/wp-content\/uploads\/2015\/01\/fdl_2014.jpg?w=849&amp;ssl=1 849w\" sizes=\"auto, (max-width: 300px) 100vw, 300px\" \/><\/a><figcaption id=\"caption-attachment-3590\" class=\"wp-caption-text\">S\u00falim Granovsky, Dardo Esterovich, Carlos Rozanski, Le\u00f3n Arslani\u00e1n, Daniel Rafecas, Khatchik Der Ghougassian y Jorge Gurbanov.<\/figcaption><\/figure>\n<p>Jorge Gurbanov, editor de Pe\u00f1a Lillo y Ediciones Continente, explic\u00f3 en la presentaci\u00f3n que la publicaci\u00f3n del libro se debi\u00f3 a la b\u00fasqueda por la \u00abmemoria hist\u00f3rica de los pueblos\u00bb, recordando que \u00abhay otras historias\u00bb aparte de la historia que \u00abescriben los que ganan\u00bb: \u00ablas historias de los vencidos, que generalmente est\u00e1n silenciadas\u00bb.<\/p>\n<p>El Dr. Le\u00f3n Arslani\u00e1n postul\u00f3 que \u00abtodos los genocidios son atroces e iguales porque nos privan de los bienes m\u00e1s elementales. Hasta de la memoria\u00bb.\u00a0\u00abUno de los graves problemas con los que se enfrenta la causa armenia es la negativa pertinaz del Estado turco en reconocer el genocidio. Seg\u00fan esta postura, p\u00fablicamente sostenida y conocida como negacionismo: &#8216;El hecho no se produjo. Hubo v\u00edctimas en el marco de una conflagraci\u00f3n mundial como da\u00f1o colateral o consecuencias no queridas. En todo caso, el n\u00famero de v\u00edctimas se redujo a unos pocos miles. No hubo por parte de Turqu\u00eda ning\u00fan plan de exterminio basado en pol\u00edticas de Estado&#8217;. Granovsky se encarga de refutar el negacionismo con la menci\u00f3n de documentos de car\u00e1cter contundente\u00bb, destac\u00f3.<\/p>\n<p><a href=\"https:\/\/i0.wp.com\/cna.org.ar\/wp-content\/uploads\/2015\/01\/fdl_20142.png?ssl=1\"><img data-recalc-dims=\"1\" loading=\"lazy\" decoding=\"async\" class=\"alignright wp-image-3591 size-medium\" src=\"https:\/\/i0.wp.com\/cna.org.ar\/wp-content\/uploads\/2015\/01\/fdl_20142.png?resize=300%2C196&#038;ssl=1\" alt=\"fdl_20142\" width=\"300\" height=\"196\" srcset=\"https:\/\/i0.wp.com\/cna.org.ar\/wp-content\/uploads\/2015\/01\/fdl_20142.png?resize=300%2C196&amp;ssl=1 300w, https:\/\/i0.wp.com\/cna.org.ar\/wp-content\/uploads\/2015\/01\/fdl_20142.png?resize=535%2C350&amp;ssl=1 535w, https:\/\/i0.wp.com\/cna.org.ar\/wp-content\/uploads\/2015\/01\/fdl_20142.png?w=891&amp;ssl=1 891w\" sizes=\"auto, (max-width: 300px) 100vw, 300px\" \/><\/a>El <a href=\"https:\/\/www.youtube.com\/watch?v=1sJDsboOgDQ\" target=\"_blank\">juez Carlos Rozanski<\/a> habl\u00f3 de tres etapas del genocidio, \u00abel plan de exterminio, el silencio y finalmente el grito\u00bb. \u00abLa voluntad del genocida es silenciar, y la voluntad del pueblo armenio en este caso es que no sea silenciado. Est\u00e1n reclamando hace 99 a\u00f1os y solo tres pa\u00edses en el mundo lo tienen por ley. Solo en el a\u00f1o 2007 se logr\u00f3 que Argentina lo tenga por ley\u00bb, dijo, y agreg\u00f3 que \u00abes obvio que un fen\u00f3meno que se olvida, que es lo que busca el genocida, se va a volver a repetir\u00bb.\u00bbEn la mayor\u00eda de los genocidios de todo el mundo ha sido pr\u00e1cticamente imposible hacer justicia, y eso es porque quienes lo llevaron adelante se aseguraron de hacerlo no solo contra gente indefensa, sino que adem\u00e1s estuvieron todas las condiciones para que ellos no puedan ser responsabilizados\u00bb, denunci\u00f3 Rozanski, detallando que a lo largo de la historia \u00abha sido casi inexistente la cifra de personas condenadas por genocidios\u00bb.<\/p>\n<p><a href=\"https:\/\/i0.wp.com\/cna.org.ar\/wp-content\/uploads\/2014\/05\/tapa_gr.jpg?ssl=1\"><img data-recalc-dims=\"1\" loading=\"lazy\" decoding=\"async\" class=\"alignleft size-medium wp-image-4067\" src=\"https:\/\/i0.wp.com\/cna.org.ar\/wp-content\/uploads\/2014\/05\/tapa_gr.jpg?resize=203%2C300&#038;ssl=1\" alt=\"tapa_gr\" width=\"203\" height=\"300\" srcset=\"https:\/\/i0.wp.com\/cna.org.ar\/wp-content\/uploads\/2014\/05\/tapa_gr.jpg?resize=203%2C300&amp;ssl=1 203w, https:\/\/i0.wp.com\/cna.org.ar\/wp-content\/uploads\/2014\/05\/tapa_gr.jpg?resize=237%2C350&amp;ssl=1 237w, https:\/\/i0.wp.com\/cna.org.ar\/wp-content\/uploads\/2014\/05\/tapa_gr.jpg?w=409&amp;ssl=1 409w\" sizes=\"auto, (max-width: 203px) 100vw, 203px\" \/><\/a>El\u00a0<a title=\"Respaldo al Juez Federal Daniel Rafecas\" href=\"http:\/\/www.cna.org.ar\/respaldo-al-juez-federal-daniel-rafecas\/\" target=\"_blank\">juez Daniel Rafecas<\/a>\u00a0indic\u00f3 que \u00abel libro abarca e ilustra los antecedentes hist\u00f3ricos que desembocaron en la cat\u00e1strofe armenia, especialmente la conformaci\u00f3n de lo que para los perpetradores era la cuesti\u00f3n o &#8216;el problema&#8217; armenio\u00bb y ahond\u00f3 en la \u00abvocaci\u00f3n del Estado turco-otomano de construir una naci\u00f3n, un imperio, \u00e9tnicamente purificado y homog\u00e9neo desde el punto de vista religioso\u00bb.\u00a0\u00abHay un desarrollo interesante, del cual hab\u00eda visto poca bibliograf\u00eda, en torno de los procesos de islamizaci\u00f3n de los ni\u00f1os y los j\u00f3venes de ambos sexos armenios por parte de los turcos\u00bb, a\u00f1adi\u00f3.<\/p>\n<p>Por su parte, Dardo Esterovich, traz\u00f3 \u00a0un paralelismo entre el Holocausto jud\u00edo y el armenio,\u00a0y \u00a0compar\u00f3 tambi\u00e9n a ambos pueblos por su di\u00e1spora. Record\u00f3, en este sentido, que \u00aben el caso de los jud\u00edos se reprodujo en cada nueva expulsi\u00f3n\u201d. Para Esterovich el Holocausto \u201ces parte de su identidad\u201d. \u201cLa historia se repite si no se hace justicia y si no se cambian las condiciones que originaron la masacre\u201d, dijo. Asimismo, el dirigente de Convergencia manifest\u00f3 su \u00abdolor\u00bb porque el Estado de Israel no haya reconocido todav\u00eda el Genocidio Armenio.<\/p>\n<p>Por \u00faltimo, Khatchik Der Ghougassian, cit\u00f3 al historiador Richard Hovannisian y explic\u00f3 que la \u00abpol\u00edtica negacionista del Estado turco hizo que a los armenios se les dificultara reconocer dentro del pueblo turco a aquellos que hab\u00edan rescatado a los sobrevivientes armenios y que rechazaron la orden de exterminio\u00bb, y advirti\u00f3 que \u00a0mientras los genocidas cooperan entre ellos, \u00ablos pueblos tienen <a href=\"http:\/\/www.pagina12.com.ar\/diario\/elmundo\/4-246039-2014-05-12.html\" target=\"_blank\">la gran nobleza de la ayuda mutua<\/a>\u00ab.\u00a0\u00abEl pueblo armenio tiene una gran deuda y gratitud hacia todos aquellos intelectuales, acad\u00e9micos, militantes, defensores de derechos humanos y hombres y mujeres de la pol\u00edtica que posibilitaron que se saque del olvido el Genocidio Armenio. Hoy en d\u00eda, a esta larga lista sumamos un nombre m\u00e1s, el de S\u00falim Granovsky\u00bb, sostuvo Der Ghougassian.<\/p>\n<p>Finalmente, S\u00falim Granovsky repas\u00f3 algunas l\u00edneas de\u00a0\u00a0\u00abEl genocidio silenciado\u00bb donde sostiene que \u00abtomar posici\u00f3n ante semejante tragedia es un compromiso impostergable\u00bb. Recorri\u00f3 diversos pasajes de, abordando tanto los hechos desgarradores ocurridos entre 1915 y 1923, caracterizados como un presagio de lo que ocurrir\u00eda con el pueblo jud\u00edo, como el esfuerzo de Turqu\u00eda por educar en el negacionismo. Es para destacar el momento emotivo que produjo el agradecimiento del autor a Le\u00f3n Arslanian por el Juicio a las Juntas, durante el cual, seg\u00fan cont\u00f3, asisti\u00f3 a audiencias y llor\u00f3 \u201cdesconsoladamente\u00bb.<\/p>\n<p>&nbsp;<\/p>\n<p>&nbsp;<\/p>\n","protected":false},"excerpt":{"rendered":"<p>El domingo 11 de mayo se present\u00f3 en la Feria del Libro \u00abEl genocidio silenciado. Holocausto del pueblo armenio\u00ab, un libro de S\u00falim Granovsky que aborda la cuesti\u00f3n del Genocidio Armenio. Esta publicaci\u00f3n, que cont\u00f3 con el auspicio del Consejo Nacional Armenio de Sudam\u00e9rica y de Convergencia por un Juda\u00edsmo Humanista y Pluralista, aborda la [&hellip;]<\/p>\n","protected":false},"author":1,"featured_media":3590,"comment_status":"closed","ping_status":"closed","sticky":false,"template":"","format":"standard","meta":{"site-sidebar-layout":"default","site-content-layout":"","ast-site-content-layout":"default","site-content-style":"default","site-sidebar-style":"default","ast-global-header-display":"","ast-banner-title-visibility":"","ast-main-header-display":"","ast-hfb-above-header-display":"","ast-hfb-below-header-display":"","ast-hfb-mobile-header-display":"","site-post-title":"","ast-breadcrumbs-content":"","ast-featured-img":"","footer-sml-layout":"","theme-transparent-header-meta":"","adv-header-id-meta":"","stick-header-meta":"","header-above-stick-meta":"","header-main-stick-meta":"","header-below-stick-meta":"","astra-migrate-meta-layouts":"default","ast-page-background-enabled":"default","ast-page-background-meta":{"desktop":{"background-color":"var(--ast-global-color-4)","background-image":"","background-repeat":"repeat","background-position":"center center","background-size":"auto","background-attachment":"scroll","background-type":"","background-media":"","overlay-type":"","overlay-color":"","overlay-opacity":"","overlay-gradient":""},"tablet":{"background-color":"","background-image":"","background-repeat":"repeat","background-position":"center center","background-size":"auto","background-attachment":"scroll","background-type":"","background-media":"","overlay-type":"","overlay-color":"","overlay-opacity":"","overlay-gradient":""},"mobile":{"background-color":"","background-image":"","background-repeat":"repeat","background-position":"center center","background-size":"auto","background-attachment":"scroll","background-type":"","background-media":"","overlay-type":"","overlay-color":"","overlay-opacity":"","overlay-gradient":""}},"ast-content-background-meta":{"desktop":{"background-color":"var(--ast-global-color-5)","background-image":"","background-repeat":"repeat","background-position":"center center","background-size":"auto","background-attachment":"scroll","background-type":"","background-media":"","overlay-type":"","overlay-color":"","overlay-opacity":"","overlay-gradient":""},"tablet":{"background-color":"var(--ast-global-color-5)","background-image":"","background-repeat":"repeat","background-position":"center center","background-size":"auto","background-attachment":"scroll","background-type":"","background-media":"","overlay-type":"","overlay-color":"","overlay-opacity":"","overlay-gradient":""},"mobile":{"background-color":"var(--ast-global-color-5)","background-image":"","background-repeat":"repeat","background-position":"center center","background-size":"auto","background-attachment":"scroll","background-type":"","background-media":"","overlay-type":"","overlay-color":"","overlay-opacity":"","overlay-gradient":""}},"_jetpack_memberships_contains_paid_content":false,"footnotes":""},"categories":[3],"tags":[24,16,83,25,169,34,17,18,84,170,28,11,171,172,12,173,22,23],"class_list":["post-3210","post","type-post","status-publish","format-standard","has-post-thumbnail","hentry","category-actividades","tag-argentina","tag-armenia-2","tag-armenio","tag-armenios","tag-arslanian","tag-causa-armenia","tag-ddhh","tag-derechos-humanos","tag-derghougassian","tag-esterovich","tag-genocidio","tag-genocidio-armenio","tag-granovsky","tag-gurbanov","tag-negacionismo","tag-rozanski","tag-turkey","tag-turquia"],"jetpack_featured_media_url":"https:\/\/i0.wp.com\/cna.org.ar\/wp-content\/uploads\/2015\/01\/fdl_2014.jpg?fit=849%2C533&ssl=1","jetpack_sharing_enabled":true,"_links":{"self":[{"href":"https:\/\/cna.org.ar\/index.php\/wp-json\/wp\/v2\/posts\/3210","targetHints":{"allow":["GET"]}}],"collection":[{"href":"https:\/\/cna.org.ar\/index.php\/wp-json\/wp\/v2\/posts"}],"about":[{"href":"https:\/\/cna.org.ar\/index.php\/wp-json\/wp\/v2\/types\/post"}],"author":[{"embeddable":true,"href":"https:\/\/cna.org.ar\/index.php\/wp-json\/wp\/v2\/users\/1"}],"replies":[{"embeddable":true,"href":"https:\/\/cna.org.ar\/index.php\/wp-json\/wp\/v2\/comments?post=3210"}],"version-history":[{"count":2,"href":"https:\/\/cna.org.ar\/index.php\/wp-json\/wp\/v2\/posts\/3210\/revisions"}],"predecessor-version":[{"id":4068,"href":"https:\/\/cna.org.ar\/index.php\/wp-json\/wp\/v2\/posts\/3210\/revisions\/4068"}],"wp:featuredmedia":[{"embeddable":true,"href":"https:\/\/cna.org.ar\/index.php\/wp-json\/wp\/v2\/media\/3590"}],"wp:attachment":[{"href":"https:\/\/cna.org.ar\/index.php\/wp-json\/wp\/v2\/media?parent=3210"}],"wp:term":[{"taxonomy":"category","embeddable":true,"href":"https:\/\/cna.org.ar\/index.php\/wp-json\/wp\/v2\/categories?post=3210"},{"taxonomy":"post_tag","embeddable":true,"href":"https:\/\/cna.org.ar\/index.php\/wp-json\/wp\/v2\/tags?post=3210"}],"curies":[{"name":"wp","href":"https:\/\/api.w.org\/{rel}","templated":true}]}}