{"id":3222,"date":"2014-05-28T17:48:19","date_gmt":"2014-05-28T20:48:19","guid":{"rendered":"http:\/\/www.cna.org.ar\/?p=3222"},"modified":"2015-09-28T17:44:01","modified_gmt":"2015-09-28T17:44:01","slug":"fue-inaugurada-la-muestra-de-arte-memoria-armenia-viva-de-gabriela-szulman","status":"publish","type":"post","link":"https:\/\/cna.org.ar\/index.php\/2014\/05\/28\/fue-inaugurada-la-muestra-de-arte-memoria-armenia-viva-de-gabriela-szulman\/","title":{"rendered":"Fue inaugurada la muestra de arte \u201cMemoria Armenia Viva\u201d de Gabriela Szulman"},"content":{"rendered":"<p style=\"text-align: justify;\"><a href=\"https:\/\/i0.wp.com\/cna.org.ar\/wp-content\/uploads\/2015\/01\/muestra1.jpg?ssl=1\"><img data-recalc-dims=\"1\" loading=\"lazy\" decoding=\"async\" class=\"alignleft size-medium wp-image-3621\" src=\"https:\/\/i0.wp.com\/cna.org.ar\/wp-content\/uploads\/2015\/01\/muestra1.jpg?resize=300%2C169&#038;ssl=1\" alt=\"muestra1\" width=\"300\" height=\"169\" srcset=\"https:\/\/i0.wp.com\/cna.org.ar\/wp-content\/uploads\/2015\/01\/muestra1.jpg?resize=300%2C169&amp;ssl=1 300w, https:\/\/i0.wp.com\/cna.org.ar\/wp-content\/uploads\/2015\/01\/muestra1.jpg?resize=620%2C350&amp;ssl=1 620w, https:\/\/i0.wp.com\/cna.org.ar\/wp-content\/uploads\/2015\/01\/muestra1.jpg?w=960&amp;ssl=1 960w\" sizes=\"auto, (max-width: 300px) 100vw, 300px\" \/><\/a>El s\u00e1bado 24 de mayo fue inaugurada <a href=\"https:\/\/www.facebook.com\/MemoriaArmeniaViva?fref=ts\" target=\"_blank\">\u201cMemoria Armenia Viva\u201d<\/a>, la muestra de arte a cargo de Gabriela Szulman<a id=\"ref*\" href=\"#*\"><sup>[*]<\/sup><\/a> en el <a href=\"http:\/\/www.museosivori.org.ar\/\" target=\"_blank\">Museo de Artes Pl\u00e1sticas Eduardo S\u00edvori<\/a>. La exposici\u00f3n, organizada por la Fundaci\u00f3n del Consejo Nacional Armenio con el apoyo de la Asociaci\u00f3n Cultural Armenia, recorre a trav\u00e9s de obras basadas en fotograf\u00edas la llegada de los refugiados armenios a la Argentina y los primeros pasos de la di\u00e1spora. La presentaci\u00f3n estuvo a cargo de la artista, junto al Dr. Alfonso Tabakian, director del CNA de Sudam\u00e9rica y la Lic. Graciela Limardo, del Departamento de Museograf\u00eda, y cont\u00f3 con la presencia del embajador de Armenia en la Argentina Vahagn Melikian y referentes de organizaciones comunitarias.<\/p>\n<p style=\"text-align: justify;\">Gabriela Szulman explic\u00f3 que \u201cMemoria Armenia Viva\u201d es una muestra de obras que cuenta una historia a trav\u00e9s del uso de una t\u00e9cnica mixta en la cual la pintura, el collage y el arte digital intervienen sobre la imagen fotogr\u00e1fica y la graf\u00eda. Algo le tiene que suceder a la imagen para\u00a0arrancarla del pasado y llevarla al presente. En esta transformaci\u00f3n, el sujeto de la fotograf\u00eda que ha sido capturado por la c\u00e1mara, pasa de ser visto a ser sentido: alguien que no es s\u00f3lo una imagen que cuelga en una pared, sino un \u00edcono con el cual tenemos un intercambio emocional\u201d.<\/p>\n<p style=\"text-align: justify;\"><a href=\"https:\/\/i0.wp.com\/cna.org.ar\/wp-content\/uploads\/2015\/01\/muestra2.jpg?ssl=1\"><img data-recalc-dims=\"1\" loading=\"lazy\" decoding=\"async\" class=\"alignright wp-image-3622 size-medium\" src=\"https:\/\/i0.wp.com\/cna.org.ar\/wp-content\/uploads\/2015\/01\/muestra2.jpg?resize=300%2C199&#038;ssl=1\" alt=\"muestra2\" width=\"300\" height=\"199\" srcset=\"https:\/\/i0.wp.com\/cna.org.ar\/wp-content\/uploads\/2015\/01\/muestra2.jpg?resize=300%2C199&amp;ssl=1 300w, https:\/\/i0.wp.com\/cna.org.ar\/wp-content\/uploads\/2015\/01\/muestra2.jpg?resize=527%2C350&amp;ssl=1 527w, https:\/\/i0.wp.com\/cna.org.ar\/wp-content\/uploads\/2015\/01\/muestra2.jpg?w=960&amp;ssl=1 960w\" sizes=\"auto, (max-width: 300px) 100vw, 300px\" \/><\/a>Alfonso Tabakian expres\u00f3 que \u201cel arte, con sus diversos lenguajes, es un veh\u00edculo privilegiado para la transmisi\u00f3n en estas situaciones dolorosas, permitiendo el pasaje de lo inasible a lo simb\u00f3lico. Las manifestaciones art\u00edsticas nacen con el objetivo expreso de ser vistas, le\u00eddas o representadas, comunicadas a otros. Por lo tanto, se insertan dentro de la vasta producci\u00f3n de denuncia y testimonio que contribuye y alimenta la construcci\u00f3n de una memoria colectiva tras hechos traum\u00e1ticos. En este contexto, el arte va m\u00e1s all\u00e1 de la descripci\u00f3n del dolor, y se propone como un catalizador de la reflexi\u00f3n\u201d. Asimismo, agradeci\u00f3 a las familias que se acercaron al proyecto y aportaron sus recuerdos y sus historias familiares.<\/p>\n<p style=\"text-align: justify;\">La muestra podr\u00e1 visitarse hasta el 22 de junio y podr\u00e1 ser visitada de martes a viernes<br \/>\nde 12 a 20 y s\u00e1bados, domingos y feriados de 10 a 20, en el Museo de Artes Pl\u00e1sticas Eduardo<br \/>\nS\u00ed vori, Av. Infanta Isabel 555, frente al puente del Rosedal de Palermo.<\/p>\n<p style=\"text-align: justify;\"><a id=\"*\" href=\"#ref*\">*<\/a>Gabriela Szulman naci\u00f3 en Buenos Aires en 1959 pero reside en Londres desde 1978, donde presenta sus obras en las principales galer\u00edas. Realiz\u00f3 sus estudios en Brigh ton University (2005-2007), Morley College (2004-2005) y Camberwell College of Arts (1989-1993). Obtuvo los t\u00edtulos Bachelor of Arts en Dise\u00f1o Tridimensional (1993) y Master\u2019s Degree en T\u00e9cnicas de impresi\u00f3n (2007). Es una artista que trabaja en t\u00e9cnica mixta sobre lienzo y papel. Su trabajo\u00a0abarca desde las t\u00e9cnicas de grabado tradicional hasta el uso de herramientas digitales pasando tambi\u00e9n por la pintura. El eje central de su obra es la fascinaci\u00f3n con la memoria\u00a0y los recuerdos, tanto en la esfera personal como en la colectiva. Ha presentado sus obras en exposiciones de galer\u00edas mundialmente reconocidas. En Argentina expuso sus collages por primera vez en la Bienal de Fotograf\u00eda de Buenos Aires 2012.<\/p>\n","protected":false},"excerpt":{"rendered":"<p>El s\u00e1bado 24 de mayo fue inaugurada \u201cMemoria Armenia Viva\u201d, la muestra de arte a cargo de Gabriela Szulman[*] en el Museo de Artes Pl\u00e1sticas Eduardo S\u00edvori. La exposici\u00f3n, organizada por la Fundaci\u00f3n del Consejo Nacional Armenio con el apoyo de la Asociaci\u00f3n Cultural Armenia, recorre a trav\u00e9s de obras basadas en fotograf\u00edas la llegada [&hellip;]<\/p>\n","protected":false},"author":1,"featured_media":3621,"comment_status":"closed","ping_status":"closed","sticky":false,"template":"","format":"standard","meta":{"site-sidebar-layout":"default","site-content-layout":"","ast-site-content-layout":"default","site-content-style":"default","site-sidebar-style":"default","ast-global-header-display":"","ast-banner-title-visibility":"","ast-main-header-display":"","ast-hfb-above-header-display":"","ast-hfb-below-header-display":"","ast-hfb-mobile-header-display":"","site-post-title":"","ast-breadcrumbs-content":"","ast-featured-img":"","footer-sml-layout":"","theme-transparent-header-meta":"","adv-header-id-meta":"","stick-header-meta":"","header-above-stick-meta":"","header-main-stick-meta":"","header-below-stick-meta":"","astra-migrate-meta-layouts":"default","ast-page-background-enabled":"default","ast-page-background-meta":{"desktop":{"background-color":"var(--ast-global-color-4)","background-image":"","background-repeat":"repeat","background-position":"center center","background-size":"auto","background-attachment":"scroll","background-type":"","background-media":"","overlay-type":"","overlay-color":"","overlay-opacity":"","overlay-gradient":""},"tablet":{"background-color":"","background-image":"","background-repeat":"repeat","background-position":"center center","background-size":"auto","background-attachment":"scroll","background-type":"","background-media":"","overlay-type":"","overlay-color":"","overlay-opacity":"","overlay-gradient":""},"mobile":{"background-color":"","background-image":"","background-repeat":"repeat","background-position":"center center","background-size":"auto","background-attachment":"scroll","background-type":"","background-media":"","overlay-type":"","overlay-color":"","overlay-opacity":"","overlay-gradient":""}},"ast-content-background-meta":{"desktop":{"background-color":"var(--ast-global-color-5)","background-image":"","background-repeat":"repeat","background-position":"center center","background-size":"auto","background-attachment":"scroll","background-type":"","background-media":"","overlay-type":"","overlay-color":"","overlay-opacity":"","overlay-gradient":""},"tablet":{"background-color":"var(--ast-global-color-5)","background-image":"","background-repeat":"repeat","background-position":"center center","background-size":"auto","background-attachment":"scroll","background-type":"","background-media":"","overlay-type":"","overlay-color":"","overlay-opacity":"","overlay-gradient":""},"mobile":{"background-color":"var(--ast-global-color-5)","background-image":"","background-repeat":"repeat","background-position":"center center","background-size":"auto","background-attachment":"scroll","background-type":"","background-media":"","overlay-type":"","overlay-color":"","overlay-opacity":"","overlay-gradient":""}},"_jetpack_memberships_contains_paid_content":false,"footnotes":""},"categories":[3],"tags":[24,16,83,25,34,17,18,28,11,12,174,22,23],"class_list":["post-3222","post","type-post","status-publish","format-standard","has-post-thumbnail","hentry","category-actividades","tag-argentina","tag-armenia-2","tag-armenio","tag-armenios","tag-causa-armenia","tag-ddhh","tag-derechos-humanos","tag-genocidio","tag-genocidio-armenio","tag-negacionismo","tag-szulman","tag-turkey","tag-turquia"],"jetpack_featured_media_url":"https:\/\/i0.wp.com\/cna.org.ar\/wp-content\/uploads\/2015\/01\/muestra1.jpg?fit=960%2C540&ssl=1","jetpack_sharing_enabled":true,"_links":{"self":[{"href":"https:\/\/cna.org.ar\/index.php\/wp-json\/wp\/v2\/posts\/3222","targetHints":{"allow":["GET"]}}],"collection":[{"href":"https:\/\/cna.org.ar\/index.php\/wp-json\/wp\/v2\/posts"}],"about":[{"href":"https:\/\/cna.org.ar\/index.php\/wp-json\/wp\/v2\/types\/post"}],"author":[{"embeddable":true,"href":"https:\/\/cna.org.ar\/index.php\/wp-json\/wp\/v2\/users\/1"}],"replies":[{"embeddable":true,"href":"https:\/\/cna.org.ar\/index.php\/wp-json\/wp\/v2\/comments?post=3222"}],"version-history":[{"count":2,"href":"https:\/\/cna.org.ar\/index.php\/wp-json\/wp\/v2\/posts\/3222\/revisions"}],"predecessor-version":[{"id":4065,"href":"https:\/\/cna.org.ar\/index.php\/wp-json\/wp\/v2\/posts\/3222\/revisions\/4065"}],"wp:featuredmedia":[{"embeddable":true,"href":"https:\/\/cna.org.ar\/index.php\/wp-json\/wp\/v2\/media\/3621"}],"wp:attachment":[{"href":"https:\/\/cna.org.ar\/index.php\/wp-json\/wp\/v2\/media?parent=3222"}],"wp:term":[{"taxonomy":"category","embeddable":true,"href":"https:\/\/cna.org.ar\/index.php\/wp-json\/wp\/v2\/categories?post=3222"},{"taxonomy":"post_tag","embeddable":true,"href":"https:\/\/cna.org.ar\/index.php\/wp-json\/wp\/v2\/tags?post=3222"}],"curies":[{"name":"wp","href":"https:\/\/api.w.org\/{rel}","templated":true}]}}