{"id":3241,"date":"2014-06-04T16:36:07","date_gmt":"2014-06-04T19:36:07","guid":{"rendered":"http:\/\/www.cna.org.ar\/?p=3241"},"modified":"2014-06-04T16:36:07","modified_gmt":"2014-06-04T19:36:07","slug":"conferencia-sobre-la-cultura-armenia-en-la-xx-feria-provincial-del-libro-en-santa-cruz","status":"publish","type":"post","link":"https:\/\/cna.org.ar\/index.php\/2014\/06\/04\/conferencia-sobre-la-cultura-armenia-en-la-xx-feria-provincial-del-libro-en-santa-cruz\/","title":{"rendered":"Conferencia sobre la \u00abCultura Armenia\u00bb en la XX Feria Provincial del Libro en Santa Cruz"},"content":{"rendered":"<p><a href=\"https:\/\/i0.wp.com\/www.cna.org.ar\/wp-content\/uploads\/2014\/06\/aleavfdl.png\"><img data-recalc-dims=\"1\" loading=\"lazy\" decoding=\"async\" class=\"alignleft size-medium wp-image-3242\" alt=\"aleavfdl\" src=\"https:\/\/i0.wp.com\/www.cna.org.ar\/wp-content\/uploads\/2014\/06\/aleavfdl-300x190.png?resize=300%2C190\" width=\"300\" height=\"190\" \/><\/a>El domingo 1\u00b0 de junio\u00a0Alejandro Avakian, delegado del Consejo Nacional Armenio de Sudam\u00e9rica en Santa Cruz, dict\u00f3 la conferencia \u00abLa Cultura Armenia: sus aportes a la Cultura Universal\u00bb en la XX Feria Provincial del Libro en R\u00edo Gallegos. En la\u00a0Sala de Conferencias Luis Villarreal del Complejo Cultural Santa Cruz se realiz\u00f3 con exitosamente la programada conferencia \u00a0multimedia, tocando temas vinculados al idioma armenio, la arquitectura, la gastronom\u00eda, la religi\u00f3n y finalmente la m\u00fasica \u00a0e instrumentos t\u00edpicos de Armenia, proyectando videos del conjunto Folcl\u00f3rico Armenio Kusan de C\u00f3rdoba.\u00a0En el transcurso de la Feria del Libro, se realizar\u00e1 una donaci\u00f3n de material bibliogr\u00e1fico a la Biblioteca \u00a0Provincial Hilarion Lenzi, la m\u00e1s importante de la localidad y la provincia.<\/p>\n","protected":false},"excerpt":{"rendered":"<p>El domingo 1\u00b0 de junio\u00a0Alejandro Avakian, delegado del Consejo Nacional Armenio de Sudam\u00e9rica en Santa Cruz, dict\u00f3 la conferencia \u00abLa Cultura Armenia: sus aportes a la Cultura Universal\u00bb en la XX Feria Provincial del Libro en R\u00edo Gallegos. En la\u00a0Sala de Conferencias Luis Villarreal del Complejo Cultural Santa Cruz se realiz\u00f3 con exitosamente la programada [&hellip;]<\/p>\n","protected":false},"author":1,"featured_media":3243,"comment_status":"closed","ping_status":"closed","sticky":false,"template":"","format":"standard","meta":{"site-sidebar-layout":"default","site-content-layout":"","ast-site-content-layout":"default","site-content-style":"default","site-sidebar-style":"default","ast-global-header-display":"","ast-banner-title-visibility":"","ast-main-header-display":"","ast-hfb-above-header-display":"","ast-hfb-below-header-display":"","ast-hfb-mobile-header-display":"","site-post-title":"","ast-breadcrumbs-content":"","ast-featured-img":"","footer-sml-layout":"","theme-transparent-header-meta":"","adv-header-id-meta":"","stick-header-meta":"","header-above-stick-meta":"","header-main-stick-meta":"","header-below-stick-meta":"","astra-migrate-meta-layouts":"default","ast-page-background-enabled":"default","ast-page-background-meta":{"desktop":{"background-color":"var(--ast-global-color-4)","background-image":"","background-repeat":"repeat","background-position":"center center","background-size":"auto","background-attachment":"scroll","background-type":"","background-media":"","overlay-type":"","overlay-color":"","overlay-opacity":"","overlay-gradient":""},"tablet":{"background-color":"","background-image":"","background-repeat":"repeat","background-position":"center center","background-size":"auto","background-attachment":"scroll","background-type":"","background-media":"","overlay-type":"","overlay-color":"","overlay-opacity":"","overlay-gradient":""},"mobile":{"background-color":"","background-image":"","background-repeat":"repeat","background-position":"center center","background-size":"auto","background-attachment":"scroll","background-type":"","background-media":"","overlay-type":"","overlay-color":"","overlay-opacity":"","overlay-gradient":""}},"ast-content-background-meta":{"desktop":{"background-color":"var(--ast-global-color-5)","background-image":"","background-repeat":"repeat","background-position":"center center","background-size":"auto","background-attachment":"scroll","background-type":"","background-media":"","overlay-type":"","overlay-color":"","overlay-opacity":"","overlay-gradient":""},"tablet":{"background-color":"var(--ast-global-color-5)","background-image":"","background-repeat":"repeat","background-position":"center center","background-size":"auto","background-attachment":"scroll","background-type":"","background-media":"","overlay-type":"","overlay-color":"","overlay-opacity":"","overlay-gradient":""},"mobile":{"background-color":"var(--ast-global-color-5)","background-image":"","background-repeat":"repeat","background-position":"center center","background-size":"auto","background-attachment":"scroll","background-type":"","background-media":"","overlay-type":"","overlay-color":"","overlay-opacity":"","overlay-gradient":""}},"_jetpack_memberships_contains_paid_content":false,"footnotes":""},"categories":[3],"tags":[24,16,83,25,74,34,17,18,28,11,12,22,23],"class_list":["post-3241","post","type-post","status-publish","format-standard","has-post-thumbnail","hentry","category-actividades","tag-argentina","tag-armenia-2","tag-armenio","tag-armenios","tag-avakian","tag-causa-armenia","tag-ddhh","tag-derechos-humanos","tag-genocidio","tag-genocidio-armenio","tag-negacionismo","tag-turkey","tag-turquia"],"jetpack_featured_media_url":"","jetpack_sharing_enabled":true,"_links":{"self":[{"href":"https:\/\/cna.org.ar\/index.php\/wp-json\/wp\/v2\/posts\/3241","targetHints":{"allow":["GET"]}}],"collection":[{"href":"https:\/\/cna.org.ar\/index.php\/wp-json\/wp\/v2\/posts"}],"about":[{"href":"https:\/\/cna.org.ar\/index.php\/wp-json\/wp\/v2\/types\/post"}],"author":[{"embeddable":true,"href":"https:\/\/cna.org.ar\/index.php\/wp-json\/wp\/v2\/users\/1"}],"replies":[{"embeddable":true,"href":"https:\/\/cna.org.ar\/index.php\/wp-json\/wp\/v2\/comments?post=3241"}],"version-history":[{"count":0,"href":"https:\/\/cna.org.ar\/index.php\/wp-json\/wp\/v2\/posts\/3241\/revisions"}],"wp:featuredmedia":[{"embeddable":true,"href":"https:\/\/cna.org.ar\/index.php\/wp-json\/"}],"wp:attachment":[{"href":"https:\/\/cna.org.ar\/index.php\/wp-json\/wp\/v2\/media?parent=3241"}],"wp:term":[{"taxonomy":"category","embeddable":true,"href":"https:\/\/cna.org.ar\/index.php\/wp-json\/wp\/v2\/categories?post=3241"},{"taxonomy":"post_tag","embeddable":true,"href":"https:\/\/cna.org.ar\/index.php\/wp-json\/wp\/v2\/tags?post=3241"}],"curies":[{"name":"wp","href":"https:\/\/api.w.org\/{rel}","templated":true}]}}