{"id":3377,"date":"2014-10-22T12:26:07","date_gmt":"2014-10-22T14:26:07","guid":{"rendered":"http:\/\/www.cna.org.ar\/?p=3377"},"modified":"2015-09-09T16:39:38","modified_gmt":"2015-09-09T16:39:38","slug":"22-de-octubre-dia-nacional-del-derecho-a-la-identidad-2","status":"publish","type":"post","link":"https:\/\/cna.org.ar\/index.php\/2014\/10\/22\/22-de-octubre-dia-nacional-del-derecho-a-la-identidad-2\/","title":{"rendered":"22 de octubre-D\u00eda Nacional del Derecho a la Identidad"},"content":{"rendered":"<p><a href=\"https:\/\/i0.wp.com\/cna.org.ar\/wp-content\/uploads\/2014\/10\/abuelas.jpg?ssl=1\"><img data-recalc-dims=\"1\" loading=\"lazy\" decoding=\"async\" class=\"alignright size-medium wp-image-4038\" src=\"https:\/\/i0.wp.com\/cna.org.ar\/wp-content\/uploads\/2014\/10\/abuelas.jpg?resize=300%2C201&#038;ssl=1\" alt=\"abuelas\" width=\"300\" height=\"201\" srcset=\"https:\/\/i0.wp.com\/cna.org.ar\/wp-content\/uploads\/2014\/10\/abuelas.jpg?resize=300%2C201&amp;ssl=1 300w, https:\/\/i0.wp.com\/cna.org.ar\/wp-content\/uploads\/2014\/10\/abuelas.jpg?resize=522%2C350&amp;ssl=1 522w, https:\/\/i0.wp.com\/cna.org.ar\/wp-content\/uploads\/2014\/10\/abuelas.jpg?w=887&amp;ssl=1 887w\" sizes=\"auto, (max-width: 300px) 100vw, 300px\" \/><\/a>A partir de la sanci\u00f3n de la <a title=\"22 de octubre-D\u00eda Nacional del Derecho a la Identidad\" href=\"http:\/\/www.cna.org.ar\/22-de-octubre-dia-nacional-del-derecho-a-la-identidad\/\">Ley Nacional 26.001<\/a> en diciembre de 2004, en la Argentina se conmemora el \u201cD\u00eda Nacional del Derecho a la Identidad, para conmemorar la lucha emprendida por Abuelas de Plaza de Mayo\u201d. A 37 a\u00f1os de su inicio, hay 115 nietos y nietas que recuperaron su identidad. Tambi\u00e9n hay incontables organizaciones en todo el mundo a quienes las Abuelas iluminan en la forma de luchar por la memoria, la verdad y la justicia. Sin rencor, sin odio pero sin bajar los brazos. Es por ello que un a\u00f1o m\u00e1s de trabajo de las Abuelas de Plaza de Mayo, es siempre un a\u00f1o ganado para los derechos humanos.<\/p>\n","protected":false},"excerpt":{"rendered":"<p>A partir de la sanci\u00f3n de la Ley Nacional 26.001 en diciembre de 2004, en la Argentina se conmemora el \u201cD\u00eda Nacional del Derecho a la Identidad, para conmemorar la lucha emprendida por Abuelas de Plaza de Mayo\u201d. A 37 a\u00f1os de su inicio, hay 115 nietos y nietas que recuperaron su identidad. Tambi\u00e9n hay [&hellip;]<\/p>\n","protected":false},"author":1,"featured_media":4038,"comment_status":"closed","ping_status":"closed","sticky":false,"template":"","format":"standard","meta":{"site-sidebar-layout":"default","site-content-layout":"","ast-site-content-layout":"default","site-content-style":"default","site-sidebar-style":"default","ast-global-header-display":"","ast-banner-title-visibility":"","ast-main-header-display":"","ast-hfb-above-header-display":"","ast-hfb-below-header-display":"","ast-hfb-mobile-header-display":"","site-post-title":"","ast-breadcrumbs-content":"","ast-featured-img":"","footer-sml-layout":"","theme-transparent-header-meta":"","adv-header-id-meta":"","stick-header-meta":"","header-above-stick-meta":"","header-main-stick-meta":"","header-below-stick-meta":"","astra-migrate-meta-layouts":"default","ast-page-background-enabled":"default","ast-page-background-meta":{"desktop":{"background-color":"var(--ast-global-color-4)","background-image":"","background-repeat":"repeat","background-position":"center center","background-size":"auto","background-attachment":"scroll","background-type":"","background-media":"","overlay-type":"","overlay-color":"","overlay-opacity":"","overlay-gradient":""},"tablet":{"background-color":"","background-image":"","background-repeat":"repeat","background-position":"center center","background-size":"auto","background-attachment":"scroll","background-type":"","background-media":"","overlay-type":"","overlay-color":"","overlay-opacity":"","overlay-gradient":""},"mobile":{"background-color":"","background-image":"","background-repeat":"repeat","background-position":"center center","background-size":"auto","background-attachment":"scroll","background-type":"","background-media":"","overlay-type":"","overlay-color":"","overlay-opacity":"","overlay-gradient":""}},"ast-content-background-meta":{"desktop":{"background-color":"var(--ast-global-color-5)","background-image":"","background-repeat":"repeat","background-position":"center center","background-size":"auto","background-attachment":"scroll","background-type":"","background-media":"","overlay-type":"","overlay-color":"","overlay-opacity":"","overlay-gradient":""},"tablet":{"background-color":"var(--ast-global-color-5)","background-image":"","background-repeat":"repeat","background-position":"center center","background-size":"auto","background-attachment":"scroll","background-type":"","background-media":"","overlay-type":"","overlay-color":"","overlay-opacity":"","overlay-gradient":""},"mobile":{"background-color":"var(--ast-global-color-5)","background-image":"","background-repeat":"repeat","background-position":"center center","background-size":"auto","background-attachment":"scroll","background-type":"","background-media":"","overlay-type":"","overlay-color":"","overlay-opacity":"","overlay-gradient":""}},"_jetpack_memberships_contains_paid_content":false,"footnotes":""},"categories":[4],"tags":[121,24,16,83,25,17,18,188,189],"class_list":["post-3377","post","type-post","status-publish","format-standard","has-post-thumbnail","hentry","category-comunicados","tag-abuelas","tag-argentina","tag-armenia-2","tag-armenio","tag-armenios","tag-ddhh","tag-derechos-humanos","tag-identidad","tag-mayo"],"jetpack_featured_media_url":"https:\/\/i0.wp.com\/cna.org.ar\/wp-content\/uploads\/2014\/10\/abuelas.jpg?fit=887%2C595&ssl=1","jetpack_sharing_enabled":true,"_links":{"self":[{"href":"https:\/\/cna.org.ar\/index.php\/wp-json\/wp\/v2\/posts\/3377","targetHints":{"allow":["GET"]}}],"collection":[{"href":"https:\/\/cna.org.ar\/index.php\/wp-json\/wp\/v2\/posts"}],"about":[{"href":"https:\/\/cna.org.ar\/index.php\/wp-json\/wp\/v2\/types\/post"}],"author":[{"embeddable":true,"href":"https:\/\/cna.org.ar\/index.php\/wp-json\/wp\/v2\/users\/1"}],"replies":[{"embeddable":true,"href":"https:\/\/cna.org.ar\/index.php\/wp-json\/wp\/v2\/comments?post=3377"}],"version-history":[{"count":1,"href":"https:\/\/cna.org.ar\/index.php\/wp-json\/wp\/v2\/posts\/3377\/revisions"}],"predecessor-version":[{"id":4039,"href":"https:\/\/cna.org.ar\/index.php\/wp-json\/wp\/v2\/posts\/3377\/revisions\/4039"}],"wp:featuredmedia":[{"embeddable":true,"href":"https:\/\/cna.org.ar\/index.php\/wp-json\/wp\/v2\/media\/4038"}],"wp:attachment":[{"href":"https:\/\/cna.org.ar\/index.php\/wp-json\/wp\/v2\/media?parent=3377"}],"wp:term":[{"taxonomy":"category","embeddable":true,"href":"https:\/\/cna.org.ar\/index.php\/wp-json\/wp\/v2\/categories?post=3377"},{"taxonomy":"post_tag","embeddable":true,"href":"https:\/\/cna.org.ar\/index.php\/wp-json\/wp\/v2\/tags?post=3377"}],"curies":[{"name":"wp","href":"https:\/\/api.w.org\/{rel}","templated":true}]}}