{"id":3381,"date":"2014-11-14T14:53:29","date_gmt":"2014-11-14T16:53:29","guid":{"rendered":"http:\/\/www.cna.org.ar\/?p=3381"},"modified":"2015-09-09T16:39:12","modified_gmt":"2015-09-09T16:39:12","slug":"eugenio-zaffaroni-en-la-senda-de-la-dignidad","status":"publish","type":"post","link":"https:\/\/cna.org.ar\/index.php\/2014\/11\/14\/eugenio-zaffaroni-en-la-senda-de-la-dignidad\/","title":{"rendered":"Eugenio Zaffaroni, en el sendero de la dignidad"},"content":{"rendered":"<p><a href=\"https:\/\/i0.wp.com\/cna.org.ar\/wp-content\/uploads\/2014\/11\/zaffaroni_g.jpg?ssl=1\"><img data-recalc-dims=\"1\" loading=\"lazy\" decoding=\"async\" class=\"alignleft size-medium wp-image-4035\" src=\"https:\/\/i0.wp.com\/cna.org.ar\/wp-content\/uploads\/2014\/11\/zaffaroni_g.jpg?resize=300%2C169&#038;ssl=1\" alt=\"zaffaroni_g\" width=\"300\" height=\"169\" srcset=\"https:\/\/i0.wp.com\/cna.org.ar\/wp-content\/uploads\/2014\/11\/zaffaroni_g.jpg?resize=300%2C169&amp;ssl=1 300w, https:\/\/i0.wp.com\/cna.org.ar\/wp-content\/uploads\/2014\/11\/zaffaroni_g.jpg?w=620&amp;ssl=1 620w\" sizes=\"auto, (max-width: 300px) 100vw, 300px\" \/><\/a>Ante la decisi\u00f3n del Dr. Eugenio Ra\u00fal Zaffaroni de renunciar a su cargo de Juez de la Corte Suprema de Justicia de la Naci\u00f3n, con apego a la manda constitucional consagrada en el inciso cuarto del art\u00edculo 99, el CNA \u00a0desea poner de relieve su trayectoria profesional, acad\u00e9mica y pol\u00edtica. En este sentido, es necesario destacar el compromiso del Dr. Eugenio Ra\u00fal Zaffaroni con los Derechos Humanos, tanto por el abordaje t\u00e9cnico de sus postulados como por la firme convicci\u00f3n con que los eligi\u00f3 como gu\u00eda de su accionar jur\u00eddico.<\/p>\n<p>De los incontables fallos de la Corte Suprema de Justicia de la Naci\u00f3n con cuyo voto ha concurrido a formar la mayor\u00eda, cabe mencionar algunas sentencias ejemplares como la dictada en el caso \u201cSim\u00f3n\u201d, en el que se declar\u00f3 la inconstitucionalidad de las leyes de obediencia debida y punto final, o la reca\u00edda en el caso \u201cFAL\u201d, en la que se reafirm\u00f3 la vigencia del \u00a0aborto no punible frente a las arbitrariedades de jueces y pol\u00edticos que obstruyen su realizaci\u00f3n.<\/p>\n<p>A eso, s\u00famese la letra de su carta de renuncia, en la que dej\u00f3 claro testimonio de su norte, al indicar que \u201cel sendero de dignidad que en lo \u00e9tico las Madres y Abuelas marcaron en nuestros peores momentos del siglo pasado, debe actualizarse en forma permanente y plasmarse en el pensamiento y en el sentimiento jur\u00eddico de las nuevas generaciones, en especial en las de los estamentos sociales que tendr\u00e1n mejor voz en raz\u00f3n de la extensi\u00f3n del acceso a la Universidad\u201d.<\/p>\n<p>El Dr. Zaffaroni es, sin lugar a dudas, una personalidad que contribuy\u00f3 a la defensa de las instituciones republicanas y democr\u00e1ticas de nuestro pa\u00eds. Adem\u00e1s de su desempe\u00f1o en el \u00e1mbito de la justicia, en la provincia de San Luis y en la Ciudad de Buenos Aires, y desde el 2003 como Ministro de la Corte Suprema de Justicia de la Naci\u00f3n, colabor\u00f3 con los otros poderes que conforman el Estado. Ha formado parte de la Comisi\u00f3n Asesora del Senado de la Naci\u00f3n para la reforma del sistema penitenciario en 1986, fue miembro de la Comisi\u00f3n T\u00e9cnico Jur\u00eddica Asesora de la Comisi\u00f3n de Legislaci\u00f3n Penal en la misma C\u00e1mara de 1988 a 1990 y asesor de la C\u00e1mara de Diputados entre 1995 y 1997 y, recientemente, encabez\u00f3 la Comisi\u00f3n Redactora del anteproyecto de reforma del C\u00f3digo Penal.<\/p>\n<p>Debe recordarse que en 1994 result\u00f3 electo por la voluntad popular para la Convenci\u00f3n Constituyente, y en 1997 como Diputado de la Ciudad de Buenos Aires. Asimismo, dentro de su trayectoria internacional puede destacarse su trabajo con la Organizaci\u00f3n de las Naciones Unidas y con el Instituto Latinoamericano de las Naciones Unidas para la Prevenci\u00f3n del Crimen y el Tratamiento del Delincuente (<a href=\"http:\/\/www.ilanud.or.cr\/\" target=\"_blank\">ILANUD<\/a>). En el \u00e1mbito acad\u00e9mico, es prol\u00edfico en doctorados y ha ejercido la docencia en diversas universidades nacionales y en Brasil, Venezuela, M\u00e9xico, Espa\u00f1a, y ha sido nombrado Profesor y Doctor <i>honoris causa<\/i> en m\u00e1s de veinte universidades.<\/p>\n<p>Se trata, pues, de un aut\u00e9ntico defensor del Estado de Derecho y del ejercicio \u00e9tico y comprometido de su profesi\u00f3n. Su renuncia en observancia de la Constituci\u00f3n Nacional lo confirma. Por otro lado, su compromiso con las causas justas, a la par de su important\u00edsimo aporte a la ciencia del derecho en nuestro pa\u00eds y en el mundo, hizo que la denuncia del genocidio contra el pueblo armenio se sumara a su largo haber de posicionamientos \u00e9ticos y pol\u00edticos.<\/p>\n<div style=\"float: left; margin-right: 14px;\"><iframe loading=\"lazy\" src=\"https:\/\/www.youtube.com\/embed\/_YTJqbLrZv8?feature=player_detailpage\" width=\"320\" height=\"180\" frameborder=\"0\" allowfullscreen=\"allowfullscreen\"><\/iframe><\/div>\n<p style=\"text-align: justify;\">As\u00ed, su contundente postura en relaci\u00f3n al genocidio contra el pueblo armenio, y a la lucha contra el negacionismo, se vi\u00f3 reflejada en sus obras y en su trabajo permanente junto a distintas organizaciones de la comunidad armenia de Argentina. Recordamos, en este sentido, su tratamiento del tema en \u201cLa palabra de los muertos\u201d, libro que recoge sus conferencias sobre criminolog\u00eda cautelar, su pr\u00f3logo a \u201c<a title=\"Zaffaroni, Eugenio Ra\u00fal (Estudio preliminar). \u201cUn proceso hist\u00f3rico. Absoluci\u00f3n al ejecutor del genocida turco Talaat Pasha\u201d\" href=\"http:\/\/www.cna.org.ar\/wpcproduct\/zaffaroni-eugenio-raul-estudio-preliminar-un-proceso-historico-absolucion-al-ejecutor-del-genocida-turco-talaat-pasha\/\" target=\"_blank\">Un proceso hist\u00f3rico<\/a>\u201d y su <a title=\"Osvaldo Bayer, Ra\u00fal Zaffaroni y Khatchik Derghougassian presentaron \u201cUn proceso hist\u00f3rico\u201d, un valioso testimonio acerca del genocidio de los armenios y el castigo a los responsables\" href=\"http:\/\/www.cna.org.ar\/osvaldo-bayer-raul-zaffaroni-y-khatchik-derghougassian-presentaron-un-proceso-historico-un-valioso-testimonio-acerca-del-genocidio-de-los-armenios-y-el-castigo-a-los-responsables-3\/\" target=\"_blank\">participaci\u00f3n en la presentaci\u00f3n<\/a>, como lo hiciera tambi\u00e9n en la Conferencia sobre Genocidio Armenio y derecho internacional, en el Aula Magna de la Facultad de Derecho de la UBA, con la publicaci\u00f3n de \u00abEl genocidio contra los armenios 1915-1923 y la relevancia de la Convenci\u00f3n de 1948 para la prevenci\u00f3n y la sanci\u00f3n del delito de genocidio\u00bb del jurista <a title=\"Presentaci\u00f3n de libro sobre Genocidio Armenio de Alfred de Zayas \u2013 Martes 19 de octubre 18 hs- Fac. Derecho UBA\" href=\"http:\/\/www.cna.org.ar\/950\/\" target=\"_blank\">Alfred de Zayas<\/a>.<\/p>\n<p>Por \u00faltimo, s\u00f3lo queda subrayar, una vez m\u00e1s, sus valores \u00e9ticos, sus convicciones y la coherencia que lo viene acompa\u00f1ando en el transitar de su vida, reafirmados en la misiva que le dirigiera a la Presidenta de la Naci\u00f3n, en la cual expres\u00f3 que \u201ces indispensable formar a muchos hombres y mujeres j\u00f3venes, para que desde el atalaya de nuestra posici\u00f3n en el mundo, en este siglo crucial para toda la humanidad, sean capaces de continuar reflexionando y actuando el derecho de mucho m\u00e1s y mejor que nosotros, en pos de la reducci\u00f3n de los niveles de desigualdad y violencia\u201d.<\/p>\n<p>En raz\u00f3n de eso, el Consejo Nacional Armenio agradece al Dr. Ra\u00fal Eugenio Zaffaroni el alto servicio que le ha prestado a la Rep\u00fablica y, tambi\u00e9n, a la lucha por el reconocimiento del genocidio contra el pueblo armenio.<\/p>\n","protected":false},"excerpt":{"rendered":"<p>Ante la decisi\u00f3n del Dr. Eugenio Ra\u00fal Zaffaroni de renunciar a su cargo de Juez de la Corte Suprema de Justicia de la Naci\u00f3n, con apego a la manda constitucional consagrada en el inciso cuarto del art\u00edculo 99, el CNA \u00a0desea poner de relieve su trayectoria profesional, acad\u00e9mica y pol\u00edtica. En este sentido, es necesario [&hellip;]<\/p>\n","protected":false},"author":1,"featured_media":4035,"comment_status":"closed","ping_status":"closed","sticky":false,"template":"","format":"standard","meta":{"site-sidebar-layout":"default","site-content-layout":"","ast-site-content-layout":"default","site-content-style":"default","site-sidebar-style":"default","ast-global-header-display":"","ast-banner-title-visibility":"","ast-main-header-display":"","ast-hfb-above-header-display":"","ast-hfb-below-header-display":"","ast-hfb-mobile-header-display":"","site-post-title":"","ast-breadcrumbs-content":"","ast-featured-img":"","footer-sml-layout":"","theme-transparent-header-meta":"","adv-header-id-meta":"","stick-header-meta":"","header-above-stick-meta":"","header-main-stick-meta":"","header-below-stick-meta":"","astra-migrate-meta-layouts":"default","ast-page-background-enabled":"default","ast-page-background-meta":{"desktop":{"background-color":"var(--ast-global-color-4)","background-image":"","background-repeat":"repeat","background-position":"center center","background-size":"auto","background-attachment":"scroll","background-type":"","background-media":"","overlay-type":"","overlay-color":"","overlay-opacity":"","overlay-gradient":""},"tablet":{"background-color":"","background-image":"","background-repeat":"repeat","background-position":"center center","background-size":"auto","background-attachment":"scroll","background-type":"","background-media":"","overlay-type":"","overlay-color":"","overlay-opacity":"","overlay-gradient":""},"mobile":{"background-color":"","background-image":"","background-repeat":"repeat","background-position":"center center","background-size":"auto","background-attachment":"scroll","background-type":"","background-media":"","overlay-type":"","overlay-color":"","overlay-opacity":"","overlay-gradient":""}},"ast-content-background-meta":{"desktop":{"background-color":"var(--ast-global-color-5)","background-image":"","background-repeat":"repeat","background-position":"center center","background-size":"auto","background-attachment":"scroll","background-type":"","background-media":"","overlay-type":"","overlay-color":"","overlay-opacity":"","overlay-gradient":""},"tablet":{"background-color":"var(--ast-global-color-5)","background-image":"","background-repeat":"repeat","background-position":"center center","background-size":"auto","background-attachment":"scroll","background-type":"","background-media":"","overlay-type":"","overlay-color":"","overlay-opacity":"","overlay-gradient":""},"mobile":{"background-color":"var(--ast-global-color-5)","background-image":"","background-repeat":"repeat","background-position":"center center","background-size":"auto","background-attachment":"scroll","background-type":"","background-media":"","overlay-type":"","overlay-color":"","overlay-opacity":"","overlay-gradient":""}},"_jetpack_memberships_contains_paid_content":false,"footnotes":""},"categories":[4],"tags":[24,16,83,25,34,17,18,28,11,12,22,23,43],"class_list":["post-3381","post","type-post","status-publish","format-standard","has-post-thumbnail","hentry","category-comunicados","tag-argentina","tag-armenia-2","tag-armenio","tag-armenios","tag-causa-armenia","tag-ddhh","tag-derechos-humanos","tag-genocidio","tag-genocidio-armenio","tag-negacionismo","tag-turkey","tag-turquia","tag-zaffaroni"],"jetpack_featured_media_url":"https:\/\/i0.wp.com\/cna.org.ar\/wp-content\/uploads\/2014\/11\/zaffaroni_g.jpg?fit=620%2C349&ssl=1","jetpack_sharing_enabled":true,"_links":{"self":[{"href":"https:\/\/cna.org.ar\/index.php\/wp-json\/wp\/v2\/posts\/3381","targetHints":{"allow":["GET"]}}],"collection":[{"href":"https:\/\/cna.org.ar\/index.php\/wp-json\/wp\/v2\/posts"}],"about":[{"href":"https:\/\/cna.org.ar\/index.php\/wp-json\/wp\/v2\/types\/post"}],"author":[{"embeddable":true,"href":"https:\/\/cna.org.ar\/index.php\/wp-json\/wp\/v2\/users\/1"}],"replies":[{"embeddable":true,"href":"https:\/\/cna.org.ar\/index.php\/wp-json\/wp\/v2\/comments?post=3381"}],"version-history":[{"count":2,"href":"https:\/\/cna.org.ar\/index.php\/wp-json\/wp\/v2\/posts\/3381\/revisions"}],"predecessor-version":[{"id":4037,"href":"https:\/\/cna.org.ar\/index.php\/wp-json\/wp\/v2\/posts\/3381\/revisions\/4037"}],"wp:featuredmedia":[{"embeddable":true,"href":"https:\/\/cna.org.ar\/index.php\/wp-json\/wp\/v2\/media\/4035"}],"wp:attachment":[{"href":"https:\/\/cna.org.ar\/index.php\/wp-json\/wp\/v2\/media?parent=3381"}],"wp:term":[{"taxonomy":"category","embeddable":true,"href":"https:\/\/cna.org.ar\/index.php\/wp-json\/wp\/v2\/categories?post=3381"},{"taxonomy":"post_tag","embeddable":true,"href":"https:\/\/cna.org.ar\/index.php\/wp-json\/wp\/v2\/tags?post=3381"}],"curies":[{"name":"wp","href":"https:\/\/api.w.org\/{rel}","templated":true}]}}