{"id":3400,"date":"2014-11-20T15:13:26","date_gmt":"2014-11-20T17:13:26","guid":{"rendered":"http:\/\/www.cna.org.ar\/?p=3400"},"modified":"2015-09-09T16:38:35","modified_gmt":"2015-09-09T16:38:35","slug":"las-bajas-del-proceso-de-paz","status":"publish","type":"post","link":"https:\/\/cna.org.ar\/index.php\/2014\/11\/20\/las-bajas-del-proceso-de-paz\/","title":{"rendered":"Las bajas del proceso de paz"},"content":{"rendered":"<p><a href=\"https:\/\/i0.wp.com\/cna.org.ar\/wp-content\/uploads\/2014\/11\/0903_safarov_guerra_indulto_caucaso_afp_g.jpg?ssl=1\"><img data-recalc-dims=\"1\" loading=\"lazy\" decoding=\"async\" class=\"alignleft size-medium wp-image-4033\" src=\"https:\/\/i0.wp.com\/cna.org.ar\/wp-content\/uploads\/2014\/11\/0903_safarov_guerra_indulto_caucaso_afp_g.jpg?resize=300%2C206&#038;ssl=1\" alt=\"0903_safarov_guerra_indulto_caucaso_afp_g\" width=\"300\" height=\"206\" srcset=\"https:\/\/i0.wp.com\/cna.org.ar\/wp-content\/uploads\/2014\/11\/0903_safarov_guerra_indulto_caucaso_afp_g.jpg?resize=300%2C206&amp;ssl=1 300w, https:\/\/i0.wp.com\/cna.org.ar\/wp-content\/uploads\/2014\/11\/0903_safarov_guerra_indulto_caucaso_afp_g.jpg?resize=510%2C350&amp;ssl=1 510w, https:\/\/i0.wp.com\/cna.org.ar\/wp-content\/uploads\/2014\/11\/0903_safarov_guerra_indulto_caucaso_afp_g.jpg?w=728&amp;ssl=1 728w\" sizes=\"auto, (max-width: 300px) 100vw, 300px\" \/><\/a><a title=\"Comunicado sobre la extradici\u00f3n y amnist\u00eda de Ramil Safarov\" href=\"https:\/\/cna.org.ar\/index.php\/2012\/09\/03\/comunicado-sobre-la-extradicion-y-amnistia-de-ramil-safarov\/\" target=\"_blank\">Ramil Safarov<\/a> es un militar que asesin\u00f3 con un hacha a un par armenio, Gurgen Margaryan, durante un curso de ingl\u00e9s de la OTAN en Hungr\u00eda, en febrero de 2004. De su condena a cadena perpetua en el pa\u00eds donde cometi\u00f3 el crimen, pas\u00f3 a ser recibido con honores en su pa\u00eds natal. Hoy, m\u00e1s de diez a\u00f1os despu\u00e9s, la Asamblea Parlamentaria del Consejo de Europa repudi\u00f3 el 18 de noviembre a trav\u00e9s de la <a href=\"http:\/\/assembly.coe.int\/nw\/xml\/XRef\/X2H-Xref-ViewPDF.asp?FileID=21319&amp;lang=en\" target=\"_blank\">Resoluci\u00f3n 2022 (2014)<\/a> la mala fe azerbaiyana durante ese episodio. La Rep\u00fablica de Azerbaiy\u00e1n premi\u00f3 a un militar convicto por asesinar a un militar armenio desarmado, y la mayor parte de la Comunidad Internacional evit\u00f3 pronunciarse al respecto.<\/p>\n<p>El 12 de noviembre el ej\u00e9rcito de Azerbaiy\u00e1n <a href=\"http:\/\/www.prensaarmenia.com.ar\/2014\/11\/azerbaiyan-derribo-un-helicoptero-en.html\" target=\"_blank\">derrib\u00f3 un helic\u00f3ptero MI-24<\/a> de Nagorno Karabaj que <img data-recalc-dims=\"1\" loading=\"lazy\" decoding=\"async\" class=\"alignright\" src=\"https:\/\/i0.wp.com\/4.bp.blogspot.com\/-iGVm6HMBi_Q\/VGOpxp4l-wI\/AAAAAAAAAKM\/BR-hgwuak00\/s1600\/00-armenian-mi-24-attack-helicopter-04-01-14.jpg?resize=281%2C187&#038;ssl=1\" alt=\"\" width=\"281\" height=\"187\" \/>realizaba ejercicios de entrenamiento, sin ning\u00fan tipo de armamento. El resultado inmediato fue la muerte de los tres soldados que lo tripulaban. Despu\u00e9s de los momentos de tensi\u00f3n vividos <a title=\"Ante las agresiones de Azerbaiy\u00e1n a Armenia y Nagorno Karabaj\" href=\"https:\/\/cna.org.ar\/index.php\/2014\/08\/08\/ante-las-agresiones-de-azerbaiyan-a-armenia-y-nagorno-karabaj\/\" target=\"_blank\">durante agosto<\/a>\u00a0y las convocatorias desde diferentes instancias del Grupo de Minsk de la OSCE, \u00e1mbito para la resoluci\u00f3n pac\u00edfica del diferendo, esta nueva provocaci\u00f3n del gobierno de Aliyev obliga a preguntarse por qu\u00e9 pudo ser derribado ese helic\u00f3ptero, m\u00e1s all\u00e1 de las justificaciones de la cartera de Defensa azerbaiyana, que como sucede habitualmente no encuentran un respaldo en la realidad.<\/p>\n<p>Existen varias explicaciones posibles, no necesariamente excluyentes, ante esta b\u00fasqueda permanente del recrudecimiento de las tensiones. La primera es que en la medida que la Rep\u00fablica de Nagorno Karabaj avanza en su consolidaci\u00f3n, tanto desde los aspectos sociales como de las <a title=\"A 23 a\u00f1os de la Independencia de la Rep\u00fablica de Nagorno Karabaj\" href=\"https:\/\/cna.org.ar\/index.php\/2014\/09\/02\/a-23-anos-de-la-independencia-de-la-republica-de-nagorno-karabaj\/\" target=\"_blank\">libertades democr\u00e1ticas<\/a>, es conveniente para el gobierno de Azerbaiy\u00e1n mantener el status quo en la regi\u00f3n, y que Nagorno Karabaj sea pensado internacionalmente como un \u201cconflicto\u201d y no como un \u201cpa\u00eds\u201d.<\/p>\n<p>Asimismo, el sostenimiento permanente de las tensiones habilita la utilizaci\u00f3n pol\u00edtica permanente de discursos armen\u00f3fobos y belicistas en el fuero interno y en espacios internacionales, especialmente y de manera\u00a0cada vez m\u00e1s aguda en\u00a0forma mancomunada <a href=\"http:\/\/www.prensaarmenia.com.ar\/2014\/09\/los-presidentes-de-turquia-y-azerbaiyan.html\" target=\"_blank\">con la Rep\u00fablica de Turqu\u00eda<\/a>. En un contexto represivo cada vez mayor al interior de Azerbaiy\u00e1n, denunciado por organismos de prensa y de derechos humanos, Aliyev sienta uno de los pilares de su gobierno en las promesas de recuperaci\u00f3n a sangre y fuego de los territorios hist\u00f3ricos de su pa\u00eds, que seg\u00fan su propia reescritura de la historia <a title=\"Para Aliyev toda la Rep\u00fablica de Armenia es \u201cterritorio hist\u00f3rico de Azerbaiy\u00e1n\u201d\" href=\"https:\/\/cna.org.ar\/index.php\/2013\/10\/07\/para-aliyev-toda-la-republica-de-armenia-es-territorio-historico-de-azerbaiyan\/\" target=\"_blank\">abarcar\u00edan la totalidad de Armenia<\/a>.<\/p>\n<p>Sin embargo, desde el CNA entendemos que lo que genera las condiciones de posibilidad para que Azerbaiy\u00e1n lleve adelante esta pol\u00edtica de estado beligerante es la ausencia de sanciones internacionales. Luego de este grav\u00edsimo incidente, el Grupo de Minsk de la OSCE se ha limitado a expresar su preocupaci\u00f3n y realiz\u00f3 un llamado a Armenia y Azerbaiy\u00e1n a respetar el cese al fuego y honrar los compromisos de Sochi, Newport y Par\u00eds, auspiciados por los presidentes de la Federaci\u00f3n Rusa, Estados Unidos y Francia. El <a href=\"http:\/\/www.osce.org\/mg\/126923\" target=\"_blank\">comunicado<\/a> \u00a0no s\u00f3lo no condena a la parte azerbaiyana por su crimen, sino que realiza un llamado de atenci\u00f3n a Armenia y desconoce a Nagorno Karabaj como parte. Si el organismo que entiende en el conflicto adopta esta postura, \u00bfqu\u00e9 se puede esperar de la Rep\u00fablica de Azerbaiy\u00e1n?.<\/p>\n<p>Desde el CNA sostenemos permanentemente que sin la incorporaci\u00f3n de la Rep\u00fablica de Nagorno Karabaj como parte de la discusi\u00f3n, y sin un an\u00e1lisis de c\u00f3mo act\u00faa cada parte en el conflicto, la aparente b\u00fasqueda de imparcialidad y neutralidad de los organismos internacionales se transforma en un gesto de benepl\u00e1cito a la pol\u00edtica de Aliyev. Ni Margaryan, ni los tripulantes del helic\u00f3ptero son v\u00edctimas directas de los horrores de la guerra. Bien por el contrario, son las bajas que se cobra el proceso de paz tal como lo entiende Azerbaiy\u00e1n: incitaci\u00f3n permanente al fin del cese al fuego y el reinicio de la campa\u00f1a de limpieza \u00e9tnica interrumpida 20 a\u00f1os atr\u00e1s.<\/p>\n","protected":false},"excerpt":{"rendered":"<p>Ramil Safarov es un militar que asesin\u00f3 con un hacha a un par armenio, Gurgen Margaryan, durante un curso de ingl\u00e9s de la OTAN en Hungr\u00eda, en febrero de 2004. De su condena a cadena perpetua en el pa\u00eds donde cometi\u00f3 el crimen, pas\u00f3 a ser recibido con honores en su pa\u00eds natal. Hoy, m\u00e1s [&hellip;]<\/p>\n","protected":false},"author":1,"featured_media":4033,"comment_status":"closed","ping_status":"closed","sticky":false,"template":"","format":"standard","meta":{"site-sidebar-layout":"default","site-content-layout":"","ast-site-content-layout":"default","site-content-style":"default","site-sidebar-style":"default","ast-global-header-display":"","ast-banner-title-visibility":"","ast-main-header-display":"","ast-hfb-above-header-display":"","ast-hfb-below-header-display":"","ast-hfb-mobile-header-display":"","site-post-title":"","ast-breadcrumbs-content":"","ast-featured-img":"","footer-sml-layout":"","theme-transparent-header-meta":"","adv-header-id-meta":"","stick-header-meta":"","header-above-stick-meta":"","header-main-stick-meta":"","header-below-stick-meta":"","astra-migrate-meta-layouts":"default","ast-page-background-enabled":"default","ast-page-background-meta":{"desktop":{"background-color":"var(--ast-global-color-4)","background-image":"","background-repeat":"repeat","background-position":"center center","background-size":"auto","background-attachment":"scroll","background-type":"","background-media":"","overlay-type":"","overlay-color":"","overlay-opacity":"","overlay-gradient":""},"tablet":{"background-color":"","background-image":"","background-repeat":"repeat","background-position":"center center","background-size":"auto","background-attachment":"scroll","background-type":"","background-media":"","overlay-type":"","overlay-color":"","overlay-opacity":"","overlay-gradient":""},"mobile":{"background-color":"","background-image":"","background-repeat":"repeat","background-position":"center center","background-size":"auto","background-attachment":"scroll","background-type":"","background-media":"","overlay-type":"","overlay-color":"","overlay-opacity":"","overlay-gradient":""}},"ast-content-background-meta":{"desktop":{"background-color":"var(--ast-global-color-5)","background-image":"","background-repeat":"repeat","background-position":"center center","background-size":"auto","background-attachment":"scroll","background-type":"","background-media":"","overlay-type":"","overlay-color":"","overlay-opacity":"","overlay-gradient":""},"tablet":{"background-color":"var(--ast-global-color-5)","background-image":"","background-repeat":"repeat","background-position":"center center","background-size":"auto","background-attachment":"scroll","background-type":"","background-media":"","overlay-type":"","overlay-color":"","overlay-opacity":"","overlay-gradient":""},"mobile":{"background-color":"var(--ast-global-color-5)","background-image":"","background-repeat":"repeat","background-position":"center center","background-size":"auto","background-attachment":"scroll","background-type":"","background-media":"","overlay-type":"","overlay-color":"","overlay-opacity":"","overlay-gradient":""}},"_jetpack_memberships_contains_paid_content":false,"footnotes":""},"categories":[4],"tags":[117,24,16,83,25,46,47,34,28,11,75,76,77,22,23],"class_list":["post-3400","post","type-post","status-publish","format-standard","has-post-thumbnail","hentry","category-comunicados","tag-aliyev","tag-argentina","tag-armenia-2","tag-armenio","tag-armenios","tag-azerbaijan","tag-azerbaiyan","tag-causa-armenia","tag-genocidio","tag-genocidio-armenio","tag-karabagh","tag-karabaj","tag-nagorno","tag-turkey","tag-turquia"],"jetpack_featured_media_url":"https:\/\/i0.wp.com\/cna.org.ar\/wp-content\/uploads\/2014\/11\/0903_safarov_guerra_indulto_caucaso_afp_g.jpg?fit=728%2C500&ssl=1","jetpack_sharing_enabled":true,"_links":{"self":[{"href":"https:\/\/cna.org.ar\/index.php\/wp-json\/wp\/v2\/posts\/3400","targetHints":{"allow":["GET"]}}],"collection":[{"href":"https:\/\/cna.org.ar\/index.php\/wp-json\/wp\/v2\/posts"}],"about":[{"href":"https:\/\/cna.org.ar\/index.php\/wp-json\/wp\/v2\/types\/post"}],"author":[{"embeddable":true,"href":"https:\/\/cna.org.ar\/index.php\/wp-json\/wp\/v2\/users\/1"}],"replies":[{"embeddable":true,"href":"https:\/\/cna.org.ar\/index.php\/wp-json\/wp\/v2\/comments?post=3400"}],"version-history":[{"count":1,"href":"https:\/\/cna.org.ar\/index.php\/wp-json\/wp\/v2\/posts\/3400\/revisions"}],"predecessor-version":[{"id":4034,"href":"https:\/\/cna.org.ar\/index.php\/wp-json\/wp\/v2\/posts\/3400\/revisions\/4034"}],"wp:featuredmedia":[{"embeddable":true,"href":"https:\/\/cna.org.ar\/index.php\/wp-json\/wp\/v2\/media\/4033"}],"wp:attachment":[{"href":"https:\/\/cna.org.ar\/index.php\/wp-json\/wp\/v2\/media?parent=3400"}],"wp:term":[{"taxonomy":"category","embeddable":true,"href":"https:\/\/cna.org.ar\/index.php\/wp-json\/wp\/v2\/categories?post=3400"},{"taxonomy":"post_tag","embeddable":true,"href":"https:\/\/cna.org.ar\/index.php\/wp-json\/wp\/v2\/tags?post=3400"}],"curies":[{"name":"wp","href":"https:\/\/api.w.org\/{rel}","templated":true}]}}