{"id":3414,"date":"2014-12-02T17:03:02","date_gmt":"2014-12-02T19:03:02","guid":{"rendered":"http:\/\/www.cna.org.ar\/?p=3414"},"modified":"2015-09-09T16:38:39","modified_gmt":"2015-09-09T16:38:39","slug":"saludamos-la-resolucion-del-parlamento-boliviano-sobre-el-genocidio-armenio","status":"publish","type":"post","link":"https:\/\/cna.org.ar\/index.php\/2014\/12\/02\/saludamos-la-resolucion-del-parlamento-boliviano-sobre-el-genocidio-armenio\/","title":{"rendered":"Saludamos la resoluci\u00f3n del parlamento boliviano sobre el Genocidio Armenio"},"content":{"rendered":"<figure id=\"attachment_4028\" aria-describedby=\"caption-attachment-4028\" style=\"width: 300px\" class=\"wp-caption alignleft\"><a href=\"https:\/\/i0.wp.com\/cna.org.ar\/wp-content\/uploads\/2014\/12\/parl_b.jpg?ssl=1\"><img data-recalc-dims=\"1\" loading=\"lazy\" decoding=\"async\" class=\"size-medium wp-image-4028\" src=\"https:\/\/i0.wp.com\/cna.org.ar\/wp-content\/uploads\/2014\/12\/parl_b.jpg?resize=300%2C247&#038;ssl=1\" alt=\"Hugo Kuyumdjian ( Asociaci\u00f3n Cultural Armenia), Zonia Guardia Melgar (Presidenta en ejercicio de la C\u00e1mara de Senadores de Bolivia), Carolina Karagueuzian ( Directora del CNA Buenos Aires), Mehmet Ali Dogan (periodista y documentalista kurdo), Farides Vaca Suares ( Diputada, Secretaria 3\u00ba de la C\u00e1mara de Diputados de Bolivia) y la asesora Elizabeth Sandra Quiroz.\" width=\"300\" height=\"247\" srcset=\"https:\/\/i0.wp.com\/cna.org.ar\/wp-content\/uploads\/2014\/12\/parl_b.jpg?resize=300%2C247&amp;ssl=1 300w, https:\/\/i0.wp.com\/cna.org.ar\/wp-content\/uploads\/2014\/12\/parl_b.jpg?resize=426%2C350&amp;ssl=1 426w, https:\/\/i0.wp.com\/cna.org.ar\/wp-content\/uploads\/2014\/12\/parl_b.jpg?w=685&amp;ssl=1 685w\" sizes=\"auto, (max-width: 300px) 100vw, 300px\" \/><\/a><figcaption id=\"caption-attachment-4028\" class=\"wp-caption-text\">Hugo Kuyumdjian ( Asociaci\u00f3n Cultural Armenia), Zonia Guardia Melgar (Presidenta en ejercicio de la C\u00e1mara de Senadores de Bolivia), Carolina Karagueuzian ( Directora del CNA Buenos Aires), Mehmet Ali Dogan (periodista y documentalista kurdo), Farides Vaca Suares ( Diputada, Secretaria 3\u00ba de la C\u00e1mara de Diputados de Bolivia) y la asesora Elizabeth Sandra Quiroz.<\/figcaption><\/figure>\n<p>El Consejo Nacional Armenio de Sudam\u00e9rica celebra la decisi\u00f3n un\u00e1nime de la C\u00e1mara de Senadores y de Diputados de la Asamblea Legislativa Plurinacional de Bolivia de <a href=\"http:\/\/www.prensaarmenia.com.ar\/2014\/11\/bolivia-aprueba-por-unanimidad-una.html\" target=\"_blank\">aprobar una resoluci\u00f3n<\/a> en solidaridad con las reivindicaciones del pueblo armenio frente al genocidio perpetrado por el Estado turco. En palabras del Ministro de Relaciones Exteriores de Armenia Edward Nalbandian, \u201cantes del centenario del Genocidio Armenio, Bolivia a trav\u00e9s de este paso ha hecho una importante contribuci\u00f3n a la noble causa de la restauraci\u00f3n de la justicia hist\u00f3rica, el reconocimiento, la condena, la prevenci\u00f3n de los cr\u00edmenes contra la humanidad y la lucha contra la negaci\u00f3n\u00bb.<\/p>\n<p>Desde el 26 de noviembre, la hermana rep\u00fablica condena \u00abtoda pol\u00edtica negacionista respecto al genocidio y los cr\u00edmenes de lesa humanidad sufridos por la naci\u00f3n armenia\u00bb. Es significativo que este reconocimiento se produzca en un pa\u00eds que es pilar de la integraci\u00f3n latinoamericana, y emblema en la \u00faltima d\u00e9cada de la integraci\u00f3n de diferentes nacionalidades en un mismo Estado, en las ant\u00edpodas de lo que ocurre en la Rep\u00fablica de Turqu\u00eda.<\/p>\n","protected":false},"excerpt":{"rendered":"<p>El Consejo Nacional Armenio de Sudam\u00e9rica celebra la decisi\u00f3n un\u00e1nime de la C\u00e1mara de Senadores y de Diputados de la Asamblea Legislativa Plurinacional de Bolivia de aprobar una resoluci\u00f3n en solidaridad con las reivindicaciones del pueblo armenio frente al genocidio perpetrado por el Estado turco. En palabras del Ministro de Relaciones Exteriores de Armenia Edward [&hellip;]<\/p>\n","protected":false},"author":1,"featured_media":4028,"comment_status":"closed","ping_status":"closed","sticky":false,"template":"","format":"standard","meta":{"site-sidebar-layout":"default","site-content-layout":"","ast-site-content-layout":"default","site-content-style":"default","site-sidebar-style":"default","ast-global-header-display":"","ast-banner-title-visibility":"","ast-main-header-display":"","ast-hfb-above-header-display":"","ast-hfb-below-header-display":"","ast-hfb-mobile-header-display":"","site-post-title":"","ast-breadcrumbs-content":"","ast-featured-img":"","footer-sml-layout":"","theme-transparent-header-meta":"","adv-header-id-meta":"","stick-header-meta":"","header-above-stick-meta":"","header-main-stick-meta":"","header-below-stick-meta":"","astra-migrate-meta-layouts":"default","ast-page-background-enabled":"default","ast-page-background-meta":{"desktop":{"background-color":"var(--ast-global-color-4)","background-image":"","background-repeat":"repeat","background-position":"center center","background-size":"auto","background-attachment":"scroll","background-type":"","background-media":"","overlay-type":"","overlay-color":"","overlay-opacity":"","overlay-gradient":""},"tablet":{"background-color":"","background-image":"","background-repeat":"repeat","background-position":"center center","background-size":"auto","background-attachment":"scroll","background-type":"","background-media":"","overlay-type":"","overlay-color":"","overlay-opacity":"","overlay-gradient":""},"mobile":{"background-color":"","background-image":"","background-repeat":"repeat","background-position":"center center","background-size":"auto","background-attachment":"scroll","background-type":"","background-media":"","overlay-type":"","overlay-color":"","overlay-opacity":"","overlay-gradient":""}},"ast-content-background-meta":{"desktop":{"background-color":"var(--ast-global-color-5)","background-image":"","background-repeat":"repeat","background-position":"center center","background-size":"auto","background-attachment":"scroll","background-type":"","background-media":"","overlay-type":"","overlay-color":"","overlay-opacity":"","overlay-gradient":""},"tablet":{"background-color":"var(--ast-global-color-5)","background-image":"","background-repeat":"repeat","background-position":"center center","background-size":"auto","background-attachment":"scroll","background-type":"","background-media":"","overlay-type":"","overlay-color":"","overlay-opacity":"","overlay-gradient":""},"mobile":{"background-color":"var(--ast-global-color-5)","background-image":"","background-repeat":"repeat","background-position":"center center","background-size":"auto","background-attachment":"scroll","background-type":"","background-media":"","overlay-type":"","overlay-color":"","overlay-opacity":"","overlay-gradient":""}},"_jetpack_memberships_contains_paid_content":false,"footnotes":""},"categories":[4],"tags":[192,34,17,18,28,11,12,22,23],"class_list":["post-3414","post","type-post","status-publish","format-standard","has-post-thumbnail","hentry","category-comunicados","tag-bolivia","tag-causa-armenia","tag-ddhh","tag-derechos-humanos","tag-genocidio","tag-genocidio-armenio","tag-negacionismo","tag-turkey","tag-turquia"],"jetpack_featured_media_url":"https:\/\/i0.wp.com\/cna.org.ar\/wp-content\/uploads\/2014\/12\/parl_b.jpg?fit=685%2C563&ssl=1","jetpack_sharing_enabled":true,"_links":{"self":[{"href":"https:\/\/cna.org.ar\/index.php\/wp-json\/wp\/v2\/posts\/3414","targetHints":{"allow":["GET"]}}],"collection":[{"href":"https:\/\/cna.org.ar\/index.php\/wp-json\/wp\/v2\/posts"}],"about":[{"href":"https:\/\/cna.org.ar\/index.php\/wp-json\/wp\/v2\/types\/post"}],"author":[{"embeddable":true,"href":"https:\/\/cna.org.ar\/index.php\/wp-json\/wp\/v2\/users\/1"}],"replies":[{"embeddable":true,"href":"https:\/\/cna.org.ar\/index.php\/wp-json\/wp\/v2\/comments?post=3414"}],"version-history":[{"count":2,"href":"https:\/\/cna.org.ar\/index.php\/wp-json\/wp\/v2\/posts\/3414\/revisions"}],"predecessor-version":[{"id":4030,"href":"https:\/\/cna.org.ar\/index.php\/wp-json\/wp\/v2\/posts\/3414\/revisions\/4030"}],"wp:featuredmedia":[{"embeddable":true,"href":"https:\/\/cna.org.ar\/index.php\/wp-json\/wp\/v2\/media\/4028"}],"wp:attachment":[{"href":"https:\/\/cna.org.ar\/index.php\/wp-json\/wp\/v2\/media?parent=3414"}],"wp:term":[{"taxonomy":"category","embeddable":true,"href":"https:\/\/cna.org.ar\/index.php\/wp-json\/wp\/v2\/categories?post=3414"},{"taxonomy":"post_tag","embeddable":true,"href":"https:\/\/cna.org.ar\/index.php\/wp-json\/wp\/v2\/tags?post=3414"}],"curies":[{"name":"wp","href":"https:\/\/api.w.org\/{rel}","templated":true}]}}