{"id":3437,"date":"2015-01-02T16:35:33","date_gmt":"2015-01-02T18:35:33","guid":{"rendered":"http:\/\/www.cna.org.ar\/?p=3437"},"modified":"2015-09-09T15:32:51","modified_gmt":"2015-09-09T15:32:51","slug":"respuesta-del-embajador-vahagn-melikian-al-embajador-de-azerbaiyan","status":"publish","type":"post","link":"https:\/\/cna.org.ar\/index.php\/2015\/01\/02\/respuesta-del-embajador-vahagn-melikian-al-embajador-de-azerbaiyan\/","title":{"rendered":"Respuesta del Embajador Vahagn Melikian al Embajador de Azerbaiy\u00e1n"},"content":{"rendered":"<p><em><a href=\"https:\/\/i0.wp.com\/cna.org.ar\/wp-content\/uploads\/2015\/01\/vahagn-melikian.jpg?ssl=1\"><img data-recalc-dims=\"1\" loading=\"lazy\" decoding=\"async\" class=\"alignleft size-medium wp-image-4022\" src=\"https:\/\/i0.wp.com\/cna.org.ar\/wp-content\/uploads\/2015\/01\/vahagn-melikian.jpg?resize=300%2C201&#038;ssl=1\" alt=\"vahagn melikian\" width=\"300\" height=\"201\" srcset=\"https:\/\/i0.wp.com\/cna.org.ar\/wp-content\/uploads\/2015\/01\/vahagn-melikian.jpg?resize=300%2C201&amp;ssl=1 300w, https:\/\/i0.wp.com\/cna.org.ar\/wp-content\/uploads\/2015\/01\/vahagn-melikian.jpg?resize=523%2C350&amp;ssl=1 523w, https:\/\/i0.wp.com\/cna.org.ar\/wp-content\/uploads\/2015\/01\/vahagn-melikian.jpg?w=960&amp;ssl=1 960w\" sizes=\"auto, (max-width: 300px) 100vw, 300px\" \/><\/a><\/em><\/p>\n<p>&nbsp;<\/p>\n<p><em>Compartimos la carta enviada por el Embajador de la Rep\u00fablica de Armenia en Argentina Vahagn Melikian en respuesta a la publicaci\u00f3n en la secci\u00f3n Cartas al Pa\u00eds del diario Clar\u00edn, donde el Embajador de Azerbaiy\u00e1n continuara tergiversando los hechos hist\u00f3ricos y presentes de Armenia.<\/em><\/p>\n<p>&nbsp;<\/p>\n<p>Se\u00f1ores<br \/>\nCartas al pa\u00eds-Diario \u201cClar\u00edn\u201d<\/p>\n<p>De mi consideraci\u00f3n:<\/p>\n<p>&nbsp;<\/p>\n<p>El Embajador de Azerbaiy\u00e1n confunde su misi\u00f3n y cree que su objetivo en la Argentina es desmentir y corregir a los periodistas y analistas pol\u00edticos en su visi\u00f3n de la situaci\u00f3n y las perspectivas de paz en el C\u00e1ucaso del Sur.<\/p>\n<p>La falta de soluciones concretas del conflicto de Nagorno-Karabagh por parte del Grupo de Minsk se debe a que Azerbaiy\u00e1n proclama que lo solucionar\u00e1 por la fuerza, mientras ese organismo asume que la soluci\u00f3n definitiva solo se alcanzar\u00e1 con el respeto simult\u00e1neo de los tres principios fundamentales: el derecho de libre determinaci\u00f3n, la integridad territorial y la exclusi\u00f3n del uso de la fuerza.<\/p>\n<p>La democracia armenia es un ejemplo en el C\u00e1ucaso Sur. Los presidentes han sido electos por voto universal y solo se permite una reelecci\u00f3n. A\u00fan con la mejor buena voluntad es muy dif\u00edcil definir a Azerbaiy\u00e1n como estado democr\u00e1tico. Desde los primeros a\u00f1os de la independencia hasta el presente la presidencia del pa\u00eds ha sido transmitida de padre a hijo. El periodismo libre es perseguido sistem\u00e1ticamente. Los l\u00edderes de la oposici\u00f3n son presos pol\u00edticos del r\u00e9gimen.<\/p>\n<p>Los petrod\u00f3lares del mar Caspio se le han subido a la cabeza a una dirigencia sin sustento ideol\u00f3gico y despreciada por su propio pueblo, al que le proh\u00edbe expresarse en libertad.<\/p>\n<p>La propaganda antiarmenia, el odio a lo armenio, la armenofobia desatada por el r\u00e9gimen de Bak\u00fa son claras expresiones de racismo.<\/p>\n<p>El vicio de mentir, falsear y tergiversar la verdad hist\u00f3rica se ha transformado en parte inseparable de la maquinaria de propaganda oficial de Azerbaiy\u00e1n.<\/p>\n<p>La opini\u00f3n p\u00fablica argentina es una de las m\u00e1s ilustradas de Am\u00e9rica y no se deja enga\u00f1ar f\u00e1cilmente.<\/p>\n<p>Vahagn Melikian<br \/>\nEMBAJADOR DE LA REP\u00daBLICA DE ARMENIA<\/p>\n<p>&nbsp;<\/p>\n<p>&nbsp;<\/p>\n<p>&nbsp;<\/p>\n","protected":false},"excerpt":{"rendered":"<p>&nbsp; Compartimos la carta enviada por el Embajador de la Rep\u00fablica de Armenia en Argentina Vahagn Melikian en respuesta a la publicaci\u00f3n en la secci\u00f3n Cartas al Pa\u00eds del diario Clar\u00edn, donde el Embajador de Azerbaiy\u00e1n continuara tergiversando los hechos hist\u00f3ricos y presentes de Armenia. &nbsp; Se\u00f1ores Cartas al pa\u00eds-Diario \u201cClar\u00edn\u201d De mi consideraci\u00f3n: &nbsp; [&hellip;]<\/p>\n","protected":false},"author":1,"featured_media":2599,"comment_status":"closed","ping_status":"closed","sticky":false,"template":"","format":"standard","meta":{"site-sidebar-layout":"default","site-content-layout":"","ast-site-content-layout":"default","site-content-style":"default","site-sidebar-style":"default","ast-global-header-display":"","ast-banner-title-visibility":"","ast-main-header-display":"","ast-hfb-above-header-display":"","ast-hfb-below-header-display":"","ast-hfb-mobile-header-display":"","site-post-title":"","ast-breadcrumbs-content":"","ast-featured-img":"","footer-sml-layout":"","theme-transparent-header-meta":"","adv-header-id-meta":"","stick-header-meta":"","header-above-stick-meta":"","header-main-stick-meta":"","header-below-stick-meta":"","astra-migrate-meta-layouts":"default","ast-page-background-enabled":"default","ast-page-background-meta":{"desktop":{"background-color":"var(--ast-global-color-4)","background-image":"","background-repeat":"repeat","background-position":"center center","background-size":"auto","background-attachment":"scroll","background-type":"","background-media":"","overlay-type":"","overlay-color":"","overlay-opacity":"","overlay-gradient":""},"tablet":{"background-color":"","background-image":"","background-repeat":"repeat","background-position":"center center","background-size":"auto","background-attachment":"scroll","background-type":"","background-media":"","overlay-type":"","overlay-color":"","overlay-opacity":"","overlay-gradient":""},"mobile":{"background-color":"","background-image":"","background-repeat":"repeat","background-position":"center center","background-size":"auto","background-attachment":"scroll","background-type":"","background-media":"","overlay-type":"","overlay-color":"","overlay-opacity":"","overlay-gradient":""}},"ast-content-background-meta":{"desktop":{"background-color":"var(--ast-global-color-5)","background-image":"","background-repeat":"repeat","background-position":"center center","background-size":"auto","background-attachment":"scroll","background-type":"","background-media":"","overlay-type":"","overlay-color":"","overlay-opacity":"","overlay-gradient":""},"tablet":{"background-color":"var(--ast-global-color-5)","background-image":"","background-repeat":"repeat","background-position":"center center","background-size":"auto","background-attachment":"scroll","background-type":"","background-media":"","overlay-type":"","overlay-color":"","overlay-opacity":"","overlay-gradient":""},"mobile":{"background-color":"var(--ast-global-color-5)","background-image":"","background-repeat":"repeat","background-position":"center center","background-size":"auto","background-attachment":"scroll","background-type":"","background-media":"","overlay-type":"","overlay-color":"","overlay-opacity":"","overlay-gradient":""}},"_jetpack_memberships_contains_paid_content":false,"footnotes":""},"categories":[6,32],"tags":[24,16,25,45,46,47,18,75,76,77],"class_list":["post-3437","post","type-post","status-publish","format-standard","has-post-thumbnail","hentry","category-documentos-periodisticos-sobre-el-genocidio-armenio","category-reflexiones","tag-argentina","tag-armenia-2","tag-armenios","tag-azerbaidjan","tag-azerbaijan","tag-azerbaiyan","tag-derechos-humanos","tag-karabagh","tag-karabaj","tag-nagorno"],"jetpack_featured_media_url":"","jetpack_sharing_enabled":true,"_links":{"self":[{"href":"https:\/\/cna.org.ar\/index.php\/wp-json\/wp\/v2\/posts\/3437","targetHints":{"allow":["GET"]}}],"collection":[{"href":"https:\/\/cna.org.ar\/index.php\/wp-json\/wp\/v2\/posts"}],"about":[{"href":"https:\/\/cna.org.ar\/index.php\/wp-json\/wp\/v2\/types\/post"}],"author":[{"embeddable":true,"href":"https:\/\/cna.org.ar\/index.php\/wp-json\/wp\/v2\/users\/1"}],"replies":[{"embeddable":true,"href":"https:\/\/cna.org.ar\/index.php\/wp-json\/wp\/v2\/comments?post=3437"}],"version-history":[{"count":3,"href":"https:\/\/cna.org.ar\/index.php\/wp-json\/wp\/v2\/posts\/3437\/revisions"}],"predecessor-version":[{"id":4021,"href":"https:\/\/cna.org.ar\/index.php\/wp-json\/wp\/v2\/posts\/3437\/revisions\/4021"}],"wp:featuredmedia":[{"embeddable":true,"href":"https:\/\/cna.org.ar\/index.php\/wp-json\/"}],"wp:attachment":[{"href":"https:\/\/cna.org.ar\/index.php\/wp-json\/wp\/v2\/media?parent=3437"}],"wp:term":[{"taxonomy":"category","embeddable":true,"href":"https:\/\/cna.org.ar\/index.php\/wp-json\/wp\/v2\/categories?post=3437"},{"taxonomy":"post_tag","embeddable":true,"href":"https:\/\/cna.org.ar\/index.php\/wp-json\/wp\/v2\/tags?post=3437"}],"curies":[{"name":"wp","href":"https:\/\/api.w.org\/{rel}","templated":true}]}}