{"id":3678,"date":"2015-06-15T19:33:19","date_gmt":"2015-06-15T19:33:19","guid":{"rendered":"http:\/\/cna.org.ar\/?p=3678"},"modified":"2015-06-17T20:22:33","modified_gmt":"2015-06-17T20:22:33","slug":"el-16-festival-internacional-de-cine-de-ddhh-contara-con-un-foco-armenio","status":"publish","type":"post","link":"https:\/\/cna.org.ar\/index.php\/2015\/06\/15\/el-16-festival-internacional-de-cine-de-ddhh-contara-con-un-foco-armenio\/","title":{"rendered":"El 16\u00b0 Festival Internacional de Cine de DDHH contar\u00e1 con un Foco Armenio"},"content":{"rendered":"<p><a href=\"https:\/\/i0.wp.com\/cna.org.ar\/wp-content\/uploads\/2015\/06\/CG0fWTgW0AA6rrf.jpg?ssl=1\"><img data-recalc-dims=\"1\" loading=\"lazy\" decoding=\"async\" class=\"alignright size-medium wp-image-3680\" src=\"https:\/\/i0.wp.com\/cna.org.ar\/wp-content\/uploads\/2015\/06\/CG0fWTgW0AA6rrf.jpg?resize=300%2C273&#038;ssl=1\" alt=\"CG0fWTgW0AA6rrf\" width=\"300\" height=\"273\" srcset=\"https:\/\/i0.wp.com\/cna.org.ar\/wp-content\/uploads\/2015\/06\/CG0fWTgW0AA6rrf.jpg?resize=300%2C273&amp;ssl=1 300w, https:\/\/i0.wp.com\/cna.org.ar\/wp-content\/uploads\/2015\/06\/CG0fWTgW0AA6rrf.jpg?resize=384%2C350&amp;ssl=1 384w, https:\/\/i0.wp.com\/cna.org.ar\/wp-content\/uploads\/2015\/06\/CG0fWTgW0AA6rrf.jpg?w=599&amp;ssl=1 599w\" sizes=\"auto, (max-width: 300px) 100vw, 300px\" \/><\/a>Del 17 al 24 de junio se desarrollar\u00e1 en la Ciudad de Buenos Aires el 16\u00b0<a class=\"profileLink\" href=\"https:\/\/www.facebook.com\/FestivalDerHumALC\" data-gt=\"{&quot;entity_id&quot;:&quot;98501034355&quot;,&quot;entity_path&quot;:&quot;\\\/pagelet\\\/pageletserver.php:PagePostsPagelet&quot;}\" data-hovercard=\"\/ajax\/hovercard\/page.php?id=98501034355\">Festival Internacional DerHumALC Cine de Derechos Humanos<\/a>\u00a0organizado por el Instituto Multimedia DerHumALC. En esta edici\u00f3n el eje tem\u00e1tico y conceptual est\u00e1 sintetizado en el lema \u201cEnREDando, identidades en contacto\u201d, enfatizando, seg\u00fan sus organizadores, \u201cc\u00f3mo las plataformas de comunicaci\u00f3n han adquirido la dimensi\u00f3n de un espacio de construcci\u00f3n colectiva de identidades individuales que se enlazan p<span class=\"text_exposed_show\">or afinidad y necesidad, resignificando distancias culturales y geogr\u00e1ficas\u201d.<\/span><\/p>\n<div class=\"text_exposed_show\">\n<p>Es por ello que en esta edici\u00f3n est\u00e1 presente el Foco Armenio, que constituir\u00e1 una oportunidad para reflexionar sobre la historia y el presente de la regi\u00f3n a trav\u00e9s de las distintas pel\u00edculas que participan del festival, las mesas de debate y la presentaci\u00f3n de la obra teatral \u201cLa Negaci\u00f3n\u201d en el <a class=\"profileLink\" href=\"https:\/\/www.facebook.com\/centroculturalconti\" data-gt=\"{&quot;entity_id&quot;:&quot;113329682025359&quot;,&quot;entity_path&quot;:&quot;\\\/pagelet\\\/pageletserver.php:PagePostsPagelet&quot;}\" data-hovercard=\"\/ajax\/hovercard\/page.php?id=113329682025359\">Centro Cultural de la Memoria Haroldo Conti<\/a>. La Fundaci\u00f3n Consejo Nacional Armenio para la Defensa de los Derechos Humanos es uno de sus auspiciantes, al igual que la Asociaci\u00f3n Cultural Armenia que ser\u00e1 una de sus sedes.<\/p>\n<p><a href=\"https:\/\/i0.wp.com\/cna.org.ar\/wp-content\/uploads\/2015\/06\/invitacion.jpg?ssl=1\"><img data-recalc-dims=\"1\" loading=\"lazy\" decoding=\"async\" class=\"alignleft size-medium wp-image-3679\" src=\"https:\/\/i0.wp.com\/cna.org.ar\/wp-content\/uploads\/2015\/06\/invitacion.jpg?resize=300%2C221&#038;ssl=1\" alt=\"invitacion\" width=\"300\" height=\"221\" srcset=\"https:\/\/i0.wp.com\/cna.org.ar\/wp-content\/uploads\/2015\/06\/invitacion.jpg?resize=300%2C221&amp;ssl=1 300w, https:\/\/i0.wp.com\/cna.org.ar\/wp-content\/uploads\/2015\/06\/invitacion.jpg?resize=475%2C350&amp;ssl=1 475w, https:\/\/i0.wp.com\/cna.org.ar\/wp-content\/uploads\/2015\/06\/invitacion.jpg?w=574&amp;ssl=1 574w\" sizes=\"auto, (max-width: 300px) 100vw, 300px\" \/><\/a>Carolina Karagueuzian, directora del CNA de Buenos Aires y miembro del jurado del Festival, estar\u00e1 a cargo de las palabras de apertura junto a Estela de Carlotto y Madres de Plaza de Mayo, contando con Gabriella Borrelli como maestra de ceremonia, el mi\u00e9rcoles 17 de junio a las 19:30 hs en el <a class=\"profileLink\" href=\"https:\/\/www.facebook.com\/cervantestnc\" data-gt=\"{&quot;entity_id&quot;:&quot;169267216458300&quot;,&quot;entity_path&quot;:&quot;\\\/pagelet\\\/pageletserver.php:PagePostsPagelet&quot;}\" data-hovercard=\"\/ajax\/hovercard\/page.php?id=169267216458300\">Teatro Nacional Cervantes<\/a>, Sala Mar\u00eda Guerrero (Libertad 815, CABA). Luego de las palabras, <a class=\"profileLink\" href=\"https:\/\/www.facebook.com\/petecocarabajal\" data-gt=\"{&quot;entity_id&quot;:&quot;140991709251617&quot;,&quot;entity_path&quot;:&quot;\\\/pagelet\\\/pageletserver.php:PagePostsPagelet&quot;}\" data-hovercard=\"\/ajax\/hovercard\/page.php?id=140991709251617\">Peteco Carabajal<\/a> brindar\u00e1 un show en vivo. El CNA tambi\u00e9n participar\u00e1 en paneles de debate de distintas pel\u00edculas del Foco Armenio. La programaci\u00f3n completa puede consultarse <a href=\"http:\/\/www.imd.org.ar\/festival\/descargas\/grilla_ficdh_2015.pdf\" target=\"_blank\">aqu\u00ed<\/a>.<\/p>\n<\/div>\n","protected":false},"excerpt":{"rendered":"<p>Del 17 al 24 de junio se desarrollar\u00e1 en la Ciudad de Buenos Aires el 16\u00b0Festival Internacional DerHumALC Cine de Derechos Humanos\u00a0organizado por el Instituto Multimedia DerHumALC. En esta edici\u00f3n el eje tem\u00e1tico y conceptual est\u00e1 sintetizado en el lema \u201cEnREDando, identidades en contacto\u201d, enfatizando, seg\u00fan sus organizadores, \u201cc\u00f3mo las plataformas de comunicaci\u00f3n han adquirido [&hellip;]<\/p>\n","protected":false},"author":1,"featured_media":3680,"comment_status":"closed","ping_status":"closed","sticky":false,"template":"","format":"standard","meta":{"site-sidebar-layout":"default","site-content-layout":"","ast-site-content-layout":"default","site-content-style":"default","site-sidebar-style":"default","ast-global-header-display":"","ast-banner-title-visibility":"","ast-main-header-display":"","ast-hfb-above-header-display":"","ast-hfb-below-header-display":"","ast-hfb-mobile-header-display":"","site-post-title":"","ast-breadcrumbs-content":"","ast-featured-img":"","footer-sml-layout":"","theme-transparent-header-meta":"","adv-header-id-meta":"","stick-header-meta":"","header-above-stick-meta":"","header-main-stick-meta":"","header-below-stick-meta":"","astra-migrate-meta-layouts":"default","ast-page-background-enabled":"default","ast-page-background-meta":{"desktop":{"background-color":"var(--ast-global-color-4)","background-image":"","background-repeat":"repeat","background-position":"center center","background-size":"auto","background-attachment":"scroll","background-type":"","background-media":"","overlay-type":"","overlay-color":"","overlay-opacity":"","overlay-gradient":""},"tablet":{"background-color":"","background-image":"","background-repeat":"repeat","background-position":"center center","background-size":"auto","background-attachment":"scroll","background-type":"","background-media":"","overlay-type":"","overlay-color":"","overlay-opacity":"","overlay-gradient":""},"mobile":{"background-color":"","background-image":"","background-repeat":"repeat","background-position":"center center","background-size":"auto","background-attachment":"scroll","background-type":"","background-media":"","overlay-type":"","overlay-color":"","overlay-opacity":"","overlay-gradient":""}},"ast-content-background-meta":{"desktop":{"background-color":"var(--ast-global-color-5)","background-image":"","background-repeat":"repeat","background-position":"center center","background-size":"auto","background-attachment":"scroll","background-type":"","background-media":"","overlay-type":"","overlay-color":"","overlay-opacity":"","overlay-gradient":""},"tablet":{"background-color":"var(--ast-global-color-5)","background-image":"","background-repeat":"repeat","background-position":"center center","background-size":"auto","background-attachment":"scroll","background-type":"","background-media":"","overlay-type":"","overlay-color":"","overlay-opacity":"","overlay-gradient":""},"mobile":{"background-color":"var(--ast-global-color-5)","background-image":"","background-repeat":"repeat","background-position":"center center","background-size":"auto","background-attachment":"scroll","background-type":"","background-media":"","overlay-type":"","overlay-color":"","overlay-opacity":"","overlay-gradient":""}},"_jetpack_memberships_contains_paid_content":false,"footnotes":""},"categories":[3],"tags":[24,16,83,25,45,46,47,34,17,18,203,28,11,75,76,91,77,22,23],"class_list":["post-3678","post","type-post","status-publish","format-standard","has-post-thumbnail","hentry","category-actividades","tag-argentina","tag-armenia-2","tag-armenio","tag-armenios","tag-azerbaidjan","tag-azerbaijan","tag-azerbaiyan","tag-causa-armenia","tag-ddhh","tag-derechos-humanos","tag-derhumalc","tag-genocidio","tag-genocidio-armenio","tag-karabagh","tag-karabaj","tag-karagueuzian","tag-nagorno","tag-turkey","tag-turquia"],"jetpack_featured_media_url":"https:\/\/i0.wp.com\/cna.org.ar\/wp-content\/uploads\/2015\/06\/CG0fWTgW0AA6rrf.jpg?fit=599%2C546&ssl=1","jetpack_sharing_enabled":true,"_links":{"self":[{"href":"https:\/\/cna.org.ar\/index.php\/wp-json\/wp\/v2\/posts\/3678","targetHints":{"allow":["GET"]}}],"collection":[{"href":"https:\/\/cna.org.ar\/index.php\/wp-json\/wp\/v2\/posts"}],"about":[{"href":"https:\/\/cna.org.ar\/index.php\/wp-json\/wp\/v2\/types\/post"}],"author":[{"embeddable":true,"href":"https:\/\/cna.org.ar\/index.php\/wp-json\/wp\/v2\/users\/1"}],"replies":[{"embeddable":true,"href":"https:\/\/cna.org.ar\/index.php\/wp-json\/wp\/v2\/comments?post=3678"}],"version-history":[{"count":1,"href":"https:\/\/cna.org.ar\/index.php\/wp-json\/wp\/v2\/posts\/3678\/revisions"}],"predecessor-version":[{"id":3681,"href":"https:\/\/cna.org.ar\/index.php\/wp-json\/wp\/v2\/posts\/3678\/revisions\/3681"}],"wp:featuredmedia":[{"embeddable":true,"href":"https:\/\/cna.org.ar\/index.php\/wp-json\/wp\/v2\/media\/3680"}],"wp:attachment":[{"href":"https:\/\/cna.org.ar\/index.php\/wp-json\/wp\/v2\/media?parent=3678"}],"wp:term":[{"taxonomy":"category","embeddable":true,"href":"https:\/\/cna.org.ar\/index.php\/wp-json\/wp\/v2\/categories?post=3678"},{"taxonomy":"post_tag","embeddable":true,"href":"https:\/\/cna.org.ar\/index.php\/wp-json\/wp\/v2\/tags?post=3678"}],"curies":[{"name":"wp","href":"https:\/\/api.w.org\/{rel}","templated":true}]}}