{"id":3787,"date":"2015-06-30T18:17:20","date_gmt":"2015-06-30T18:17:20","guid":{"rendered":"http:\/\/cna.org.ar\/?p=3787"},"modified":"2015-06-30T18:19:44","modified_gmt":"2015-06-30T18:19:44","slug":"mesa-de-debate-memorias-del-genocidio-armenio-100-anos-contra-la-negacion-y-el-olvido","status":"publish","type":"post","link":"https:\/\/cna.org.ar\/index.php\/2015\/06\/30\/mesa-de-debate-memorias-del-genocidio-armenio-100-anos-contra-la-negacion-y-el-olvido\/","title":{"rendered":"Mesa de debate: Memorias del Genocidio Armenio, 100 a\u00f1os contra la negaci\u00f3n y el olvido"},"content":{"rendered":"<p><a href=\"https:\/\/i0.wp.com\/cna.org.ar\/wp-content\/uploads\/2015\/06\/facebook_julio2.jpg?ssl=1\"><img data-recalc-dims=\"1\" loading=\"lazy\" decoding=\"async\" class=\"alignleft size-medium wp-image-3789\" src=\"https:\/\/i0.wp.com\/cna.org.ar\/wp-content\/uploads\/2015\/06\/facebook_julio2.jpg?resize=212%2C300&#038;ssl=1\" alt=\"facebook_julio2\" width=\"212\" height=\"300\" srcset=\"https:\/\/i0.wp.com\/cna.org.ar\/wp-content\/uploads\/2015\/06\/facebook_julio2.jpg?resize=212%2C300&amp;ssl=1 212w, https:\/\/i0.wp.com\/cna.org.ar\/wp-content\/uploads\/2015\/06\/facebook_julio2.jpg?resize=724%2C1024&amp;ssl=1 724w, https:\/\/i0.wp.com\/cna.org.ar\/wp-content\/uploads\/2015\/06\/facebook_julio2.jpg?resize=247%2C350&amp;ssl=1 247w, https:\/\/i0.wp.com\/cna.org.ar\/wp-content\/uploads\/2015\/06\/facebook_julio2.jpg?w=842&amp;ssl=1 842w\" sizes=\"auto, (max-width: 212px) 100vw, 212px\" \/><\/a>En el marco de la muestra \u00abMemorias del Genocidio Armenio\u00bb, realizada por el <a href=\"http:\/\/conti.derhuman.jus.gov.ar\/\" target=\"_blank\">Centro Cultural de la Memoria Haroldo Conti<\/a> con la colaboraci\u00f3n de la Fundaci\u00f3n Consejo Nacional Armenio para la defensa de los Derechos Humanos, se realizar\u00e1 una mesa de debate el jueves 2 de julio a las 19 hs.<\/p>\n<p>De esta mesa participar\u00e1n:<\/p>\n<p>. <em><strong>Ana Arzoumanian<\/strong><\/em> &#8211; Abogada, poeta y escritora<br \/>\n. <em><strong>Daniel Feierstein<\/strong><\/em> &#8211; Soci\u00f3logo y Dr. en Ciencias Sociales (UBA)<span class=\"text_exposed_show\"><br \/>\n. <em><strong>Federico Gait\u00e1n Hairabedian<\/strong><\/em> &#8211; Abogado y Presidente de la Fundaci\u00f3n Luisa Hairabedian<br \/>\n. <em><strong>Alfonso Tabakian<\/strong><\/em> &#8211; Director Regional del Consejo Nacional Armenio de Sudam\u00e9rica<br \/>\n. <em><strong>Eduardo Jozami<\/strong><\/em> &#8211; Director del CCM Haroldo Conti<\/span><\/p>\n","protected":false},"excerpt":{"rendered":"<p>En el marco de la muestra \u00abMemorias del Genocidio Armenio\u00bb, realizada por el Centro Cultural de la Memoria Haroldo Conti con la colaboraci\u00f3n de la Fundaci\u00f3n Consejo Nacional Armenio para la defensa de los Derechos Humanos, se realizar\u00e1 una mesa de debate el jueves 2 de julio a las 19 hs. De esta mesa participar\u00e1n: [&hellip;]<\/p>\n","protected":false},"author":1,"featured_media":3792,"comment_status":"closed","ping_status":"closed","sticky":false,"template":"","format":"standard","meta":{"site-sidebar-layout":"default","site-content-layout":"","ast-site-content-layout":"default","site-content-style":"default","site-sidebar-style":"default","ast-global-header-display":"","ast-banner-title-visibility":"","ast-main-header-display":"","ast-hfb-above-header-display":"","ast-hfb-below-header-display":"","ast-hfb-mobile-header-display":"","site-post-title":"","ast-breadcrumbs-content":"","ast-featured-img":"","footer-sml-layout":"","theme-transparent-header-meta":"","adv-header-id-meta":"","stick-header-meta":"","header-above-stick-meta":"","header-main-stick-meta":"","header-below-stick-meta":"","astra-migrate-meta-layouts":"default","ast-page-background-enabled":"default","ast-page-background-meta":{"desktop":{"background-color":"var(--ast-global-color-4)","background-image":"","background-repeat":"repeat","background-position":"center center","background-size":"auto","background-attachment":"scroll","background-type":"","background-media":"","overlay-type":"","overlay-color":"","overlay-opacity":"","overlay-gradient":""},"tablet":{"background-color":"","background-image":"","background-repeat":"repeat","background-position":"center center","background-size":"auto","background-attachment":"scroll","background-type":"","background-media":"","overlay-type":"","overlay-color":"","overlay-opacity":"","overlay-gradient":""},"mobile":{"background-color":"","background-image":"","background-repeat":"repeat","background-position":"center center","background-size":"auto","background-attachment":"scroll","background-type":"","background-media":"","overlay-type":"","overlay-color":"","overlay-opacity":"","overlay-gradient":""}},"ast-content-background-meta":{"desktop":{"background-color":"var(--ast-global-color-5)","background-image":"","background-repeat":"repeat","background-position":"center center","background-size":"auto","background-attachment":"scroll","background-type":"","background-media":"","overlay-type":"","overlay-color":"","overlay-opacity":"","overlay-gradient":""},"tablet":{"background-color":"var(--ast-global-color-5)","background-image":"","background-repeat":"repeat","background-position":"center center","background-size":"auto","background-attachment":"scroll","background-type":"","background-media":"","overlay-type":"","overlay-color":"","overlay-opacity":"","overlay-gradient":""},"mobile":{"background-color":"var(--ast-global-color-5)","background-image":"","background-repeat":"repeat","background-position":"center center","background-size":"auto","background-attachment":"scroll","background-type":"","background-media":"","overlay-type":"","overlay-color":"","overlay-opacity":"","overlay-gradient":""}},"_jetpack_memberships_contains_paid_content":false,"footnotes":""},"categories":[3],"tags":[24,16,34,17,18,28,11,12,68],"class_list":["post-3787","post","type-post","status-publish","format-standard","has-post-thumbnail","hentry","category-actividades","tag-argentina","tag-armenia-2","tag-causa-armenia","tag-ddhh","tag-derechos-humanos","tag-genocidio","tag-genocidio-armenio","tag-negacionismo","tag-tabakian"],"jetpack_featured_media_url":"https:\/\/i0.wp.com\/cna.org.ar\/wp-content\/uploads\/2015\/06\/mesa-conti.jpg?fit=842%2C422&ssl=1","jetpack_sharing_enabled":true,"_links":{"self":[{"href":"https:\/\/cna.org.ar\/index.php\/wp-json\/wp\/v2\/posts\/3787","targetHints":{"allow":["GET"]}}],"collection":[{"href":"https:\/\/cna.org.ar\/index.php\/wp-json\/wp\/v2\/posts"}],"about":[{"href":"https:\/\/cna.org.ar\/index.php\/wp-json\/wp\/v2\/types\/post"}],"author":[{"embeddable":true,"href":"https:\/\/cna.org.ar\/index.php\/wp-json\/wp\/v2\/users\/1"}],"replies":[{"embeddable":true,"href":"https:\/\/cna.org.ar\/index.php\/wp-json\/wp\/v2\/comments?post=3787"}],"version-history":[{"count":2,"href":"https:\/\/cna.org.ar\/index.php\/wp-json\/wp\/v2\/posts\/3787\/revisions"}],"predecessor-version":[{"id":3791,"href":"https:\/\/cna.org.ar\/index.php\/wp-json\/wp\/v2\/posts\/3787\/revisions\/3791"}],"wp:featuredmedia":[{"embeddable":true,"href":"https:\/\/cna.org.ar\/index.php\/wp-json\/wp\/v2\/media\/3792"}],"wp:attachment":[{"href":"https:\/\/cna.org.ar\/index.php\/wp-json\/wp\/v2\/media?parent=3787"}],"wp:term":[{"taxonomy":"category","embeddable":true,"href":"https:\/\/cna.org.ar\/index.php\/wp-json\/wp\/v2\/categories?post=3787"},{"taxonomy":"post_tag","embeddable":true,"href":"https:\/\/cna.org.ar\/index.php\/wp-json\/wp\/v2\/tags?post=3787"}],"curies":[{"name":"wp","href":"https:\/\/api.w.org\/{rel}","templated":true}]}}