{"id":3928,"date":"2015-08-07T18:02:37","date_gmt":"2015-08-07T18:02:37","guid":{"rendered":"http:\/\/cna.org.ar\/?p=3928"},"modified":"2015-08-11T19:45:05","modified_gmt":"2015-08-11T19:45:05","slug":"zaffaroni-condenar-al-genocida-es-la-unica-forma-de-restituirlo-al-derecho","status":"publish","type":"post","link":"https:\/\/cna.org.ar\/index.php\/2015\/08\/07\/zaffaroni-condenar-al-genocida-es-la-unica-forma-de-restituirlo-al-derecho\/","title":{"rendered":"Se realiz\u00f3 la conferencia \u00abMemoria, verdad, justicia y reparaci\u00f3n\u00bb en el CCC Floreal Gorini"},"content":{"rendered":"<figure id=\"attachment_3929\" aria-describedby=\"caption-attachment-3929\" style=\"width: 300px\" class=\"wp-caption alignleft\"><a href=\"https:\/\/i0.wp.com\/cna.org.ar\/wp-content\/uploads\/2015\/08\/ccc1.jpg?ssl=1\"><img data-recalc-dims=\"1\" loading=\"lazy\" decoding=\"async\" class=\"size-medium wp-image-3929\" src=\"https:\/\/i0.wp.com\/cna.org.ar\/wp-content\/uploads\/2015\/08\/ccc1.jpg?resize=300%2C175&#038;ssl=1\" alt=\"Alejandro Apo, Ariel Crespo, Jose Pablo Feimann, Eugenio Raul Zaffaroni, Carlos rozanski y Edgardo Form, en el panel del que formaron parte.\" width=\"300\" height=\"175\" srcset=\"https:\/\/i0.wp.com\/cna.org.ar\/wp-content\/uploads\/2015\/08\/ccc1.jpg?resize=300%2C175&amp;ssl=1 300w, https:\/\/i0.wp.com\/cna.org.ar\/wp-content\/uploads\/2015\/08\/ccc1.jpg?w=320&amp;ssl=1 320w\" sizes=\"auto, (max-width: 300px) 100vw, 300px\" \/><\/a><figcaption id=\"caption-attachment-3929\" class=\"wp-caption-text\">Alejandro Apo, Ariel Crespo, Jose Pablo Feinmann, Eugenio Raul Zaffaroni, Carlos Rozanski y Edgardo Form<\/figcaption><\/figure>\n<p>Con la participaci\u00f3n del juez de la Corte Interamericana de Derechos Humanos Eugenio Ra\u00fal Zaffaroni, el juez federal Carlos Rozanski, el fil\u00f3sofo Jos\u00e9 Pablo Feinmann, el dirigente cooperativista Edgardo Form y el periodista Ariel Crespo se realiz\u00f3 el mi\u00e9rcoles 5 de agosto la conferencia \u00abMemoria, verdad, justicia y reparaci\u00f3n\u00bb en el <a href=\"https:\/\/www.facebook.com\/CentroCulturalCooperacion?rf=591201697626827\" target=\"_blank\">Centro Cultural de la Cooperaci\u00f3n Floreal Gorini.<\/a><\/p>\n<p>La charla, auspiciada por el Consejo Nacional Armenio de Sudam\u00e9rica y el <a href=\"http:\/\/www.imfc.coop\/modules\/home\/\" target=\"_blank\">Instituto Movilizador de Fondos Cooperativos<\/a>, cont\u00f3 con la coordinaci\u00f3n del periodista Alejandro Apo.<\/p>\n<p>\u00abLa criminolog\u00eda no se ocup\u00f3 del delito de genocidio. De eso se ocuparon los historiadores, soci\u00f3logos, antrop\u00f3logos, fil\u00f3sofos&#8230; los crimin\u00f3logos nunca. Por una raz\u00f3n terrible: en el genocidio se superpone el poder punitivo del Estado con el crimen\u00bb, comenz\u00f3 su disertaci\u00f3n Eugenio Zaffaroni. \u00abEl genocida comete un il\u00edcito tan grande, que \u00e9l solo se coloca fuera del derecho, de forma tal que si alguien lo ejecuta, el derecho no tiene fuerza \u00e9tica para condenar al ejecutor. Hay que condenar al genocida porque es la \u00fanica forma de restituirlo al derecho\u00bb.<\/p>\n<p>\u00abLa t\u00e9cnica de destrucci\u00f3n del siglo XXI es muy superior a la de la primera mitad del siglo XX. Esa tecnolog\u00eda ni siquiera est\u00e1 hoy en manos de naciones o intereses de naciones, sino en manos de corporaciones\u00bb, se\u00f1al\u00f3 el jurista. \u00abEn nuestra regi\u00f3n hay un genocidio por goteo. Am\u00e9rica Latina est\u00e1 sufriendo un \u00edndice de violencia y de homicidios alt\u00edsimo, salvo en Uruguay, Argentina y Chile. El resto, est\u00e1 sufriendo un virtual genocidio por goteo. De los 23 pa\u00edses de Naciones Unidas que tienen un \u00edndice de homicidios que supera el 20 por 100.000, 18 est\u00e1n en Am\u00e9rica Latina y el Caribe\u00bb.<\/p>\n<p>\u00abDetr\u00e1s de esto hay un proyecto de sociedad excluyente\u00bb, agreg\u00f3. \u00abHay un proyecto de que hay que contener a una mayor\u00eda exclu\u00edda porque no vamos a tener un modelo de inclusi\u00f3n social. \u00bfC\u00f3mo contenerla? Que se maten entre ellos es una forma de contenerla bastante perversa. Como en estos tres pa\u00edses nuestros exclu\u00eddos no tienen ese entusiasmo en matarse, entonces hay que crear un sistema altamente represivo. Esta funci\u00f3n la cumplen los medios masivos de comunicaci\u00f3n social monopolizados. Hay que crear a trav\u00e9s de la comunicaci\u00f3n social una realidad m\u00e1s violenta de la que existe para justificar un aparato absolutamente represivo\u00bb.<\/p>\n<figure id=\"attachment_3930\" aria-describedby=\"caption-attachment-3930\" style=\"width: 300px\" class=\"wp-caption alignright\"><a href=\"https:\/\/i0.wp.com\/cna.org.ar\/wp-content\/uploads\/2015\/08\/ccc2.jpg?ssl=1\"><img data-recalc-dims=\"1\" loading=\"lazy\" decoding=\"async\" class=\"size-medium wp-image-3930\" src=\"https:\/\/i0.wp.com\/cna.org.ar\/wp-content\/uploads\/2015\/08\/ccc2.jpg?resize=300%2C201&#038;ssl=1\" alt=\"El Dr. Eugenio Zaffaroni junto al Dr. Carlos Rozanski.\" width=\"300\" height=\"201\" srcset=\"https:\/\/i0.wp.com\/cna.org.ar\/wp-content\/uploads\/2015\/08\/ccc2.jpg?resize=300%2C201&amp;ssl=1 300w, https:\/\/i0.wp.com\/cna.org.ar\/wp-content\/uploads\/2015\/08\/ccc2.jpg?w=320&amp;ssl=1 320w\" sizes=\"auto, (max-width: 300px) 100vw, 300px\" \/><\/a><figcaption id=\"caption-attachment-3930\" class=\"wp-caption-text\">El Dr. Eugenio Zaffaroni junto al Dr. Carlos Rozanski.<\/figcaption><\/figure>\n<p>\u00abLos argentinos somos armenios\u00bb, postul\u00f3 el fil\u00f3sofo Jos\u00e9 Pablo Feinmann. \u00abLa condici\u00f3n del desaparecido\u00bb, en relaci\u00f3n a las v\u00edctimas de la \u00faltima dictadura argentina, \u00abes que la familia, los amigos no tienen el cuerpo, y no tener el cuerpo es esperarlo siempre\u00bb.<\/p>\n<p>\u00abEl pedido que los armenios hacen de reconocimiento es a su dolor y a la ausencia que padecen. Las teor\u00edas del empate y de los dos demonios son absurdas. No hablemos de cifras, las cifras ocultan la realidad de los cuerpos asesinados. La madre, el padre que espera todas las noches la vuelta de su hijo, de su hija, es una espera terrible que dura toda la vida. As\u00ed como el sobreviviente del genocidio sabe, en alg\u00fan doloroso lugar, que el miedo m\u00e1s profundo que tiene es que el genocidio ocurra otra vez\u00bb. \u00abCuando ocurri\u00f3 el Genocidio Armenio, empezaba el nuestro\u00bb, cerr\u00f3 Feinmann.<\/p>\n<p>El juez federal Carlos Rozanski disert\u00f3 sobre el negacionismo desde una perspectiva jur\u00eddica. Citando al escritor S\u00falim Granovsky, se\u00f1al\u00f3 que \u00abes imposible hacer justicia sobre algo que no sucedi\u00f3: ese es el sentido de la negaci\u00f3n, pretende evitar que no se haga justicia y que no se pueda elaborar lo sucedido. La herida psicol\u00f3gica es de una profundidad muy alta\u00bb.<\/p>\n<p>\u00abHubo verdad, pero mucho tiempo despu\u00e9s. La verdad la conoc\u00edan los 1.500.000 muertos, y se la llevaron a esas fosas comunes, la sab\u00edan los sobrevivientes pero no pudieron elaborarla y transmitirla\u00bb.<\/p>\n<p>El periodista Alejandro Apo moder\u00f3 la conferencia leyendo distintos poemas, uno de Vahan Tekeyan, escritor armenio nacido a fines del siglo XIX, uno de Alicia Ghiragossian, escritora cordobesa, otro de Alfonso Tabakian, director del Consejo Nacional Armenio de Sudam\u00e9rica, de Agustin Tavitian, poeta argentino, y una letra del reconocido cantante franc\u00e9s Charles Aznavour. La cantante Valeria Cherekian dio un breve show durante el encuentro.<\/p>\n<p>El diputado de la Legislatura porte\u00f1a y presidente de la Confederaci\u00f3n Cooperativa de la Rep\u00fablica Argentina, Edgardo Form, explic\u00f3 que el nombre de la conferencia, \u00abMemoria, verdad, justicia y reparaci\u00f3n. A un siglo del Genocidio Armenio\u00bb, forma parte \u00abde la batalla cultural contempor\u00e1nea\u00bb. Luego, ley\u00f3 una serie de fragmentos del libro \u00abRecordar opinando\u00bb del escribano Gregorio Hairabedian.<\/p>\n<figure id=\"attachment_3931\" aria-describedby=\"caption-attachment-3931\" style=\"width: 300px\" class=\"wp-caption alignleft\"><a href=\"https:\/\/i0.wp.com\/cna.org.ar\/wp-content\/uploads\/2015\/08\/ccc3.jpg?ssl=1\"><img data-recalc-dims=\"1\" loading=\"lazy\" decoding=\"async\" class=\"size-medium wp-image-3931\" src=\"https:\/\/i0.wp.com\/cna.org.ar\/wp-content\/uploads\/2015\/08\/ccc3.jpg?resize=300%2C201&#038;ssl=1\" alt=\"Los periodistas Alejandro Apo y Ariel Crespo\" width=\"300\" height=\"201\" srcset=\"https:\/\/i0.wp.com\/cna.org.ar\/wp-content\/uploads\/2015\/08\/ccc3.jpg?resize=300%2C201&amp;ssl=1 300w, https:\/\/i0.wp.com\/cna.org.ar\/wp-content\/uploads\/2015\/08\/ccc3.jpg?w=320&amp;ssl=1 320w\" sizes=\"auto, (max-width: 300px) 100vw, 300px\" \/><\/a><figcaption id=\"caption-attachment-3931\" class=\"wp-caption-text\">Los periodistas Alejandro Apo y Ariel Crespo<\/figcaption><\/figure>\n<p>El Dr. Ariel Crespo se refiri\u00f3 a la manipulaci\u00f3n de los medios de comunicaci\u00f3n en el caso del Genocidio Armenio. \u00abEl llamado periodismo independiente ocult\u00f3 la desaparici\u00f3n sistem\u00e1tica de los armenios, la tortura y la muerte como cotidianeidad\u00bb, record\u00f3 el Dr. Crespo. \u00abLa impunidad y el silencio dieron lugar a otros hechos terror\u00edficos\u00bb.<\/p>\n<p>\u00abCuando desde el poder se niega la realidad del oprimido, se convierte su discurso en un discurso perverso. El silencio es una forma de comunicar y manipular psicop\u00e1tica y perversamente la realidad. Esta forma de comunicaci\u00f3n dio lugar a los desastres que vinieron despu\u00e9s: la Sho\u00e1, Camboya, Ruanda, Ucrania\u00bb.<\/p>\n<p>Fuente: <a href=\"http:\/\/www.prensaarmenia.com.ar\/\" target=\"_blank\">Agencia de Noticias\u00a0Prensa Armenia<\/a><\/p>\n","protected":false},"excerpt":{"rendered":"<p>Con la participaci\u00f3n del juez de la Corte Interamericana de Derechos Humanos Eugenio Ra\u00fal Zaffaroni, el juez federal Carlos Rozanski, el fil\u00f3sofo Jos\u00e9 Pablo Feinmann, el dirigente cooperativista Edgardo Form y el periodista Ariel Crespo se realiz\u00f3 el mi\u00e9rcoles 5 de agosto la conferencia \u00abMemoria, verdad, justicia y reparaci\u00f3n\u00bb en el Centro Cultural de la [&hellip;]<\/p>\n","protected":false},"author":1,"featured_media":3929,"comment_status":"closed","ping_status":"closed","sticky":false,"template":"","format":"standard","meta":{"site-sidebar-layout":"default","site-content-layout":"","ast-site-content-layout":"default","site-content-style":"default","site-sidebar-style":"default","ast-global-header-display":"","ast-banner-title-visibility":"","ast-main-header-display":"","ast-hfb-above-header-display":"","ast-hfb-below-header-display":"","ast-hfb-mobile-header-display":"","site-post-title":"","ast-breadcrumbs-content":"","ast-featured-img":"","footer-sml-layout":"","theme-transparent-header-meta":"","adv-header-id-meta":"","stick-header-meta":"","header-above-stick-meta":"","header-main-stick-meta":"","header-below-stick-meta":"","astra-migrate-meta-layouts":"default","ast-page-background-enabled":"default","ast-page-background-meta":{"desktop":{"background-color":"var(--ast-global-color-4)","background-image":"","background-repeat":"repeat","background-position":"center center","background-size":"auto","background-attachment":"scroll","background-type":"","background-media":"","overlay-type":"","overlay-color":"","overlay-opacity":"","overlay-gradient":""},"tablet":{"background-color":"","background-image":"","background-repeat":"repeat","background-position":"center center","background-size":"auto","background-attachment":"scroll","background-type":"","background-media":"","overlay-type":"","overlay-color":"","overlay-opacity":"","overlay-gradient":""},"mobile":{"background-color":"","background-image":"","background-repeat":"repeat","background-position":"center center","background-size":"auto","background-attachment":"scroll","background-type":"","background-media":"","overlay-type":"","overlay-color":"","overlay-opacity":"","overlay-gradient":""}},"ast-content-background-meta":{"desktop":{"background-color":"var(--ast-global-color-5)","background-image":"","background-repeat":"repeat","background-position":"center center","background-size":"auto","background-attachment":"scroll","background-type":"","background-media":"","overlay-type":"","overlay-color":"","overlay-opacity":"","overlay-gradient":""},"tablet":{"background-color":"var(--ast-global-color-5)","background-image":"","background-repeat":"repeat","background-position":"center center","background-size":"auto","background-attachment":"scroll","background-type":"","background-media":"","overlay-type":"","overlay-color":"","overlay-opacity":"","overlay-gradient":""},"mobile":{"background-color":"var(--ast-global-color-5)","background-image":"","background-repeat":"repeat","background-position":"center center","background-size":"auto","background-attachment":"scroll","background-type":"","background-media":"","overlay-type":"","overlay-color":"","overlay-opacity":"","overlay-gradient":""}},"_jetpack_memberships_contains_paid_content":false,"footnotes":""},"categories":[3],"tags":[24,16,83,34,17,18,28,11,12,14,43],"class_list":["post-3928","post","type-post","status-publish","format-standard","has-post-thumbnail","hentry","category-actividades","tag-argentina","tag-armenia-2","tag-armenio","tag-causa-armenia","tag-ddhh","tag-derechos-humanos","tag-genocidio","tag-genocidio-armenio","tag-negacionismo","tag-reflexiones","tag-zaffaroni"],"jetpack_featured_media_url":"https:\/\/i0.wp.com\/cna.org.ar\/wp-content\/uploads\/2015\/08\/ccc1.jpg?fit=320%2C187&ssl=1","jetpack_sharing_enabled":true,"_links":{"self":[{"href":"https:\/\/cna.org.ar\/index.php\/wp-json\/wp\/v2\/posts\/3928","targetHints":{"allow":["GET"]}}],"collection":[{"href":"https:\/\/cna.org.ar\/index.php\/wp-json\/wp\/v2\/posts"}],"about":[{"href":"https:\/\/cna.org.ar\/index.php\/wp-json\/wp\/v2\/types\/post"}],"author":[{"embeddable":true,"href":"https:\/\/cna.org.ar\/index.php\/wp-json\/wp\/v2\/users\/1"}],"replies":[{"embeddable":true,"href":"https:\/\/cna.org.ar\/index.php\/wp-json\/wp\/v2\/comments?post=3928"}],"version-history":[{"count":8,"href":"https:\/\/cna.org.ar\/index.php\/wp-json\/wp\/v2\/posts\/3928\/revisions"}],"predecessor-version":[{"id":3939,"href":"https:\/\/cna.org.ar\/index.php\/wp-json\/wp\/v2\/posts\/3928\/revisions\/3939"}],"wp:featuredmedia":[{"embeddable":true,"href":"https:\/\/cna.org.ar\/index.php\/wp-json\/wp\/v2\/media\/3929"}],"wp:attachment":[{"href":"https:\/\/cna.org.ar\/index.php\/wp-json\/wp\/v2\/media?parent=3928"}],"wp:term":[{"taxonomy":"category","embeddable":true,"href":"https:\/\/cna.org.ar\/index.php\/wp-json\/wp\/v2\/categories?post=3928"},{"taxonomy":"post_tag","embeddable":true,"href":"https:\/\/cna.org.ar\/index.php\/wp-json\/wp\/v2\/tags?post=3928"}],"curies":[{"name":"wp","href":"https:\/\/api.w.org\/{rel}","templated":true}]}}