{"id":3956,"date":"2015-08-19T19:57:49","date_gmt":"2015-08-19T19:57:49","guid":{"rendered":"http:\/\/cna.org.ar\/?p=3956"},"modified":"2015-08-19T19:57:49","modified_gmt":"2015-08-19T19:57:49","slug":"distincion-jrimian-hairig-2015-a-leandro-despouy-y-leon-arslanian","status":"publish","type":"post","link":"https:\/\/cna.org.ar\/index.php\/2015\/08\/19\/distincion-jrimian-hairig-2015-a-leandro-despouy-y-leon-arslanian\/","title":{"rendered":"Distinci\u00f3n \u00abJrimian Hairig\u00bb 2015 a Leandro Despouy y Le\u00f3n Arslanian"},"content":{"rendered":"<p>Invitamos a la entrega de la Distinci\u00f3n \u00abJrimian Hairig\u00bb 2015 a los Dres. Leandro Despouy y Le\u00f3n Carlos Arslanian. Este galard\u00f3n es entregado por el CNA a personalidades destacadas por su aporte a la construcci\u00f3n de una sociedad democr\u00e1tica, plural e igualitaria y su compromiso con la Causa Armenia. La entrega se realizar\u00e1 el \u00a0lunes 24 de agosto a las 19:30 hs, en el Colegio Armenio Jrimian, ( Choele Choel 555, Valent\u00edn Alsina).<\/p>\n<p><a href=\"https:\/\/i0.wp.com\/cna.org.ar\/wp-content\/uploads\/2015\/08\/distjh.jpg?ssl=1\"><img data-recalc-dims=\"1\" loading=\"lazy\" decoding=\"async\" class=\"aligncenter wp-image-3957 size-full\" src=\"https:\/\/i0.wp.com\/cna.org.ar\/wp-content\/uploads\/2015\/08\/distjh.jpg?resize=821%2C960&#038;ssl=1\" alt=\"distjh\" width=\"821\" height=\"960\" srcset=\"https:\/\/i0.wp.com\/cna.org.ar\/wp-content\/uploads\/2015\/08\/distjh.jpg?w=821&amp;ssl=1 821w, https:\/\/i0.wp.com\/cna.org.ar\/wp-content\/uploads\/2015\/08\/distjh.jpg?resize=257%2C300&amp;ssl=1 257w, https:\/\/i0.wp.com\/cna.org.ar\/wp-content\/uploads\/2015\/08\/distjh.jpg?resize=299%2C350&amp;ssl=1 299w\" sizes=\"auto, (max-width: 821px) 100vw, 821px\" \/><\/a><\/p>\n","protected":false},"excerpt":{"rendered":"<p>Invitamos a la entrega de la Distinci\u00f3n \u00abJrimian Hairig\u00bb 2015 a los Dres. Leandro Despouy y Le\u00f3n Carlos Arslanian. Este galard\u00f3n es entregado por el CNA a personalidades destacadas por su aporte a la construcci\u00f3n de una sociedad democr\u00e1tica, plural e igualitaria y su compromiso con la Causa Armenia. La entrega se realizar\u00e1 el \u00a0lunes [&hellip;]<\/p>\n","protected":false},"author":1,"featured_media":3957,"comment_status":"closed","ping_status":"closed","sticky":false,"template":"","format":"standard","meta":{"site-sidebar-layout":"default","site-content-layout":"","ast-site-content-layout":"default","site-content-style":"default","site-sidebar-style":"default","ast-global-header-display":"","ast-banner-title-visibility":"","ast-main-header-display":"","ast-hfb-above-header-display":"","ast-hfb-below-header-display":"","ast-hfb-mobile-header-display":"","site-post-title":"","ast-breadcrumbs-content":"","ast-featured-img":"","footer-sml-layout":"","theme-transparent-header-meta":"","adv-header-id-meta":"","stick-header-meta":"","header-above-stick-meta":"","header-main-stick-meta":"","header-below-stick-meta":"","astra-migrate-meta-layouts":"default","ast-page-background-enabled":"default","ast-page-background-meta":{"desktop":{"background-color":"var(--ast-global-color-4)","background-image":"","background-repeat":"repeat","background-position":"center center","background-size":"auto","background-attachment":"scroll","background-type":"","background-media":"","overlay-type":"","overlay-color":"","overlay-opacity":"","overlay-gradient":""},"tablet":{"background-color":"","background-image":"","background-repeat":"repeat","background-position":"center center","background-size":"auto","background-attachment":"scroll","background-type":"","background-media":"","overlay-type":"","overlay-color":"","overlay-opacity":"","overlay-gradient":""},"mobile":{"background-color":"","background-image":"","background-repeat":"repeat","background-position":"center center","background-size":"auto","background-attachment":"scroll","background-type":"","background-media":"","overlay-type":"","overlay-color":"","overlay-opacity":"","overlay-gradient":""}},"ast-content-background-meta":{"desktop":{"background-color":"var(--ast-global-color-5)","background-image":"","background-repeat":"repeat","background-position":"center center","background-size":"auto","background-attachment":"scroll","background-type":"","background-media":"","overlay-type":"","overlay-color":"","overlay-opacity":"","overlay-gradient":""},"tablet":{"background-color":"var(--ast-global-color-5)","background-image":"","background-repeat":"repeat","background-position":"center center","background-size":"auto","background-attachment":"scroll","background-type":"","background-media":"","overlay-type":"","overlay-color":"","overlay-opacity":"","overlay-gradient":""},"mobile":{"background-color":"var(--ast-global-color-5)","background-image":"","background-repeat":"repeat","background-position":"center center","background-size":"auto","background-attachment":"scroll","background-type":"","background-media":"","overlay-type":"","overlay-color":"","overlay-opacity":"","overlay-gradient":""}},"_jetpack_memberships_contains_paid_content":false,"footnotes":""},"categories":[3],"tags":[24,16,83,25,169,34,17,18,229,28,11,230,66,12],"class_list":["post-3956","post","type-post","status-publish","format-standard","has-post-thumbnail","hentry","category-actividades","tag-argentina","tag-armenia-2","tag-armenio","tag-armenios","tag-arslanian","tag-causa-armenia","tag-ddhh","tag-derechos-humanos","tag-despouy","tag-genocidio","tag-genocidio-armenio","tag-hairig","tag-jrimian","tag-negacionismo"],"jetpack_featured_media_url":"https:\/\/i0.wp.com\/cna.org.ar\/wp-content\/uploads\/2015\/08\/distjh.jpg?fit=821%2C960&ssl=1","jetpack_sharing_enabled":true,"_links":{"self":[{"href":"https:\/\/cna.org.ar\/index.php\/wp-json\/wp\/v2\/posts\/3956","targetHints":{"allow":["GET"]}}],"collection":[{"href":"https:\/\/cna.org.ar\/index.php\/wp-json\/wp\/v2\/posts"}],"about":[{"href":"https:\/\/cna.org.ar\/index.php\/wp-json\/wp\/v2\/types\/post"}],"author":[{"embeddable":true,"href":"https:\/\/cna.org.ar\/index.php\/wp-json\/wp\/v2\/users\/1"}],"replies":[{"embeddable":true,"href":"https:\/\/cna.org.ar\/index.php\/wp-json\/wp\/v2\/comments?post=3956"}],"version-history":[{"count":1,"href":"https:\/\/cna.org.ar\/index.php\/wp-json\/wp\/v2\/posts\/3956\/revisions"}],"predecessor-version":[{"id":3958,"href":"https:\/\/cna.org.ar\/index.php\/wp-json\/wp\/v2\/posts\/3956\/revisions\/3958"}],"wp:featuredmedia":[{"embeddable":true,"href":"https:\/\/cna.org.ar\/index.php\/wp-json\/wp\/v2\/media\/3957"}],"wp:attachment":[{"href":"https:\/\/cna.org.ar\/index.php\/wp-json\/wp\/v2\/media?parent=3956"}],"wp:term":[{"taxonomy":"category","embeddable":true,"href":"https:\/\/cna.org.ar\/index.php\/wp-json\/wp\/v2\/categories?post=3956"},{"taxonomy":"post_tag","embeddable":true,"href":"https:\/\/cna.org.ar\/index.php\/wp-json\/wp\/v2\/tags?post=3956"}],"curies":[{"name":"wp","href":"https:\/\/api.w.org\/{rel}","templated":true}]}}