{"id":4102,"date":"2015-10-15T16:14:35","date_gmt":"2015-10-15T16:14:35","guid":{"rendered":"http:\/\/cna.org.ar\/?p=4102"},"modified":"2015-10-15T16:14:35","modified_gmt":"2015-10-15T16:14:35","slug":"el-equipo-de-educacion-del-cna-en-la-jornada-regional-en-ensenanza-de-la-historia-los-genocidios-como-problemas-historicos-hilvanando-reflexiones-y-practicas-en-la-ensenanza-de-la-historia","status":"publish","type":"post","link":"https:\/\/cna.org.ar\/index.php\/2015\/10\/15\/el-equipo-de-educacion-del-cna-en-la-jornada-regional-en-ensenanza-de-la-historia-los-genocidios-como-problemas-historicos-hilvanando-reflexiones-y-practicas-en-la-ensenanza-de-la-historia\/","title":{"rendered":"El Equipo de Educaci\u00f3n del CNA en la Jornada Regional en Ense\u00f1anza de la Historia Los Genocidios como Problemas Hist\u00f3ricos. Hilvanando reflexiones y pr\u00e1cticas en la Ense\u00f1anza de la Historia"},"content":{"rendered":"<figure id=\"attachment_4104\" aria-describedby=\"caption-attachment-4104\" style=\"width: 300px\" class=\"wp-caption alignleft\"><a href=\"https:\/\/i0.wp.com\/cna.org.ar\/wp-content\/uploads\/2015\/10\/20151007_135525-e1444922017198.jpg?ssl=1\"><img data-recalc-dims=\"1\" loading=\"lazy\" decoding=\"async\" class=\"size-medium wp-image-4104\" src=\"https:\/\/i0.wp.com\/cna.org.ar\/wp-content\/uploads\/2015\/10\/20151007_135525-e1444922017198-300x169.jpg?resize=300%2C169&#038;ssl=1\" alt=\"De izquierda a derecha: Ignacio D'Asero, Diana Hamra, T\u00e1lia Meschiany, Marcela Moreno Buj\u00e1n, Carolina Karagueuzian, Luis Alberto Messa y Elizabeth Rizian.\" width=\"300\" height=\"169\" srcset=\"https:\/\/i0.wp.com\/cna.org.ar\/wp-content\/uploads\/2015\/10\/20151007_135525-e1444922017198.jpg?resize=300%2C169&amp;ssl=1 300w, https:\/\/i0.wp.com\/cna.org.ar\/wp-content\/uploads\/2015\/10\/20151007_135525-e1444922017198.jpg?resize=1024%2C576&amp;ssl=1 1024w, https:\/\/i0.wp.com\/cna.org.ar\/wp-content\/uploads\/2015\/10\/20151007_135525-e1444922017198.jpg?resize=620%2C350&amp;ssl=1 620w, https:\/\/i0.wp.com\/cna.org.ar\/wp-content\/uploads\/2015\/10\/20151007_135525-e1444922017198.jpg?w=2000&amp;ssl=1 2000w, https:\/\/i0.wp.com\/cna.org.ar\/wp-content\/uploads\/2015\/10\/20151007_135525-e1444922017198.jpg?w=3000&amp;ssl=1 3000w\" sizes=\"auto, (max-width: 300px) 100vw, 300px\" \/><\/a><figcaption id=\"caption-attachment-4104\" class=\"wp-caption-text\">De izquierda a derecha: Ignacio D&#8217;Asero, Diana Hamra, T\u00e1lia Meschiany, Marcela Moreno Buj\u00e1n, Carolina Karagueuzian, Luis Alberto Messa y Elizabeth Rizian.<\/figcaption><\/figure>\n<p>El pasado mi\u00e9rcoles 07 de octubre el <a href=\"https:\/\/cna.org.ar\/index.php\/equipo-de-educacion\/\" target=\"_blank\">Equipo de Educaci\u00f3n del CNA<\/a> particip\u00f3 en la Jornada Regional en Ense\u00f1anza de la Historia, organizada por C. I. I. E. de Pilar &#8211; Director Marcelo Bianchi Bustos, C. I. I. E. de Z\u00e1rate &#8211; Director Marcelo Jurisich, I. S. F. D. N\u00b0 120 &#8211; Director Silvio Emb\u00f3n y E. T. R. Historia &#8211; Ignacio D&#8217;Asero. La actividad fue convocada por la Jefatura de Regi\u00f3n 11 de la Direcci\u00f3n General de Cultura y Educaci\u00f3n de la Provincia de Buenos Aires y la Insp. Jefa Regional Marcela Mart\u00edn.<\/p>\n<p>&nbsp;<\/p>\n<p>La Jornada se desarroll\u00f3 bajo el tema general \u201c<em>Los Genocidios como Problemas Hist\u00f3ricos. Hilvanando reflexiones y pr\u00e1cticas en la Ense\u00f1anza de la Historia\u201d <\/em>y tuvo lugar en el Forum Cultural de la Ciudad de Z\u00e1rate.<\/p>\n<p>En el marco de la tem\u00e1tica general, los miembros del Equipo de Educaci\u00f3n del CNA presentaron la ponencia titulada \u201c<em>Genocidio de los Armenios: 100 a\u00f1os de lucha contra la negaci\u00f3n y el olvido\u201d. <\/em>As\u00ed tambi\u00e9n, se presentaron trabajos relacionados con la ense\u00f1anza de la Sho\u00e1 en la escuela, el genocidio de los Pueblos Originarios y Afrodescendientes y el Terrorismo de Estado que tuvo lugar en la \u00faltima dictadura argentina.<\/p>\n","protected":false},"excerpt":{"rendered":"<p>El pasado mi\u00e9rcoles 07 de octubre el Equipo de Educaci\u00f3n del CNA particip\u00f3 en la Jornada Regional en Ense\u00f1anza de la Historia, organizada por C. I. I. E. de Pilar &#8211; Director Marcelo Bianchi Bustos, C. I. I. E. de Z\u00e1rate &#8211; Director Marcelo Jurisich, I. S. F. D. N\u00b0 120 &#8211; Director Silvio Emb\u00f3n [&hellip;]<\/p>\n","protected":false},"author":1,"featured_media":0,"comment_status":"closed","ping_status":"closed","sticky":false,"template":"","format":"standard","meta":{"site-sidebar-layout":"default","site-content-layout":"","ast-site-content-layout":"default","site-content-style":"default","site-sidebar-style":"default","ast-global-header-display":"","ast-banner-title-visibility":"","ast-main-header-display":"","ast-hfb-above-header-display":"","ast-hfb-below-header-display":"","ast-hfb-mobile-header-display":"","site-post-title":"","ast-breadcrumbs-content":"","ast-featured-img":"","footer-sml-layout":"","theme-transparent-header-meta":"","adv-header-id-meta":"","stick-header-meta":"","header-above-stick-meta":"","header-main-stick-meta":"","header-below-stick-meta":"","astra-migrate-meta-layouts":"default","ast-page-background-enabled":"default","ast-page-background-meta":{"desktop":{"background-color":"var(--ast-global-color-4)","background-image":"","background-repeat":"repeat","background-position":"center center","background-size":"auto","background-attachment":"scroll","background-type":"","background-media":"","overlay-type":"","overlay-color":"","overlay-opacity":"","overlay-gradient":""},"tablet":{"background-color":"","background-image":"","background-repeat":"repeat","background-position":"center center","background-size":"auto","background-attachment":"scroll","background-type":"","background-media":"","overlay-type":"","overlay-color":"","overlay-opacity":"","overlay-gradient":""},"mobile":{"background-color":"","background-image":"","background-repeat":"repeat","background-position":"center center","background-size":"auto","background-attachment":"scroll","background-type":"","background-media":"","overlay-type":"","overlay-color":"","overlay-opacity":"","overlay-gradient":""}},"ast-content-background-meta":{"desktop":{"background-color":"var(--ast-global-color-5)","background-image":"","background-repeat":"repeat","background-position":"center center","background-size":"auto","background-attachment":"scroll","background-type":"","background-media":"","overlay-type":"","overlay-color":"","overlay-opacity":"","overlay-gradient":""},"tablet":{"background-color":"var(--ast-global-color-5)","background-image":"","background-repeat":"repeat","background-position":"center center","background-size":"auto","background-attachment":"scroll","background-type":"","background-media":"","overlay-type":"","overlay-color":"","overlay-opacity":"","overlay-gradient":""},"mobile":{"background-color":"var(--ast-global-color-5)","background-image":"","background-repeat":"repeat","background-position":"center center","background-size":"auto","background-attachment":"scroll","background-type":"","background-media":"","overlay-type":"","overlay-color":"","overlay-opacity":"","overlay-gradient":""}},"_jetpack_memberships_contains_paid_content":false,"footnotes":""},"categories":[33,38],"tags":[24,16,34,17,18,36,28,11,14],"class_list":["post-4102","post","type-post","status-publish","format-standard","hentry","category-acteduc","category-areaeduc","tag-argentina","tag-armenia-2","tag-causa-armenia","tag-ddhh","tag-derechos-humanos","tag-educacion-2","tag-genocidio","tag-genocidio-armenio","tag-reflexiones"],"jetpack_featured_media_url":"","jetpack_sharing_enabled":true,"_links":{"self":[{"href":"https:\/\/cna.org.ar\/index.php\/wp-json\/wp\/v2\/posts\/4102","targetHints":{"allow":["GET"]}}],"collection":[{"href":"https:\/\/cna.org.ar\/index.php\/wp-json\/wp\/v2\/posts"}],"about":[{"href":"https:\/\/cna.org.ar\/index.php\/wp-json\/wp\/v2\/types\/post"}],"author":[{"embeddable":true,"href":"https:\/\/cna.org.ar\/index.php\/wp-json\/wp\/v2\/users\/1"}],"replies":[{"embeddable":true,"href":"https:\/\/cna.org.ar\/index.php\/wp-json\/wp\/v2\/comments?post=4102"}],"version-history":[{"count":2,"href":"https:\/\/cna.org.ar\/index.php\/wp-json\/wp\/v2\/posts\/4102\/revisions"}],"predecessor-version":[{"id":4106,"href":"https:\/\/cna.org.ar\/index.php\/wp-json\/wp\/v2\/posts\/4102\/revisions\/4106"}],"wp:attachment":[{"href":"https:\/\/cna.org.ar\/index.php\/wp-json\/wp\/v2\/media?parent=4102"}],"wp:term":[{"taxonomy":"category","embeddable":true,"href":"https:\/\/cna.org.ar\/index.php\/wp-json\/wp\/v2\/categories?post=4102"},{"taxonomy":"post_tag","embeddable":true,"href":"https:\/\/cna.org.ar\/index.php\/wp-json\/wp\/v2\/tags?post=4102"}],"curies":[{"name":"wp","href":"https:\/\/api.w.org\/{rel}","templated":true}]}}