{"id":436,"date":"2009-10-06T16:16:31","date_gmt":"2009-10-06T19:16:31","guid":{"rendered":"http:\/\/www.cna.org.ar\/?p=436"},"modified":"2009-10-06T16:16:31","modified_gmt":"2009-10-06T19:16:31","slug":"el-partido-socialista-emitio-una-declaracion-en-visperas-de-la-firma-de-los-protocolos-entre-armenia-y-turquia","status":"publish","type":"post","link":"https:\/\/cna.org.ar\/index.php\/2009\/10\/06\/el-partido-socialista-emitio-una-declaracion-en-visperas-de-la-firma-de-los-protocolos-entre-armenia-y-turquia\/","title":{"rendered":"El Partido Socialista emiti\u00f3 una declaraci\u00f3n en v\u00ed\u00adsperas de la firma de los protocolos entre Armenia y Turqu\u00ed\u00ada"},"content":{"rendered":"<p>Por lo tanto Declara:<\/p>\n<p>1.- Que el Partido Socialista hace suya  la sanci\u00f3n de la Ley 26199 al \u00e2\u20ac\u0153D\u00ed\u00ada de acci\u00f3n por la tolerancia y el respeto entre los pueblos\u00e2\u20ac\u009d el 24 de abril, en conmemoraci\u00f3n del genocidio sufrido por el pueblo armenio y con el esp\u00ed\u00adritu de que su memoria sea una lecci\u00f3n permanente sobre los pasos del presente y las metas de nuestro futuro.<\/p>\n<p>&#8211;    La necesidad de que la comunidad internacional reconozca el genocidio armenio<\/p>\n<p>Buenos Aires, 6 de octubre de 2009<\/p>\n<p>PARTIDO SOCIALISTA<\/p>\n<p>Callao 157- 1 Piso dto. C. telefax: 011-4371-9487  CABA<\/p>\n","protected":false},"excerpt":{"rendered":"<p><a href=\"http:\/\/www.cna.org.ar\/wp-content\/uploads\/2009\/10\/Partido-Socialista.jpg\"><img loading=\"lazy\" decoding=\"async\" class=\"alignleft size-full wp-image-437\" title=\"Partido Socialista\" src=\"http:\/\/www.cna.org.ar\/wp-content\/uploads\/2009\/10\/Partido-Socialista.jpg\" alt=\"Partido Socialista\" width=\"107\" height=\"103\" \/><\/a><\/p>\n<p>Partido Socialista- 6 de Octubre de 2009<\/p>\n<p>Hoy, el dialogo  entre Armenia y Turqu\u00ed\u00ada \u2013hecho que reconocemos como positivo-vuelve a poner sobre la mesa la existencia del primer genocidio del siglo XX.<\/p>\n<p>En tal sentido, el Partido Socialista considera la necesidad de reafirmar su solidaridad con el pueblo armenio en su lucha por conocer la verdad. El pueblo argentino en este marco se ha mostrado hist\u00f3ricamente solidario con las luchas de la Rep\u00fablica de Armenia por la Verdad y la Justicia.<\/p>\n","protected":false},"author":1,"featured_media":0,"comment_status":"closed","ping_status":"closed","sticky":false,"template":"","format":"standard","meta":{"site-sidebar-layout":"default","site-content-layout":"","ast-site-content-layout":"default","site-content-style":"default","site-sidebar-style":"default","ast-global-header-display":"","ast-banner-title-visibility":"","ast-main-header-display":"","ast-hfb-above-header-display":"","ast-hfb-below-header-display":"","ast-hfb-mobile-header-display":"","site-post-title":"","ast-breadcrumbs-content":"","ast-featured-img":"","footer-sml-layout":"","theme-transparent-header-meta":"","adv-header-id-meta":"","stick-header-meta":"","header-above-stick-meta":"","header-main-stick-meta":"","header-below-stick-meta":"","astra-migrate-meta-layouts":"default","ast-page-background-enabled":"default","ast-page-background-meta":{"desktop":{"background-color":"var(--ast-global-color-4)","background-image":"","background-repeat":"repeat","background-position":"center center","background-size":"auto","background-attachment":"scroll","background-type":"","background-media":"","overlay-type":"","overlay-color":"","overlay-opacity":"","overlay-gradient":""},"tablet":{"background-color":"","background-image":"","background-repeat":"repeat","background-position":"center center","background-size":"auto","background-attachment":"scroll","background-type":"","background-media":"","overlay-type":"","overlay-color":"","overlay-opacity":"","overlay-gradient":""},"mobile":{"background-color":"","background-image":"","background-repeat":"repeat","background-position":"center center","background-size":"auto","background-attachment":"scroll","background-type":"","background-media":"","overlay-type":"","overlay-color":"","overlay-opacity":"","overlay-gradient":""}},"ast-content-background-meta":{"desktop":{"background-color":"var(--ast-global-color-5)","background-image":"","background-repeat":"repeat","background-position":"center center","background-size":"auto","background-attachment":"scroll","background-type":"","background-media":"","overlay-type":"","overlay-color":"","overlay-opacity":"","overlay-gradient":""},"tablet":{"background-color":"var(--ast-global-color-5)","background-image":"","background-repeat":"repeat","background-position":"center center","background-size":"auto","background-attachment":"scroll","background-type":"","background-media":"","overlay-type":"","overlay-color":"","overlay-opacity":"","overlay-gradient":""},"mobile":{"background-color":"var(--ast-global-color-5)","background-image":"","background-repeat":"repeat","background-position":"center center","background-size":"auto","background-attachment":"scroll","background-type":"","background-media":"","overlay-type":"","overlay-color":"","overlay-opacity":"","overlay-gradient":""}},"_jetpack_memberships_contains_paid_content":false,"footnotes":""},"categories":[8],"tags":[],"class_list":["post-436","post","type-post","status-publish","format-standard","hentry","category-prensa"],"jetpack_featured_media_url":"","jetpack_sharing_enabled":true,"_links":{"self":[{"href":"https:\/\/cna.org.ar\/index.php\/wp-json\/wp\/v2\/posts\/436","targetHints":{"allow":["GET"]}}],"collection":[{"href":"https:\/\/cna.org.ar\/index.php\/wp-json\/wp\/v2\/posts"}],"about":[{"href":"https:\/\/cna.org.ar\/index.php\/wp-json\/wp\/v2\/types\/post"}],"author":[{"embeddable":true,"href":"https:\/\/cna.org.ar\/index.php\/wp-json\/wp\/v2\/users\/1"}],"replies":[{"embeddable":true,"href":"https:\/\/cna.org.ar\/index.php\/wp-json\/wp\/v2\/comments?post=436"}],"version-history":[{"count":0,"href":"https:\/\/cna.org.ar\/index.php\/wp-json\/wp\/v2\/posts\/436\/revisions"}],"wp:attachment":[{"href":"https:\/\/cna.org.ar\/index.php\/wp-json\/wp\/v2\/media?parent=436"}],"wp:term":[{"taxonomy":"category","embeddable":true,"href":"https:\/\/cna.org.ar\/index.php\/wp-json\/wp\/v2\/categories?post=436"},{"taxonomy":"post_tag","embeddable":true,"href":"https:\/\/cna.org.ar\/index.php\/wp-json\/wp\/v2\/tags?post=436"}],"curies":[{"name":"wp","href":"https:\/\/api.w.org\/{rel}","templated":true}]}}