{"id":4516,"date":"2012-03-14T13:26:42","date_gmt":"2012-03-14T13:26:42","guid":{"rendered":"http:\/\/cna.org.ar\/?p=4516"},"modified":"2016-02-26T13:34:37","modified_gmt":"2016-02-26T13:34:37","slug":"azerbaiyan-incita-el-odio-hacia-los-armenios","status":"publish","type":"post","link":"https:\/\/cna.org.ar\/index.php\/2012\/03\/14\/azerbaiyan-incita-el-odio-hacia-los-armenios\/","title":{"rendered":"Azerbaiy\u00e1n incita el odio hacia los armenios"},"content":{"rendered":"<p style=\"text-align: justify;\"><em><a href=\"https:\/\/i0.wp.com\/cna.org.ar\/wp-content\/uploads\/2013\/10\/Ilham_Aliyev.jpg?ssl=1\"><img data-recalc-dims=\"1\" loading=\"lazy\" decoding=\"async\" class=\" wp-image-4241 size-medium alignleft\" src=\"https:\/\/i0.wp.com\/cna.org.ar\/wp-content\/uploads\/2013\/10\/Ilham_Aliyev.jpg?resize=300%2C225&#038;ssl=1\" alt=\"\" width=\"300\" height=\"225\" srcset=\"https:\/\/i0.wp.com\/cna.org.ar\/wp-content\/uploads\/2013\/10\/Ilham_Aliyev.jpg?resize=300%2C225&amp;ssl=1 300w, https:\/\/i0.wp.com\/cna.org.ar\/wp-content\/uploads\/2013\/10\/Ilham_Aliyev.jpg?resize=467%2C350&amp;ssl=1 467w, https:\/\/i0.wp.com\/cna.org.ar\/wp-content\/uploads\/2013\/10\/Ilham_Aliyev.jpg?w=500&amp;ssl=1 500w\" sizes=\"auto, (max-width: 300px) 100vw, 300px\" \/><\/a><\/em><\/p>\n<p style=\"text-align: justify;\"><em>El Consejo Nacional Armenio de Sudam\u00e9rica repudia el nefasto discurso belicista y de incentivo al odio contra los armenios \u00a0del presidente de Azerbaiy\u00e1n Ilham Aliev.<\/em><\/p>\n<p style=\"text-align: justify;\">En la clausura de la conferencia sobre los resultados del tercer a\u00f1o del \u00abPrograma Estatal de Desarrollo Socioecon\u00f3mico de los Distritos para el Per\u00ed\u00adodo 2009-2013\u009d del pasado 28 de febrero, el presidente Ilham Aliev manifest\u00f3: Nuestros principales enemigos son los armenios de todo el mundo y los pol\u00ed\u00adticos hip\u00f3critas y corruptos bajo su control. Los pol\u00ed\u00adticos que no quieren ver la verdad y se dedican a denigrar a Azerbaiy\u00e1n en diferentes partes del mundo.<\/p>\n<p style=\"text-align: justify;\">Como consecuencia de estas declaraciones y su fuerte repercusi\u00f3n en los ciudadanos armenios, la Televisi\u00f3n P\u00fablica de Armenia le anunci\u00f3 oficialmente a la Uni\u00f3n de Radiodifusi\u00f3n Europea que se retiraba del Festival de Eurovisi\u00f3n anual a realizarse en Bak\u00fa.<\/p>\n<p style=\"text-align: justify;\">En este sentido, en declaraciones recientes, el Embajador de Azerbaiy\u00e1n en Ir\u00e1n dijo que el acuerdo de 1,6 mil millones de d\u00f3lares en compra de armamentos a Israel anunciado el domingo 26 de febrero, se hizo \u00abpara liberar las tierras ocupadas de Azerbaiy\u00e1n\u00bb.<\/p>\n<p style=\"text-align: justify;\">Por otra parte, lejos de su supuesta b\u00fasqueda pacifica de resoluci\u00f3n del conflicto que sostiene con la Rep\u00fablica de Nagorno Karabagh, la Rep\u00fablica de Azerbaiy\u00e1n incrementa anualmente su presupuesto destinado a la compra de armamentos, el a\u00f1o pasado alcanz\u00f3 un 20% de su presupuesto anual, equivalente al total anual de Armenia.<\/p>\n<p style=\"text-align: justify;\">La directora del Consejo Nacional Armenio de Buenos Aires, Carolina Karagueuzian dijo al respecto: Esta incesante escalada armamentista y discurso belicista de la Rep\u00fablica de Azerbaiy\u00e1n obstaculiza las negociaciones pacificas por el conflicto de Nagorno Karabagh y contribuyen a una desestabilizaci\u00f3n cada vez mayor del C\u00e1ucaso Sur.<\/p>\n","protected":false},"excerpt":{"rendered":"<p>El Consejo Nacional Armenio de Sudam\u00e9rica repudia el nefasto discurso belicista y de incentivo al odio contra los armenios \u00a0del presidente de Azerbaiy\u00e1n Ilham Aliev. En la clausura de la conferencia sobre los resultados del tercer a\u00f1o del \u00abPrograma Estatal de Desarrollo Socioecon\u00f3mico de los Distritos para el Per\u00ed\u00adodo 2009-2013\u009d del pasado 28 de febrero, [&hellip;]<\/p>\n","protected":false},"author":1,"featured_media":4241,"comment_status":"closed","ping_status":"closed","sticky":false,"template":"","format":"standard","meta":{"site-sidebar-layout":"default","site-content-layout":"","ast-site-content-layout":"default","site-content-style":"default","site-sidebar-style":"default","ast-global-header-display":"","ast-banner-title-visibility":"","ast-main-header-display":"","ast-hfb-above-header-display":"","ast-hfb-below-header-display":"","ast-hfb-mobile-header-display":"","site-post-title":"","ast-breadcrumbs-content":"","ast-featured-img":"","footer-sml-layout":"","theme-transparent-header-meta":"","adv-header-id-meta":"","stick-header-meta":"","header-above-stick-meta":"","header-main-stick-meta":"","header-below-stick-meta":"","astra-migrate-meta-layouts":"default","ast-page-background-enabled":"default","ast-page-background-meta":{"desktop":{"background-color":"var(--ast-global-color-4)","background-image":"","background-repeat":"repeat","background-position":"center center","background-size":"auto","background-attachment":"scroll","background-type":"","background-media":"","overlay-type":"","overlay-color":"","overlay-opacity":"","overlay-gradient":""},"tablet":{"background-color":"","background-image":"","background-repeat":"repeat","background-position":"center center","background-size":"auto","background-attachment":"scroll","background-type":"","background-media":"","overlay-type":"","overlay-color":"","overlay-opacity":"","overlay-gradient":""},"mobile":{"background-color":"","background-image":"","background-repeat":"repeat","background-position":"center center","background-size":"auto","background-attachment":"scroll","background-type":"","background-media":"","overlay-type":"","overlay-color":"","overlay-opacity":"","overlay-gradient":""}},"ast-content-background-meta":{"desktop":{"background-color":"var(--ast-global-color-5)","background-image":"","background-repeat":"repeat","background-position":"center center","background-size":"auto","background-attachment":"scroll","background-type":"","background-media":"","overlay-type":"","overlay-color":"","overlay-opacity":"","overlay-gradient":""},"tablet":{"background-color":"var(--ast-global-color-5)","background-image":"","background-repeat":"repeat","background-position":"center center","background-size":"auto","background-attachment":"scroll","background-type":"","background-media":"","overlay-type":"","overlay-color":"","overlay-opacity":"","overlay-gradient":""},"mobile":{"background-color":"var(--ast-global-color-5)","background-image":"","background-repeat":"repeat","background-position":"center center","background-size":"auto","background-attachment":"scroll","background-type":"","background-media":"","overlay-type":"","overlay-color":"","overlay-opacity":"","overlay-gradient":""}},"_jetpack_memberships_contains_paid_content":false,"footnotes":""},"categories":[4],"tags":[116,25,46,278],"class_list":["post-4516","post","type-post","status-publish","format-standard","has-post-thumbnail","hentry","category-comunicados","tag-aliev","tag-armenios","tag-azerbaijan","tag-odio"],"jetpack_featured_media_url":"https:\/\/i0.wp.com\/cna.org.ar\/wp-content\/uploads\/2013\/10\/Ilham_Aliyev.jpg?fit=500%2C375&ssl=1","jetpack_sharing_enabled":true,"_links":{"self":[{"href":"https:\/\/cna.org.ar\/index.php\/wp-json\/wp\/v2\/posts\/4516","targetHints":{"allow":["GET"]}}],"collection":[{"href":"https:\/\/cna.org.ar\/index.php\/wp-json\/wp\/v2\/posts"}],"about":[{"href":"https:\/\/cna.org.ar\/index.php\/wp-json\/wp\/v2\/types\/post"}],"author":[{"embeddable":true,"href":"https:\/\/cna.org.ar\/index.php\/wp-json\/wp\/v2\/users\/1"}],"replies":[{"embeddable":true,"href":"https:\/\/cna.org.ar\/index.php\/wp-json\/wp\/v2\/comments?post=4516"}],"version-history":[{"count":2,"href":"https:\/\/cna.org.ar\/index.php\/wp-json\/wp\/v2\/posts\/4516\/revisions"}],"predecessor-version":[{"id":4519,"href":"https:\/\/cna.org.ar\/index.php\/wp-json\/wp\/v2\/posts\/4516\/revisions\/4519"}],"wp:featuredmedia":[{"embeddable":true,"href":"https:\/\/cna.org.ar\/index.php\/wp-json\/wp\/v2\/media\/4241"}],"wp:attachment":[{"href":"https:\/\/cna.org.ar\/index.php\/wp-json\/wp\/v2\/media?parent=4516"}],"wp:term":[{"taxonomy":"category","embeddable":true,"href":"https:\/\/cna.org.ar\/index.php\/wp-json\/wp\/v2\/categories?post=4516"},{"taxonomy":"post_tag","embeddable":true,"href":"https:\/\/cna.org.ar\/index.php\/wp-json\/wp\/v2\/tags?post=4516"}],"curies":[{"name":"wp","href":"https:\/\/api.w.org\/{rel}","templated":true}]}}