{"id":4733,"date":"2016-04-27T20:33:10","date_gmt":"2016-04-27T20:33:10","guid":{"rendered":"http:\/\/cna.org.ar\/?p=4733"},"modified":"2016-04-27T20:33:10","modified_gmt":"2016-04-27T20:33:10","slug":"preocupacion-por-actividades-de-la-embajada-de-turquia-en-lanus","status":"publish","type":"post","link":"https:\/\/cna.org.ar\/index.php\/2016\/04\/27\/preocupacion-por-actividades-de-la-embajada-de-turquia-en-lanus\/","title":{"rendered":"Preocupaci\u00f3n por actividades de la Embajada de Turqu\u00eda en Lan\u00fas"},"content":{"rendered":"<p><a href=\"http:\/\/www.lanus.gob.ar\/noticias\/86-empresas-lanusenses-en-expansion\"><img data-recalc-dims=\"1\" loading=\"lazy\" decoding=\"async\" class=\"alignleft wp-image-4734 size-medium\" src=\"https:\/\/i0.wp.com\/cna.org.ar\/wp-content\/uploads\/2016\/04\/lanus-con-emb-turca.png?resize=300%2C191&#038;ssl=1\" alt=\"lanus con emb turca\" width=\"300\" height=\"191\" srcset=\"https:\/\/i0.wp.com\/cna.org.ar\/wp-content\/uploads\/2016\/04\/lanus-con-emb-turca.png?resize=300%2C191&amp;ssl=1 300w, https:\/\/i0.wp.com\/cna.org.ar\/wp-content\/uploads\/2016\/04\/lanus-con-emb-turca.png?resize=549%2C350&amp;ssl=1 549w, https:\/\/i0.wp.com\/cna.org.ar\/wp-content\/uploads\/2016\/04\/lanus-con-emb-turca.png?w=673&amp;ssl=1 673w\" sizes=\"auto, (max-width: 300px) 100vw, 300px\" \/><\/a>El Municipio de Lan\u00fas, provincia de Buenos Aires, donde reside una fuerte comunidad armenia, inaugur\u00f3 el 26 de abril el ciclo \u201cPa\u00edses y sus potenciales negocios con empresas de Lan\u00fas\u201d, con la Embajada de Turqu\u00eda como protagonista. Argentina y Turqu\u00eda mantienen relaciones diplom\u00e1ticas, y la promoci\u00f3n de una embajada de oportunidades de comercio para nuestro pa\u00eds es parte de sus funciones. Sin embargo, el Estado turco tiene una caracter\u00edstica distintiva, que es su centenaria pol\u00edtica negacionista frente al genocidio contra el pueblo armenio.<\/p>\n<p>El negacionismo no es un acto pasivo, sino que requiere de un trabajo importante para intentar ocultar o tergiversar la verdad. En las fechas cercanas al 24 de abril, Turqu\u00eda redobla sus esfuerzos o bien para negar el genocidio, o bien para desviar la atenci\u00f3n con otros temas. Un ejemplo a escala mundial fue la decisi\u00f3n de Erdogan de conmemorar el Centenario de la Batalla de Gallipoli, el 24 de abril de 2015, y no en marzo seg\u00fan lo acostumbrado, simult\u00e1neamente a la conmemoraci\u00f3n en Erev\u00e1n el Centenario del Genocidio.<\/p>\n<p>Turqu\u00eda a trav\u00e9s del lobby ha presionado a distintos sectores pol\u00edticos y ha amenazado con la ruptura de relaciones diplom\u00e1ticas. Quienes aprobaron y promulgaron la Ley 26.199 lo saben bien, tanto como quienes impulsan cualquier normativa o pol\u00edtica que consideren favorable a la Causa Armenia. El mismo d\u00eda del encuentro en Lan\u00fas, tom\u00f3 estado p\u00fablico que Ankara hab\u00eda rechazado la designaci\u00f3n de un embajador argentino por haberse pronunciado sobre el genocidio armenio, expresando la posici\u00f3n que nuestro pa\u00eds tom\u00f3 en sus tres poderes.<\/p>\n<p>La embajada de Turqu\u00eda cuando hace negocios, a trav\u00e9s de los condicionamientos, suele hacer pol\u00edtica. Desde el CNA expresamos nuestra preocupaci\u00f3n por este encuentro, a pocos d\u00edas del 101\u00b0 aniversario del Genocidio Armenio, que el intendente N\u00e9stor Grindetti conmemor\u00f3 en el Colegio Armenio Jrimian, el pasado 22 de abril. Desarrollar el primer encuentro del ciclo, en esta fecha, con Turqu\u00eda, ha sido netamente funcional a los intereses del Estado negacionista. Es por ello que por los canales correspondientes solicitaremos un encuentro al Municipio para aclarar la situaci\u00f3n y conocer el motivo del especial inter\u00e9s de Turqu\u00eda en la Zona sur del conurbano, el \u00e1mbito de la provincia de Buenos Aires que cuenta con mayor presencia de comunidad armenia.<\/p>\n","protected":false},"excerpt":{"rendered":"<p>El Municipio de Lan\u00fas, provincia de Buenos Aires, donde reside una fuerte comunidad armenia, inaugur\u00f3 el 26 de abril el ciclo \u201cPa\u00edses y sus potenciales negocios con empresas de Lan\u00fas\u201d, con la Embajada de Turqu\u00eda como protagonista. Argentina y Turqu\u00eda mantienen relaciones diplom\u00e1ticas, y la promoci\u00f3n de una embajada de oportunidades de comercio para nuestro [&hellip;]<\/p>\n","protected":false},"author":1,"featured_media":4734,"comment_status":"closed","ping_status":"closed","sticky":false,"template":"","format":"standard","meta":{"site-sidebar-layout":"default","site-content-layout":"","ast-site-content-layout":"default","site-content-style":"default","site-sidebar-style":"default","ast-global-header-display":"","ast-banner-title-visibility":"","ast-main-header-display":"","ast-hfb-above-header-display":"","ast-hfb-below-header-display":"","ast-hfb-mobile-header-display":"","site-post-title":"","ast-breadcrumbs-content":"","ast-featured-img":"","footer-sml-layout":"","theme-transparent-header-meta":"","adv-header-id-meta":"","stick-header-meta":"","header-above-stick-meta":"","header-main-stick-meta":"","header-below-stick-meta":"","astra-migrate-meta-layouts":"default","ast-page-background-enabled":"default","ast-page-background-meta":{"desktop":{"background-color":"var(--ast-global-color-4)","background-image":"","background-repeat":"repeat","background-position":"center center","background-size":"auto","background-attachment":"scroll","background-type":"","background-media":"","overlay-type":"","overlay-color":"","overlay-opacity":"","overlay-gradient":""},"tablet":{"background-color":"","background-image":"","background-repeat":"repeat","background-position":"center center","background-size":"auto","background-attachment":"scroll","background-type":"","background-media":"","overlay-type":"","overlay-color":"","overlay-opacity":"","overlay-gradient":""},"mobile":{"background-color":"","background-image":"","background-repeat":"repeat","background-position":"center center","background-size":"auto","background-attachment":"scroll","background-type":"","background-media":"","overlay-type":"","overlay-color":"","overlay-opacity":"","overlay-gradient":""}},"ast-content-background-meta":{"desktop":{"background-color":"var(--ast-global-color-5)","background-image":"","background-repeat":"repeat","background-position":"center center","background-size":"auto","background-attachment":"scroll","background-type":"","background-media":"","overlay-type":"","overlay-color":"","overlay-opacity":"","overlay-gradient":""},"tablet":{"background-color":"var(--ast-global-color-5)","background-image":"","background-repeat":"repeat","background-position":"center center","background-size":"auto","background-attachment":"scroll","background-type":"","background-media":"","overlay-type":"","overlay-color":"","overlay-opacity":"","overlay-gradient":""},"mobile":{"background-color":"var(--ast-global-color-5)","background-image":"","background-repeat":"repeat","background-position":"center center","background-size":"auto","background-attachment":"scroll","background-type":"","background-media":"","overlay-type":"","overlay-color":"","overlay-opacity":"","overlay-gradient":""}},"_jetpack_memberships_contains_paid_content":false,"footnotes":""},"categories":[4],"tags":[24,16,83,25,34,17,18,319,318,12,22,23],"class_list":["post-4733","post","type-post","status-publish","format-standard","has-post-thumbnail","hentry","category-comunicados","tag-argentina","tag-armenia-2","tag-armenio","tag-armenios","tag-causa-armenia","tag-ddhh","tag-derechos-humanos","tag-grindetti","tag-lanus","tag-negacionismo","tag-turkey","tag-turquia"],"jetpack_featured_media_url":"https:\/\/i0.wp.com\/cna.org.ar\/wp-content\/uploads\/2016\/04\/lanus-con-emb-turca.png?fit=673%2C429&ssl=1","jetpack_sharing_enabled":true,"_links":{"self":[{"href":"https:\/\/cna.org.ar\/index.php\/wp-json\/wp\/v2\/posts\/4733","targetHints":{"allow":["GET"]}}],"collection":[{"href":"https:\/\/cna.org.ar\/index.php\/wp-json\/wp\/v2\/posts"}],"about":[{"href":"https:\/\/cna.org.ar\/index.php\/wp-json\/wp\/v2\/types\/post"}],"author":[{"embeddable":true,"href":"https:\/\/cna.org.ar\/index.php\/wp-json\/wp\/v2\/users\/1"}],"replies":[{"embeddable":true,"href":"https:\/\/cna.org.ar\/index.php\/wp-json\/wp\/v2\/comments?post=4733"}],"version-history":[{"count":1,"href":"https:\/\/cna.org.ar\/index.php\/wp-json\/wp\/v2\/posts\/4733\/revisions"}],"predecessor-version":[{"id":4735,"href":"https:\/\/cna.org.ar\/index.php\/wp-json\/wp\/v2\/posts\/4733\/revisions\/4735"}],"wp:featuredmedia":[{"embeddable":true,"href":"https:\/\/cna.org.ar\/index.php\/wp-json\/wp\/v2\/media\/4734"}],"wp:attachment":[{"href":"https:\/\/cna.org.ar\/index.php\/wp-json\/wp\/v2\/media?parent=4733"}],"wp:term":[{"taxonomy":"category","embeddable":true,"href":"https:\/\/cna.org.ar\/index.php\/wp-json\/wp\/v2\/categories?post=4733"},{"taxonomy":"post_tag","embeddable":true,"href":"https:\/\/cna.org.ar\/index.php\/wp-json\/wp\/v2\/tags?post=4733"}],"curies":[{"name":"wp","href":"https:\/\/api.w.org\/{rel}","templated":true}]}}