{"id":4737,"date":"2016-05-17T17:42:26","date_gmt":"2016-05-17T17:42:26","guid":{"rendered":"http:\/\/cna.org.ar\/?p=4737"},"modified":"2016-05-17T19:42:47","modified_gmt":"2016-05-17T19:42:47","slug":"el-cna-de-sudamerica-en-la-conferencia-de-consejos-causa-armenia-mundial","status":"publish","type":"post","link":"https:\/\/cna.org.ar\/index.php\/2016\/05\/17\/el-cna-de-sudamerica-en-la-conferencia-de-consejos-causa-armenia-mundial\/","title":{"rendered":"El CNA de Sudam\u00e9rica en la conferencia del Consejo Nacional Armenio Mundial"},"content":{"rendered":"<p dir=\"ltr\"><a href=\"https:\/\/i0.wp.com\/cna.org.ar\/wp-content\/uploads\/2016\/05\/IMG-20160510-WA0007.jpg?ssl=1\"><img data-recalc-dims=\"1\" loading=\"lazy\" decoding=\"async\" class=\" size-medium wp-image-4738 alignright\" src=\"https:\/\/i0.wp.com\/cna.org.ar\/wp-content\/uploads\/2016\/05\/IMG-20160510-WA0007.jpg?resize=300%2C225&#038;ssl=1\" alt=\"IMG-20160510-WA0007\" width=\"300\" height=\"225\" srcset=\"https:\/\/i0.wp.com\/cna.org.ar\/wp-content\/uploads\/2016\/05\/IMG-20160510-WA0007.jpg?resize=300%2C225&amp;ssl=1 300w, https:\/\/i0.wp.com\/cna.org.ar\/wp-content\/uploads\/2016\/05\/IMG-20160510-WA0007.jpg?resize=1024%2C768&amp;ssl=1 1024w, https:\/\/i0.wp.com\/cna.org.ar\/wp-content\/uploads\/2016\/05\/IMG-20160510-WA0007.jpg?resize=467%2C350&amp;ssl=1 467w, https:\/\/i0.wp.com\/cna.org.ar\/wp-content\/uploads\/2016\/05\/IMG-20160510-WA0007.jpg?w=1280&amp;ssl=1 1280w\" sizes=\"auto, (max-width: 300px) 100vw, 300px\" \/><\/a>Del 8 al 11 de mayo se realiz\u00f3 la conferencia mundial del Consejo Nacional Armenio en Erev\u00e1n y Stepanakert. M\u00e1s de sesenta representantes de las oficinas de \u00a0EEUU, Canad\u00e1, Am\u00e9rica del Sur, Espa\u00f1a, Austria, Suecia, B\u00e9lgica, Australia, L\u00edbano, Ir\u00e1n, Israel y otros, junto a sus pares locales, analizaron los diferentes ejes de su trabajo por la Causa Armenia en cada regi\u00f3n, enfatizando en la situaci\u00f3n en la que se encuentra la Rep\u00fablica de Nagorno Karabagh (RNK).<\/p>\n<p>La delegaci\u00f3n sudamericana estuvo compuesta por Agust\u00edn Analian,Secretario Ejecutivo del \u00d3rgano Responsable Coordinador del CNA Sudam\u00e9rica, Kevork Zadikian, presidente del CNA de Brasil y Nicol\u00e1s Sabuncuyan, director del CNA de Buenos Aires. Tambi\u00e9n tuvo una destacada participaci\u00f3n el ing. Mario Nalpatian, miembro del CNA mundial y vicepresidente de la Internacional Socialista.<\/p>\n<p><a href=\"https:\/\/i0.wp.com\/cna.org.ar\/wp-content\/uploads\/2016\/05\/IMG-20160511-WA0012.jpg?ssl=1\"><img data-recalc-dims=\"1\" loading=\"lazy\" decoding=\"async\" class=\"alignleft size-medium wp-image-4739\" src=\"https:\/\/i0.wp.com\/cna.org.ar\/wp-content\/uploads\/2016\/05\/IMG-20160511-WA0012.jpg?resize=300%2C169&#038;ssl=1\" alt=\"IMG-20160511-WA0012\" width=\"300\" height=\"169\" srcset=\"https:\/\/i0.wp.com\/cna.org.ar\/wp-content\/uploads\/2016\/05\/IMG-20160511-WA0012.jpg?resize=300%2C169&amp;ssl=1 300w, https:\/\/i0.wp.com\/cna.org.ar\/wp-content\/uploads\/2016\/05\/IMG-20160511-WA0012.jpg?resize=1024%2C576&amp;ssl=1 1024w, https:\/\/i0.wp.com\/cna.org.ar\/wp-content\/uploads\/2016\/05\/IMG-20160511-WA0012.jpg?resize=620%2C350&amp;ssl=1 620w, https:\/\/i0.wp.com\/cna.org.ar\/wp-content\/uploads\/2016\/05\/IMG-20160511-WA0012.jpg?w=1552&amp;ssl=1 1552w\" sizes=\"auto, (max-width: 300px) 100vw, 300px\" \/><\/a>La apertura se realiz\u00f3 el 8 de mayo en la sala de conferencias del Hotel Ani en Erev\u00e1n, y luego de la inauguraci\u00f3n y presentaciones correspondientes, la comitiva fue trasladada a Stepanakert, capital de Nagorno Karabaj. La ma\u00f1ana del 9 de mayo, los representantes de los distintos CNA acompa\u00f1aron al presidente de RNK Bako Sahakian, el Primer Ministro de Armenia Hovik Abrahamyan, cl\u00e9rigos de la Iglesia Apost\u00f3lica Armenia de Artsaj, funcionarios, miembros del ej\u00e9rcito, familiares y deudos de combatientes, y al pueblo de Karabaj en su conjunto, a la doble celebraci\u00f3n por el D\u00eda de la Victoria de los Aliados sobre la Alemania nazis y del d\u00eda de la Liberaci\u00f3n de Shushi, punto de inflexi\u00f3n en la Guerra de Nagorno Karabaj.<\/p>\n<figure id=\"attachment_4740\" aria-describedby=\"caption-attachment-4740\" style=\"width: 300px\" class=\"wp-caption alignright\"><a href=\"https:\/\/i0.wp.com\/cna.org.ar\/wp-content\/uploads\/2016\/05\/IMG-20160514-WA0050.jpg?ssl=1\"><img data-recalc-dims=\"1\" loading=\"lazy\" decoding=\"async\" class=\"wp-image-4740 size-medium\" src=\"https:\/\/i0.wp.com\/cna.org.ar\/wp-content\/uploads\/2016\/05\/IMG-20160514-WA0050.jpg?resize=300%2C199&#038;ssl=1\" alt=\"IMG-20160514-WA0050\" width=\"300\" height=\"199\" srcset=\"https:\/\/i0.wp.com\/cna.org.ar\/wp-content\/uploads\/2016\/05\/IMG-20160514-WA0050.jpg?resize=300%2C199&amp;ssl=1 300w, https:\/\/i0.wp.com\/cna.org.ar\/wp-content\/uploads\/2016\/05\/IMG-20160514-WA0050.jpg?resize=1024%2C680&amp;ssl=1 1024w, https:\/\/i0.wp.com\/cna.org.ar\/wp-content\/uploads\/2016\/05\/IMG-20160514-WA0050.jpg?resize=527%2C350&amp;ssl=1 527w, https:\/\/i0.wp.com\/cna.org.ar\/wp-content\/uploads\/2016\/05\/IMG-20160514-WA0050.jpg?w=1280&amp;ssl=1 1280w\" sizes=\"auto, (max-width: 300px) 100vw, 300px\" \/><\/a><figcaption id=\"caption-attachment-4740\" class=\"wp-caption-text\">(De izq. a der.) Nicol\u00e1s Sabuncuyan, Kevork Zadikian, Bako Sahakian, Agust\u00edn Analian y Ezequiel Vartian (CNA-Espa\u00f1a)<\/figcaption><\/figure>\n<p>La conferencia sesion\u00f3 de manera ordinaria en el recinto de la Asamblea Nacional de RNK. Sin embargo, Bako Sahakian ofreci\u00f3 una grata sorpresa al trasladar la reuni\u00f3n que sostuvo con la comitiva el 10 de mayo a Tigranakert, en el interior de la hist\u00f3rica fortaleza que se ubica junto a las ruinas recientemente descubiertas de una ciudad fundada hace m\u00e1s de dos mil a\u00f1os. El presidente junto a destacadas figuras de su gabinete y de los mandos militares, agasajaron posteriormente a los representantes de Causa Armenia con un almuerzo de camarader\u00eda.<\/p>\n<div class=\"yj6qo ajU\"><\/div>\n","protected":false},"excerpt":{"rendered":"<p>Del 8 al 11 de mayo se realiz\u00f3 la conferencia mundial del Consejo Nacional Armenio en Erev\u00e1n y Stepanakert. M\u00e1s de sesenta representantes de las oficinas de \u00a0EEUU, Canad\u00e1, Am\u00e9rica del Sur, Espa\u00f1a, Austria, Suecia, B\u00e9lgica, Australia, L\u00edbano, Ir\u00e1n, Israel y otros, junto a sus pares locales, analizaron los diferentes ejes de su trabajo por [&hellip;]<\/p>\n","protected":false},"author":1,"featured_media":4740,"comment_status":"closed","ping_status":"closed","sticky":false,"template":"","format":"standard","meta":{"site-sidebar-layout":"default","site-content-layout":"","ast-site-content-layout":"default","site-content-style":"default","site-sidebar-style":"default","ast-global-header-display":"","ast-banner-title-visibility":"","ast-main-header-display":"","ast-hfb-above-header-display":"","ast-hfb-below-header-display":"","ast-hfb-mobile-header-display":"","site-post-title":"","ast-breadcrumbs-content":"","ast-featured-img":"","footer-sml-layout":"","theme-transparent-header-meta":"","adv-header-id-meta":"","stick-header-meta":"","header-above-stick-meta":"","header-main-stick-meta":"","header-below-stick-meta":"","astra-migrate-meta-layouts":"default","ast-page-background-enabled":"default","ast-page-background-meta":{"desktop":{"background-color":"var(--ast-global-color-4)","background-image":"","background-repeat":"repeat","background-position":"center center","background-size":"auto","background-attachment":"scroll","background-type":"","background-media":"","overlay-type":"","overlay-color":"","overlay-opacity":"","overlay-gradient":""},"tablet":{"background-color":"","background-image":"","background-repeat":"repeat","background-position":"center center","background-size":"auto","background-attachment":"scroll","background-type":"","background-media":"","overlay-type":"","overlay-color":"","overlay-opacity":"","overlay-gradient":""},"mobile":{"background-color":"","background-image":"","background-repeat":"repeat","background-position":"center center","background-size":"auto","background-attachment":"scroll","background-type":"","background-media":"","overlay-type":"","overlay-color":"","overlay-opacity":"","overlay-gradient":""}},"ast-content-background-meta":{"desktop":{"background-color":"var(--ast-global-color-5)","background-image":"","background-repeat":"repeat","background-position":"center center","background-size":"auto","background-attachment":"scroll","background-type":"","background-media":"","overlay-type":"","overlay-color":"","overlay-opacity":"","overlay-gradient":""},"tablet":{"background-color":"var(--ast-global-color-5)","background-image":"","background-repeat":"repeat","background-position":"center center","background-size":"auto","background-attachment":"scroll","background-type":"","background-media":"","overlay-type":"","overlay-color":"","overlay-opacity":"","overlay-gradient":""},"mobile":{"background-color":"var(--ast-global-color-5)","background-image":"","background-repeat":"repeat","background-position":"center center","background-size":"auto","background-attachment":"scroll","background-type":"","background-media":"","overlay-type":"","overlay-color":"","overlay-opacity":"","overlay-gradient":""}},"_jetpack_memberships_contains_paid_content":false,"footnotes":""},"categories":[3],"tags":[177,16,73,75,76,77,82,320],"class_list":["post-4737","post","type-post","status-publish","format-standard","has-post-thumbnail","hentry","category-actividades","tag-analian","tag-armenia-2","tag-artsaj","tag-karabagh","tag-karabaj","tag-nagorno","tag-sabuncuyan","tag-zadikian"],"jetpack_featured_media_url":"https:\/\/i0.wp.com\/cna.org.ar\/wp-content\/uploads\/2016\/05\/IMG-20160514-WA0050.jpg?fit=1280%2C850&ssl=1","jetpack_sharing_enabled":true,"_links":{"self":[{"href":"https:\/\/cna.org.ar\/index.php\/wp-json\/wp\/v2\/posts\/4737","targetHints":{"allow":["GET"]}}],"collection":[{"href":"https:\/\/cna.org.ar\/index.php\/wp-json\/wp\/v2\/posts"}],"about":[{"href":"https:\/\/cna.org.ar\/index.php\/wp-json\/wp\/v2\/types\/post"}],"author":[{"embeddable":true,"href":"https:\/\/cna.org.ar\/index.php\/wp-json\/wp\/v2\/users\/1"}],"replies":[{"embeddable":true,"href":"https:\/\/cna.org.ar\/index.php\/wp-json\/wp\/v2\/comments?post=4737"}],"version-history":[{"count":4,"href":"https:\/\/cna.org.ar\/index.php\/wp-json\/wp\/v2\/posts\/4737\/revisions"}],"predecessor-version":[{"id":4744,"href":"https:\/\/cna.org.ar\/index.php\/wp-json\/wp\/v2\/posts\/4737\/revisions\/4744"}],"wp:featuredmedia":[{"embeddable":true,"href":"https:\/\/cna.org.ar\/index.php\/wp-json\/wp\/v2\/media\/4740"}],"wp:attachment":[{"href":"https:\/\/cna.org.ar\/index.php\/wp-json\/wp\/v2\/media?parent=4737"}],"wp:term":[{"taxonomy":"category","embeddable":true,"href":"https:\/\/cna.org.ar\/index.php\/wp-json\/wp\/v2\/categories?post=4737"},{"taxonomy":"post_tag","embeddable":true,"href":"https:\/\/cna.org.ar\/index.php\/wp-json\/wp\/v2\/tags?post=4737"}],"curies":[{"name":"wp","href":"https:\/\/api.w.org\/{rel}","templated":true}]}}