{"id":4746,"date":"2016-05-26T14:06:53","date_gmt":"2016-05-26T14:06:53","guid":{"rendered":"http:\/\/cna.org.ar\/?p=4746"},"modified":"2016-05-26T14:58:17","modified_gmt":"2016-05-26T14:58:17","slug":"charla-sobre-genocidio-armenio-en-nuestra-senora-de-fatima","status":"publish","type":"post","link":"https:\/\/cna.org.ar\/index.php\/2016\/05\/26\/charla-sobre-genocidio-armenio-en-nuestra-senora-de-fatima\/","title":{"rendered":"Charla sobre Genocidio Armenio en Nuestra Se\u00f1ora de F\u00e1tima en R\u00edo Gallegos, Santa Cruz"},"content":{"rendered":"<p><a href=\"https:\/\/i0.wp.com\/cna.org.ar\/wp-content\/uploads\/2016\/05\/IMG_1599.jpg?ssl=1\"><img data-recalc-dims=\"1\" loading=\"lazy\" decoding=\"async\" class=\" size-medium wp-image-4747 alignleft\" src=\"https:\/\/i0.wp.com\/cna.org.ar\/wp-content\/uploads\/2016\/05\/IMG_1599.jpg?resize=300%2C225&#038;ssl=1\" alt=\"IMG_1599\" width=\"300\" height=\"225\" srcset=\"https:\/\/i0.wp.com\/cna.org.ar\/wp-content\/uploads\/2016\/05\/IMG_1599.jpg?resize=300%2C225&amp;ssl=1 300w, https:\/\/i0.wp.com\/cna.org.ar\/wp-content\/uploads\/2016\/05\/IMG_1599.jpg?resize=1024%2C768&amp;ssl=1 1024w, https:\/\/i0.wp.com\/cna.org.ar\/wp-content\/uploads\/2016\/05\/IMG_1599.jpg?resize=467%2C350&amp;ssl=1 467w, https:\/\/i0.wp.com\/cna.org.ar\/wp-content\/uploads\/2016\/05\/IMG_1599.jpg?w=2000&amp;ssl=1 2000w, https:\/\/i0.wp.com\/cna.org.ar\/wp-content\/uploads\/2016\/05\/IMG_1599.jpg?w=3000&amp;ssl=1 3000w\" sizes=\"auto, (max-width: 300px) 100vw, 300px\" \/><\/a> <a href=\"https:\/\/i0.wp.com\/cna.org.ar\/wp-content\/uploads\/2016\/05\/IMG_1621.jpg?ssl=1\"><img data-recalc-dims=\"1\" loading=\"lazy\" decoding=\"async\" class=\" size-medium wp-image-4748 alignleft\" src=\"https:\/\/i0.wp.com\/cna.org.ar\/wp-content\/uploads\/2016\/05\/IMG_1621.jpg?resize=300%2C225&#038;ssl=1\" alt=\"IMG_1621\" width=\"300\" height=\"225\" srcset=\"https:\/\/i0.wp.com\/cna.org.ar\/wp-content\/uploads\/2016\/05\/IMG_1621.jpg?resize=300%2C225&amp;ssl=1 300w, https:\/\/i0.wp.com\/cna.org.ar\/wp-content\/uploads\/2016\/05\/IMG_1621.jpg?resize=1024%2C768&amp;ssl=1 1024w, https:\/\/i0.wp.com\/cna.org.ar\/wp-content\/uploads\/2016\/05\/IMG_1621.jpg?resize=467%2C350&amp;ssl=1 467w, https:\/\/i0.wp.com\/cna.org.ar\/wp-content\/uploads\/2016\/05\/IMG_1621.jpg?w=2000&amp;ssl=1 2000w, https:\/\/i0.wp.com\/cna.org.ar\/wp-content\/uploads\/2016\/05\/IMG_1621.jpg?w=3000&amp;ssl=1 3000w\" sizes=\"auto, (max-width: 300px) 100vw, 300px\" \/><\/a><\/p>\n<p>El pasado 6 de mayo, Alejandro Avakian, delegado del Consejo Nacional Armenio en R\u00edo Gallegos, realiz\u00f3 una charla sobre Genocidio Armenio en la Escuela Nuestra se\u00f1ora de F\u00e1tima de esa ciudad.<\/p>\n<p>Como parte de las actividades que se dieron en el marco de la presencia del CNA en la Escuela Nuestra Se\u00f1ora de F\u00e1tima, luego de la charla se realiz\u00f3 un taller, tambi\u00e9n coordinado por Alejandro Avakian, en el cual alumnos de 3\u00ba a\u00f1o participaron activamente y con entusiasmo.<\/p>\n<p>&nbsp;<\/p>\n","protected":false},"excerpt":{"rendered":"<p>El pasado 6 de mayo, Alejandro Avakian, delegado del Consejo Nacional Armenio en R\u00edo Gallegos, realiz\u00f3 una charla sobre Genocidio Armenio en la Escuela Nuestra se\u00f1ora de F\u00e1tima de esa ciudad. Como parte de las actividades que se dieron en el marco de la presencia del CNA en la Escuela Nuestra Se\u00f1ora de F\u00e1tima, luego [&hellip;]<\/p>\n","protected":false},"author":1,"featured_media":4750,"comment_status":"closed","ping_status":"closed","sticky":false,"template":"","format":"standard","meta":{"site-sidebar-layout":"default","site-content-layout":"","ast-site-content-layout":"default","site-content-style":"default","site-sidebar-style":"default","ast-global-header-display":"","ast-banner-title-visibility":"","ast-main-header-display":"","ast-hfb-above-header-display":"","ast-hfb-below-header-display":"","ast-hfb-mobile-header-display":"","site-post-title":"","ast-breadcrumbs-content":"","ast-featured-img":"","footer-sml-layout":"","theme-transparent-header-meta":"","adv-header-id-meta":"","stick-header-meta":"","header-above-stick-meta":"","header-main-stick-meta":"","header-below-stick-meta":"","astra-migrate-meta-layouts":"default","ast-page-background-enabled":"default","ast-page-background-meta":{"desktop":{"background-color":"var(--ast-global-color-4)","background-image":"","background-repeat":"repeat","background-position":"center center","background-size":"auto","background-attachment":"scroll","background-type":"","background-media":"","overlay-type":"","overlay-color":"","overlay-opacity":"","overlay-gradient":""},"tablet":{"background-color":"","background-image":"","background-repeat":"repeat","background-position":"center center","background-size":"auto","background-attachment":"scroll","background-type":"","background-media":"","overlay-type":"","overlay-color":"","overlay-opacity":"","overlay-gradient":""},"mobile":{"background-color":"","background-image":"","background-repeat":"repeat","background-position":"center center","background-size":"auto","background-attachment":"scroll","background-type":"","background-media":"","overlay-type":"","overlay-color":"","overlay-opacity":"","overlay-gradient":""}},"ast-content-background-meta":{"desktop":{"background-color":"var(--ast-global-color-5)","background-image":"","background-repeat":"repeat","background-position":"center center","background-size":"auto","background-attachment":"scroll","background-type":"","background-media":"","overlay-type":"","overlay-color":"","overlay-opacity":"","overlay-gradient":""},"tablet":{"background-color":"var(--ast-global-color-5)","background-image":"","background-repeat":"repeat","background-position":"center center","background-size":"auto","background-attachment":"scroll","background-type":"","background-media":"","overlay-type":"","overlay-color":"","overlay-opacity":"","overlay-gradient":""},"mobile":{"background-color":"var(--ast-global-color-5)","background-image":"","background-repeat":"repeat","background-position":"center center","background-size":"auto","background-attachment":"scroll","background-type":"","background-media":"","overlay-type":"","overlay-color":"","overlay-opacity":"","overlay-gradient":""}},"_jetpack_memberships_contains_paid_content":false,"footnotes":""},"categories":[33],"tags":[24,16,83,25,74,34,17,18,36,28,11,259,12,245,14],"class_list":["post-4746","post","type-post","status-publish","format-standard","has-post-thumbnail","hentry","category-acteduc","tag-argentina","tag-armenia-2","tag-armenio","tag-armenios","tag-avakian","tag-causa-armenia","tag-ddhh","tag-derechos-humanos","tag-educacion-2","tag-genocidio","tag-genocidio-armenio","tag-justicia","tag-negacionismo","tag-reconocimiento","tag-reflexiones"],"jetpack_featured_media_url":"https:\/\/i0.wp.com\/cna.org.ar\/wp-content\/uploads\/2016\/05\/IMG_1609.jpg?fit=4000%2C3000&ssl=1","jetpack_sharing_enabled":true,"_links":{"self":[{"href":"https:\/\/cna.org.ar\/index.php\/wp-json\/wp\/v2\/posts\/4746","targetHints":{"allow":["GET"]}}],"collection":[{"href":"https:\/\/cna.org.ar\/index.php\/wp-json\/wp\/v2\/posts"}],"about":[{"href":"https:\/\/cna.org.ar\/index.php\/wp-json\/wp\/v2\/types\/post"}],"author":[{"embeddable":true,"href":"https:\/\/cna.org.ar\/index.php\/wp-json\/wp\/v2\/users\/1"}],"replies":[{"embeddable":true,"href":"https:\/\/cna.org.ar\/index.php\/wp-json\/wp\/v2\/comments?post=4746"}],"version-history":[{"count":6,"href":"https:\/\/cna.org.ar\/index.php\/wp-json\/wp\/v2\/posts\/4746\/revisions"}],"predecessor-version":[{"id":4756,"href":"https:\/\/cna.org.ar\/index.php\/wp-json\/wp\/v2\/posts\/4746\/revisions\/4756"}],"wp:featuredmedia":[{"embeddable":true,"href":"https:\/\/cna.org.ar\/index.php\/wp-json\/wp\/v2\/media\/4750"}],"wp:attachment":[{"href":"https:\/\/cna.org.ar\/index.php\/wp-json\/wp\/v2\/media?parent=4746"}],"wp:term":[{"taxonomy":"category","embeddable":true,"href":"https:\/\/cna.org.ar\/index.php\/wp-json\/wp\/v2\/categories?post=4746"},{"taxonomy":"post_tag","embeddable":true,"href":"https:\/\/cna.org.ar\/index.php\/wp-json\/wp\/v2\/tags?post=4746"}],"curies":[{"name":"wp","href":"https:\/\/api.w.org\/{rel}","templated":true}]}}