{"id":4757,"date":"2016-06-01T15:02:13","date_gmt":"2016-06-01T15:02:13","guid":{"rendered":"http:\/\/cna.org.ar\/?p=4757"},"modified":"2016-06-08T21:47:09","modified_gmt":"2016-06-08T21:47:09","slug":"entre-rios-se-suma-a-las-provincias-que-reconocen-el-genocidio-armenio","status":"publish","type":"post","link":"https:\/\/cna.org.ar\/index.php\/2016\/06\/01\/entre-rios-se-suma-a-las-provincias-que-reconocen-el-genocidio-armenio\/","title":{"rendered":"Entre R\u00edos se suma a las provincias que reconocen el Genocidio Armenio"},"content":{"rendered":"<p>Art\u00edculo de <a href=\"prensaarmenia.com.ar\" target=\"_blank\">Prensa Armenia<\/a>\u00a0sobre la adhesi\u00f3n de la provincia de Entre R\u00edos a la ley nacional n\u00ba 26.199, que gener\u00f3 gran repercusi\u00f3n en medios provinciales, en medios de la comunidad armenia internacional y en los principales medios de armenia y Nagorno Karabaj, tanto p\u00fablicos como privados.<\/p>\n<p>La provincia de\u00a0<strong>Entre R\u00edos aprob\u00f3 hoy una ley de adhesi\u00f3n a la Ley Nacional 26.199 de reconocimiento de Genocidio Armenio<\/strong>, que instaura todos los 24 de Abril como el \u00abD\u00eda de Acci\u00f3n por la Tolerancia y Respeto entre los Pueblos\u00bb.<\/p>\n<p><img data-recalc-dims=\"1\" loading=\"lazy\" decoding=\"async\" class=\"alignleft size-medium wp-image-4759\" src=\"https:\/\/i0.wp.com\/cna.org.ar\/wp-content\/uploads\/2016\/06\/DSC3765.jpg?resize=300%2C200&#038;ssl=1\" alt=\"_DSC3765\" width=\"300\" height=\"200\" srcset=\"https:\/\/i0.wp.com\/cna.org.ar\/wp-content\/uploads\/2016\/06\/DSC3765.jpg?resize=300%2C200&amp;ssl=1 300w, https:\/\/i0.wp.com\/cna.org.ar\/wp-content\/uploads\/2016\/06\/DSC3765.jpg?resize=1024%2C684&amp;ssl=1 1024w, https:\/\/i0.wp.com\/cna.org.ar\/wp-content\/uploads\/2016\/06\/DSC3765.jpg?resize=524%2C350&amp;ssl=1 524w, https:\/\/i0.wp.com\/cna.org.ar\/wp-content\/uploads\/2016\/06\/DSC3765.jpg?w=1618&amp;ssl=1 1618w\" sizes=\"auto, (max-width: 300px) 100vw, 300px\" \/>La\u00a0<strong>C\u00e1mara de Senadores\u00a0<\/strong>sancion\u00f3 por unanimidad de los presentes la adhesi\u00f3n a la ley \u00aben conmemoraci\u00f3n del genocidio del que fue v\u00edctima el pueblo armenio y con el esp\u00edritu de que\u00a0<strong>su memoria sea una lecci\u00f3n permanente sobre los pasos del presente y las metas de nuestro futuro<\/strong>\u00ab.<\/p>\n<p>El mismo martes 31 de mayo, el vicegobernador de Entre R\u00edos y presidente de la C\u00e1mara de Senadores,\u00a0<strong><a href=\"https:\/\/www.facebook.com\/adanbahl\/posts\/1155548367842402:0\" target=\"_blank\">Ad\u00e1n Humberto Bahl<\/a><\/strong>, junto al senador\u00a0<strong>Lucas Larrarte<\/strong>, presidente de la comisi\u00f3n de legislaci\u00f3n general de la C\u00e1mara, se reuni\u00f3 con\u00a0<strong>Nicol\u00e1s Sabuncuyan\u00a0<\/strong>y\u00a0<strong>Jorge Dolmadjian<\/strong>, directivos del Consejo Nacional Armenio de Sudam\u00e9rica.<\/p>\n<p>\u00abLa reuni\u00f3n fue sumamente positiva y descontamos que el Ejecutivo va a promulgar la ley.\u00a0<strong>Adem\u00e1s, este va a ser el inicio de un camino para trabajar de manera conjunta con la provincia las tem\u00e1ticas de derechos humanos en diferentes areas<\/strong>\u00ab, se\u00f1al\u00f3\u00a0<strong>Jorge Dolmadjian<\/strong>.<\/p>\n<p><a href=\"https:\/\/i0.wp.com\/cna.org.ar\/wp-content\/uploads\/2016\/06\/IMG_1992.jpg?ssl=1\"><img data-recalc-dims=\"1\" loading=\"lazy\" decoding=\"async\" class=\"alignright size-medium wp-image-4760\" src=\"https:\/\/i0.wp.com\/cna.org.ar\/wp-content\/uploads\/2016\/06\/IMG_1992.jpg?resize=300%2C200&#038;ssl=1\" alt=\"IMG_1992\" width=\"300\" height=\"200\" srcset=\"https:\/\/i0.wp.com\/cna.org.ar\/wp-content\/uploads\/2016\/06\/IMG_1992.jpg?resize=300%2C200&amp;ssl=1 300w, https:\/\/i0.wp.com\/cna.org.ar\/wp-content\/uploads\/2016\/06\/IMG_1992.jpg?resize=1024%2C683&amp;ssl=1 1024w, https:\/\/i0.wp.com\/cna.org.ar\/wp-content\/uploads\/2016\/06\/IMG_1992.jpg?resize=525%2C350&amp;ssl=1 525w, https:\/\/i0.wp.com\/cna.org.ar\/wp-content\/uploads\/2016\/06\/IMG_1992.jpg?w=2000&amp;ssl=1 2000w, https:\/\/i0.wp.com\/cna.org.ar\/wp-content\/uploads\/2016\/06\/IMG_1992.jpg?w=3000&amp;ssl=1 3000w\" sizes=\"auto, (max-width: 300px) 100vw, 300px\" \/><\/a>\u00abLa fecha del 24 de abril evoca el momento en que son arrestadas personas de origen armenio entre los que se encontraban l\u00edderes pol\u00edticos, religosos, artistas, intelectuales y personalidades p\u00fablicas. Eso respond\u00eda a un\u00a0<strong>plan sistem\u00e1tico del Estado turco\u00a0<\/strong>para evitar que aquellos que pod\u00edan alzar la voz denunciaran ante la comunidad internacional los hechos que sufr\u00edan\u00bb, declar\u00f3 el senador\u00a0<strong><a href=\"https:\/\/cna.org.ar\/?p=4764\" target=\"_blank\">Lucas Larrarte<\/a>\u00a0<\/strong>durante la votaci\u00f3n del proyecto. \u00ab<strong>Estos hechos encuadran t\u00edpicamente en la definici\u00f3n de &#8216;genocidio&#8217;<\/strong>\u00a0que contiene la Convenci\u00f3n sobre la Prevenci\u00f3n y Sanci\u00f3n del Delito de Genocidio y pese a ello, durante muchas d\u00e9cadas esta matanza estuvo silenciada en el contexto internacional\u00bb.<\/p>\n<p>\u00abHace no mucho tiempo se comunicaron conmigo representantes del Consejo Nacional Armenio solicit\u00e1ndome la posibilidad de tratar este proyecto y lo incorporamos al temario de la comisi\u00f3n\u00bb, agreg\u00f3\u00a0<strong>Larrarte<\/strong>.<\/p>\n<div>\n<div style=\"float: left;\">\n<iframe loading=\"lazy\" src=\"https:\/\/www.youtube.com\/embed\/mHDqxRA_YBc\" width=\"330\" height=\"186\" frameborder=\"0\" allowfullscreen=\"allowfullscreen\"><\/iframe>\n<\/div>\n<\/div>\n<p>El proyecto de ley (<a href=\"http:\/\/www.hcder.gov.ar\/consulta_exp_rta_uno.php?exp_numero=20783\">expediente N\u00ba 20.783<\/a>), hab\u00eda sido presentado el 30 de marzo de 2015 por la entonces diputada\u00a0<strong>Mar\u00eda Laura Stratta<\/strong>, quien ahora es Ministra de Desarrollo Social. El 12 de mayo de ese mismo a\u00f1o obtuvo la media sanci\u00f3n en la C\u00e1mara de Diputados de Entre R\u00edos. Entre los fundamentos, se menciona que \u00abel recuerdo del Genocidio Armenio interpela a la sociedad actual sobre las consecuencias que pueden generar la intolerancia y la discriminaci\u00f3n, e invita a reflexionar sobre el significado del respeto entre los pueblos y las personas y la importancia de una memoria activa y permanente contra la injusticia y la impunidad.<strong>El reconocimiento, el repudio y la denuncia son las bases para la prevenci\u00f3n de que este aberrante delito pueda volver a ocurrir<\/strong>\u00ab.<\/p>\n<p>\u00ab<strong>A 10 a\u00f1os de la sanci\u00f3n de la ley que puso a la Argentina en el primer lugar de la lucha por el reconocimiento del Genocidio Armenio, es muy importante que los representantes del pueblo de Entre R\u00edos hayan decidido sumarse a ese camino<\/strong>\u00ab, opin\u00f3\u00a0<strong>Nicol\u00e1s Sabuncuyan<\/strong>, director del Consejo Nacional Armenio de Buenos Aires, quien estuvo presente en el recinto durante la votaci\u00f3n junto a miembros de la C\u00e1tedra Libre Armenia de la Universidad Nacional de Rosario.<\/p>\n<p>La Ley 26.199, sancionada el 13 de diciembre de 2006 y promulgada el 11 de enero de 2007, invita, seg\u00fan el art\u00edculo 4\u00ba de la misma, a los gobiernos provinciales a \u00abadherir a las disposiciones de la presente ley\u00bb. As\u00ed, Entre R\u00edos se convierte en la 17\u00ba provincia en adherir a la ley de reconocimiento del genocidio.<\/p>\n<p>Fuente: Prensa Armenia<\/p>\n","protected":false},"excerpt":{"rendered":"<p>Art\u00edculo de Prensa Armenia\u00a0sobre la adhesi\u00f3n de la provincia de Entre R\u00edos a la ley nacional n\u00ba 26.199, que gener\u00f3 gran repercusi\u00f3n en medios provinciales, en medios de la comunidad armenia internacional y en los principales medios de armenia y Nagorno Karabaj, tanto p\u00fablicos como privados. La provincia de\u00a0Entre R\u00edos aprob\u00f3 hoy una ley de [&hellip;]<\/p>\n","protected":false},"author":1,"featured_media":4759,"comment_status":"closed","ping_status":"closed","sticky":false,"template":"","format":"standard","meta":{"site-sidebar-layout":"default","site-content-layout":"","ast-site-content-layout":"default","site-content-style":"default","site-sidebar-style":"default","ast-global-header-display":"","ast-banner-title-visibility":"","ast-main-header-display":"","ast-hfb-above-header-display":"","ast-hfb-below-header-display":"","ast-hfb-mobile-header-display":"","site-post-title":"","ast-breadcrumbs-content":"","ast-featured-img":"","footer-sml-layout":"","theme-transparent-header-meta":"","adv-header-id-meta":"","stick-header-meta":"","header-above-stick-meta":"","header-main-stick-meta":"","header-below-stick-meta":"","astra-migrate-meta-layouts":"default","ast-page-background-enabled":"default","ast-page-background-meta":{"desktop":{"background-color":"var(--ast-global-color-4)","background-image":"","background-repeat":"repeat","background-position":"center center","background-size":"auto","background-attachment":"scroll","background-type":"","background-media":"","overlay-type":"","overlay-color":"","overlay-opacity":"","overlay-gradient":""},"tablet":{"background-color":"","background-image":"","background-repeat":"repeat","background-position":"center center","background-size":"auto","background-attachment":"scroll","background-type":"","background-media":"","overlay-type":"","overlay-color":"","overlay-opacity":"","overlay-gradient":""},"mobile":{"background-color":"","background-image":"","background-repeat":"repeat","background-position":"center center","background-size":"auto","background-attachment":"scroll","background-type":"","background-media":"","overlay-type":"","overlay-color":"","overlay-opacity":"","overlay-gradient":""}},"ast-content-background-meta":{"desktop":{"background-color":"var(--ast-global-color-5)","background-image":"","background-repeat":"repeat","background-position":"center center","background-size":"auto","background-attachment":"scroll","background-type":"","background-media":"","overlay-type":"","overlay-color":"","overlay-opacity":"","overlay-gradient":""},"tablet":{"background-color":"var(--ast-global-color-5)","background-image":"","background-repeat":"repeat","background-position":"center center","background-size":"auto","background-attachment":"scroll","background-type":"","background-media":"","overlay-type":"","overlay-color":"","overlay-opacity":"","overlay-gradient":""},"mobile":{"background-color":"var(--ast-global-color-5)","background-image":"","background-repeat":"repeat","background-position":"center center","background-size":"auto","background-attachment":"scroll","background-type":"","background-media":"","overlay-type":"","overlay-color":"","overlay-opacity":"","overlay-gradient":""}},"_jetpack_memberships_contains_paid_content":false,"footnotes":""},"categories":[10,13],"tags":[24,16,25,34,17,18,321,28,11,12,245,14],"class_list":["post-4757","post","type-post","status-publish","format-standard","has-post-thumbnail","hentry","category-genocidio-armenio-2","category-reconicimientos-internacionales-del-genocidio-armenio","tag-argentina","tag-armenia-2","tag-armenios","tag-causa-armenia","tag-ddhh","tag-derechos-humanos","tag-entre-rios","tag-genocidio","tag-genocidio-armenio","tag-negacionismo","tag-reconocimiento","tag-reflexiones"],"jetpack_featured_media_url":"https:\/\/i0.wp.com\/cna.org.ar\/wp-content\/uploads\/2016\/06\/DSC3765.jpg?fit=1618%2C1080&ssl=1","jetpack_sharing_enabled":true,"_links":{"self":[{"href":"https:\/\/cna.org.ar\/index.php\/wp-json\/wp\/v2\/posts\/4757","targetHints":{"allow":["GET"]}}],"collection":[{"href":"https:\/\/cna.org.ar\/index.php\/wp-json\/wp\/v2\/posts"}],"about":[{"href":"https:\/\/cna.org.ar\/index.php\/wp-json\/wp\/v2\/types\/post"}],"author":[{"embeddable":true,"href":"https:\/\/cna.org.ar\/index.php\/wp-json\/wp\/v2\/users\/1"}],"replies":[{"embeddable":true,"href":"https:\/\/cna.org.ar\/index.php\/wp-json\/wp\/v2\/comments?post=4757"}],"version-history":[{"count":17,"href":"https:\/\/cna.org.ar\/index.php\/wp-json\/wp\/v2\/posts\/4757\/revisions"}],"predecessor-version":[{"id":4812,"href":"https:\/\/cna.org.ar\/index.php\/wp-json\/wp\/v2\/posts\/4757\/revisions\/4812"}],"wp:featuredmedia":[{"embeddable":true,"href":"https:\/\/cna.org.ar\/index.php\/wp-json\/wp\/v2\/media\/4759"}],"wp:attachment":[{"href":"https:\/\/cna.org.ar\/index.php\/wp-json\/wp\/v2\/media?parent=4757"}],"wp:term":[{"taxonomy":"category","embeddable":true,"href":"https:\/\/cna.org.ar\/index.php\/wp-json\/wp\/v2\/categories?post=4757"},{"taxonomy":"post_tag","embeddable":true,"href":"https:\/\/cna.org.ar\/index.php\/wp-json\/wp\/v2\/tags?post=4757"}],"curies":[{"name":"wp","href":"https:\/\/api.w.org\/{rel}","templated":true}]}}