{"id":4764,"date":"2016-06-02T18:40:13","date_gmt":"2016-06-02T18:40:13","guid":{"rendered":"http:\/\/cna.org.ar\/?p=4764"},"modified":"2016-06-02T18:40:13","modified_gmt":"2016-06-02T18:40:13","slug":"discurso-de-lucas-larrarte-antes-de-la-votacion-por-la-adhesion-de-entre-rios-a-la-ley-26-199","status":"publish","type":"post","link":"https:\/\/cna.org.ar\/index.php\/2016\/06\/02\/discurso-de-lucas-larrarte-antes-de-la-votacion-por-la-adhesion-de-entre-rios-a-la-ley-26-199\/","title":{"rendered":"Discurso de Lucas Larrarte antes de la votaci\u00f3n por la adhesion de Entre R\u00edos a la ley 26.199"},"content":{"rendered":"<p>Sr. presidente para hacer el correspondiente informe de la comisi\u00f3n de Legislaci\u00f3n general, donde fue tratado este proyecto, proyecto que fue iniciado en marzo de 2015 por quien ahora es Ministra de Desarrollo Social que por entonces era Senadora de la provincia, la compa\u00f1era Laura Stratta. Y lo hizo se\u00f1alando que el 24 de abril del a\u00f1o pasado se cumpl\u00edan 100 a\u00f1os del primer genocidio del siglo XX. Buscando un poco los antecedentes, encontr\u00e9 que hubo tambi\u00e9n un intento de adhesi\u00f3n en el a\u00f1o 2010 en la legislatura, desconozco los motivos de su fracaso. Hace no mucho tiempo se comunicaron conmigo representantes del Consejo Nacional Armenio solicit\u00e1ndome la posibilidad de tratar este proyecto. Lo incorporamos al temario de la comisi\u00f3n y al momento de ser tratado no recibi\u00f3 ning\u00fan tipo de reparo y de hecho tuvo aprobaci\u00f3n por unanimidad de los miembros de la comisi\u00f3n.<\/p>\n<p>Sr. Presidente, entre los a\u00f1os 1915 y 1923, 1.500.000 personas de origen armenio sufr\u00edan la masacre y la deportaci\u00f3n a manos del estado turco otomano, gener\u00e1ndose un circulo de violencia, de intolerancia y de dolor. La fecha del 24 de abril evoca el momento en que son arrestadas personas de origen armenio entre los que se encontraban l\u00edderes pol\u00edticos, religiosos, artistas, intelectuales y personalidades p\u00fablicas. Eso respond\u00eda a un plan sistem\u00e1tico del Estado turco para evitar que aquellos que pod\u00edan alzar la voz denunciaran ante la comunidad internacional los hechos que sufr\u00edan, y que sobrevendr\u00edan a ese momento, que eran m\u00e1s muertes y mas deportaciones que no distingu\u00edan entre ni\u00f1os, ancianos y mujeres quienes fallec\u00edan en sus marchas forzadas por el desierto.<\/p>\n<p>Estos hechos encuadran t\u00edpicamente en la definici\u00f3n de &#8216;genocidio&#8217; que contiene la Convenci\u00f3n sobre la Prevenci\u00f3n y Sanci\u00f3n del Delito de Genocidio y pese a ello, durante muchas d\u00e9cadas esta matanza estuvo silenciada en el contexto internacional. Reci\u00e9n en el a\u00f1o 1985 con participaci\u00f3n de nuestro pa\u00eds se logra que la ONU reconozca estos cr\u00edmenes de lesa humanidad. Para dentro de nuestras fronteras la legislatura nacional, el 13 de diciembre de 2006 sanciona la ley 26199 a la cual este proyecto propone adherir y que declara el 24 de abril como \u00abD\u00eda de Acci\u00f3n por la Tolerancia y Respeto entre los Pueblos\u00bb, precisamente en conmemoraci\u00f3n del genocidio del que fue v\u00edctima el Pueblo Armenio.<\/p>\n<p>El art\u00edculo cuarto de esta ley, invita a las provincias a adherir. Muchas ya lo hicieron, la nuestra aun no. Al menos hasta hoy, porque no tengo dudas de quienes estamos aqu\u00ed somos todos defensores de los Derechos Humanos y que vamos a ejecutar este acto legislativo sin abstenciones y sin votos en contra, con el voto a favor de todos los presentes, para transformar este proyecto en ley provincial.<\/p>\n<p>Lo vamos a hacer frente a representantes de la comunidad armenia que hoy participan de esta sesi\u00f3n y que han venido interesados en esta declaraci\u00f3n. Tal es as\u00ed, que voy a leer un p\u00e1rrafo de una comunicaci\u00f3n que han hecho desde la comunidad porque de alg\u00fan modo resume un poco de lo que se trata esta declaraci\u00f3n: \u00abel recuerdo del Genocidio Armenio interpela a la sociedad actual sobre las consecuencias que pueden generar la intolerancia y la discriminaci\u00f3n, e invita a reflexionar sobre el significado del respeto entre los pueblos y las personas y la importancia de una memoria activa y permanente contra la injusticia y la impunidad. El reconocimiento, el repudio y la denuncia son las bases para la prevenci\u00f3n de que este aberrante delito pueda volver a ocurrir\u00bb<\/p>\n","protected":false},"excerpt":{"rendered":"<p>Sr. presidente para hacer el correspondiente informe de la comisi\u00f3n de Legislaci\u00f3n general, donde fue tratado este proyecto, proyecto que fue iniciado en marzo de 2015 por quien ahora es Ministra de Desarrollo Social que por entonces era Senadora de la provincia, la compa\u00f1era Laura Stratta. Y lo hizo se\u00f1alando que el 24 de abril [&hellip;]<\/p>\n","protected":false},"author":1,"featured_media":0,"comment_status":"closed","ping_status":"closed","sticky":false,"template":"","format":"standard","meta":{"site-sidebar-layout":"default","site-content-layout":"","ast-site-content-layout":"default","site-content-style":"default","site-sidebar-style":"default","ast-global-header-display":"","ast-banner-title-visibility":"","ast-main-header-display":"","ast-hfb-above-header-display":"","ast-hfb-below-header-display":"","ast-hfb-mobile-header-display":"","site-post-title":"","ast-breadcrumbs-content":"","ast-featured-img":"","footer-sml-layout":"","theme-transparent-header-meta":"","adv-header-id-meta":"","stick-header-meta":"","header-above-stick-meta":"","header-main-stick-meta":"","header-below-stick-meta":"","astra-migrate-meta-layouts":"default","ast-page-background-enabled":"default","ast-page-background-meta":{"desktop":{"background-color":"var(--ast-global-color-4)","background-image":"","background-repeat":"repeat","background-position":"center center","background-size":"auto","background-attachment":"scroll","background-type":"","background-media":"","overlay-type":"","overlay-color":"","overlay-opacity":"","overlay-gradient":""},"tablet":{"background-color":"","background-image":"","background-repeat":"repeat","background-position":"center center","background-size":"auto","background-attachment":"scroll","background-type":"","background-media":"","overlay-type":"","overlay-color":"","overlay-opacity":"","overlay-gradient":""},"mobile":{"background-color":"","background-image":"","background-repeat":"repeat","background-position":"center center","background-size":"auto","background-attachment":"scroll","background-type":"","background-media":"","overlay-type":"","overlay-color":"","overlay-opacity":"","overlay-gradient":""}},"ast-content-background-meta":{"desktop":{"background-color":"var(--ast-global-color-5)","background-image":"","background-repeat":"repeat","background-position":"center center","background-size":"auto","background-attachment":"scroll","background-type":"","background-media":"","overlay-type":"","overlay-color":"","overlay-opacity":"","overlay-gradient":""},"tablet":{"background-color":"var(--ast-global-color-5)","background-image":"","background-repeat":"repeat","background-position":"center center","background-size":"auto","background-attachment":"scroll","background-type":"","background-media":"","overlay-type":"","overlay-color":"","overlay-opacity":"","overlay-gradient":""},"mobile":{"background-color":"var(--ast-global-color-5)","background-image":"","background-repeat":"repeat","background-position":"center center","background-size":"auto","background-attachment":"scroll","background-type":"","background-media":"","overlay-type":"","overlay-color":"","overlay-opacity":"","overlay-gradient":""}},"_jetpack_memberships_contains_paid_content":false,"footnotes":""},"categories":[1],"tags":[],"class_list":["post-4764","post","type-post","status-publish","format-standard","hentry","category-uncategorized"],"jetpack_featured_media_url":"","jetpack_sharing_enabled":true,"_links":{"self":[{"href":"https:\/\/cna.org.ar\/index.php\/wp-json\/wp\/v2\/posts\/4764","targetHints":{"allow":["GET"]}}],"collection":[{"href":"https:\/\/cna.org.ar\/index.php\/wp-json\/wp\/v2\/posts"}],"about":[{"href":"https:\/\/cna.org.ar\/index.php\/wp-json\/wp\/v2\/types\/post"}],"author":[{"embeddable":true,"href":"https:\/\/cna.org.ar\/index.php\/wp-json\/wp\/v2\/users\/1"}],"replies":[{"embeddable":true,"href":"https:\/\/cna.org.ar\/index.php\/wp-json\/wp\/v2\/comments?post=4764"}],"version-history":[{"count":1,"href":"https:\/\/cna.org.ar\/index.php\/wp-json\/wp\/v2\/posts\/4764\/revisions"}],"predecessor-version":[{"id":4765,"href":"https:\/\/cna.org.ar\/index.php\/wp-json\/wp\/v2\/posts\/4764\/revisions\/4765"}],"wp:attachment":[{"href":"https:\/\/cna.org.ar\/index.php\/wp-json\/wp\/v2\/media?parent=4764"}],"wp:term":[{"taxonomy":"category","embeddable":true,"href":"https:\/\/cna.org.ar\/index.php\/wp-json\/wp\/v2\/categories?post=4764"},{"taxonomy":"post_tag","embeddable":true,"href":"https:\/\/cna.org.ar\/index.php\/wp-json\/wp\/v2\/tags?post=4764"}],"curies":[{"name":"wp","href":"https:\/\/api.w.org\/{rel}","templated":true}]}}