{"id":4829,"date":"2016-06-24T13:42:30","date_gmt":"2016-06-24T13:42:30","guid":{"rendered":"http:\/\/cna.org.ar\/?p=4829"},"modified":"2016-06-24T13:42:30","modified_gmt":"2016-06-24T13:42:30","slug":"el-cna-se-reunio-con-el-embajador-de-alemania","status":"publish","type":"post","link":"https:\/\/cna.org.ar\/index.php\/2016\/06\/24\/el-cna-se-reunio-con-el-embajador-de-alemania\/","title":{"rendered":"El CNA se reuni\u00f3 con el Embajador de Alemania"},"content":{"rendered":"<p><a href=\"https:\/\/i0.wp.com\/cna.org.ar\/wp-content\/uploads\/2016\/06\/13501866_1148694061819821_6560727599791838714_n.jpg?ssl=1\"><img data-recalc-dims=\"1\" loading=\"lazy\" decoding=\"async\" class=\"alignleft size-medium wp-image-4830\" src=\"https:\/\/i0.wp.com\/cna.org.ar\/wp-content\/uploads\/2016\/06\/13501866_1148694061819821_6560727599791838714_n.jpg?resize=300%2C169&#038;ssl=1\" alt=\"13501866_1148694061819821_6560727599791838714_n\" width=\"300\" height=\"169\" srcset=\"https:\/\/i0.wp.com\/cna.org.ar\/wp-content\/uploads\/2016\/06\/13501866_1148694061819821_6560727599791838714_n.jpg?resize=300%2C169&amp;ssl=1 300w, https:\/\/i0.wp.com\/cna.org.ar\/wp-content\/uploads\/2016\/06\/13501866_1148694061819821_6560727599791838714_n.jpg?resize=620%2C350&amp;ssl=1 620w, https:\/\/i0.wp.com\/cna.org.ar\/wp-content\/uploads\/2016\/06\/13501866_1148694061819821_6560727599791838714_n.jpg?w=770&amp;ssl=1 770w\" sizes=\"auto, (max-width: 300px) 100vw, 300px\" \/><\/a>El 23 de junio el Embajador de la Rep\u00fablica Federal de Alemania en Argentina Bernhard Graf von Waldersee recibi\u00f3 a Alfonso Tabakian, director del CNA de Sudam\u00e9rica y a Nicol\u00e1s Sabuncuyan, director del CNA-Buenos Aires. El motivo de la visita fue manifestar el agradecimiento de nuestra organizaci\u00f3n al Estado alem\u00e1n por la resoluci\u00f3n N\u00b0 18\/8613 adoptada por el Parlamento Bundestag el 2 de junio, en la que reconoce oficialmente el Genocidio Armenio. El encuentro fue sumamente cordial y de inter\u00e9s para el desarrollo de los temas de la agenda la Causa Armenia.<\/p>\n<p>La resoluci\u00f3n, titulada \u201cMemoria y conmemoraci\u00f3n del genocidio de los armenios y otras minor\u00edas cristianas en 1915 y 1916\u2033, ha resultado para el CNA un aporte significativo en la lucha contra el negacionismo, por lo que las oficinas de todo el mundo han hecho llegar su mensaje a las delegaciones diplom\u00e1ticas.<\/p>\n","protected":false},"excerpt":{"rendered":"<p>El 23 de junio el Embajador de la Rep\u00fablica Federal de Alemania en Argentina Bernhard Graf von Waldersee recibi\u00f3 a Alfonso Tabakian, director del CNA de Sudam\u00e9rica y a Nicol\u00e1s Sabuncuyan, director del CNA-Buenos Aires. El motivo de la visita fue manifestar el agradecimiento de nuestra organizaci\u00f3n al Estado alem\u00e1n por la resoluci\u00f3n N\u00b0 18\/8613 [&hellip;]<\/p>\n","protected":false},"author":1,"featured_media":4830,"comment_status":"closed","ping_status":"closed","sticky":false,"template":"","format":"standard","meta":{"site-sidebar-layout":"default","site-content-layout":"","ast-site-content-layout":"default","site-content-style":"default","site-sidebar-style":"default","ast-global-header-display":"","ast-banner-title-visibility":"","ast-main-header-display":"","ast-hfb-above-header-display":"","ast-hfb-below-header-display":"","ast-hfb-mobile-header-display":"","site-post-title":"","ast-breadcrumbs-content":"","ast-featured-img":"","footer-sml-layout":"","theme-transparent-header-meta":"","adv-header-id-meta":"","stick-header-meta":"","header-above-stick-meta":"","header-main-stick-meta":"","header-below-stick-meta":"","astra-migrate-meta-layouts":"default","ast-page-background-enabled":"default","ast-page-background-meta":{"desktop":{"background-color":"var(--ast-global-color-4)","background-image":"","background-repeat":"repeat","background-position":"center center","background-size":"auto","background-attachment":"scroll","background-type":"","background-media":"","overlay-type":"","overlay-color":"","overlay-opacity":"","overlay-gradient":""},"tablet":{"background-color":"","background-image":"","background-repeat":"repeat","background-position":"center center","background-size":"auto","background-attachment":"scroll","background-type":"","background-media":"","overlay-type":"","overlay-color":"","overlay-opacity":"","overlay-gradient":""},"mobile":{"background-color":"","background-image":"","background-repeat":"repeat","background-position":"center center","background-size":"auto","background-attachment":"scroll","background-type":"","background-media":"","overlay-type":"","overlay-color":"","overlay-opacity":"","overlay-gradient":""}},"ast-content-background-meta":{"desktop":{"background-color":"var(--ast-global-color-5)","background-image":"","background-repeat":"repeat","background-position":"center center","background-size":"auto","background-attachment":"scroll","background-type":"","background-media":"","overlay-type":"","overlay-color":"","overlay-opacity":"","overlay-gradient":""},"tablet":{"background-color":"var(--ast-global-color-5)","background-image":"","background-repeat":"repeat","background-position":"center center","background-size":"auto","background-attachment":"scroll","background-type":"","background-media":"","overlay-type":"","overlay-color":"","overlay-opacity":"","overlay-gradient":""},"mobile":{"background-color":"var(--ast-global-color-5)","background-image":"","background-repeat":"repeat","background-position":"center center","background-size":"auto","background-attachment":"scroll","background-type":"","background-media":"","overlay-type":"","overlay-color":"","overlay-opacity":"","overlay-gradient":""}},"_jetpack_memberships_contains_paid_content":false,"footnotes":""},"categories":[3],"tags":[322,24,16,83,25,34,17,18,327,328,28,11,12,245],"class_list":["post-4829","post","type-post","status-publish","format-standard","has-post-thumbnail","hentry","category-actividades","tag-alemania","tag-argentina","tag-armenia-2","tag-armenio","tag-armenios","tag-causa-armenia","tag-ddhh","tag-derechos-humanos","tag-embajador","tag-embajador-aleman","tag-genocidio","tag-genocidio-armenio","tag-negacionismo","tag-reconocimiento"],"jetpack_featured_media_url":"https:\/\/i0.wp.com\/cna.org.ar\/wp-content\/uploads\/2016\/06\/13501866_1148694061819821_6560727599791838714_n.jpg?fit=770%2C433&ssl=1","jetpack_sharing_enabled":true,"_links":{"self":[{"href":"https:\/\/cna.org.ar\/index.php\/wp-json\/wp\/v2\/posts\/4829","targetHints":{"allow":["GET"]}}],"collection":[{"href":"https:\/\/cna.org.ar\/index.php\/wp-json\/wp\/v2\/posts"}],"about":[{"href":"https:\/\/cna.org.ar\/index.php\/wp-json\/wp\/v2\/types\/post"}],"author":[{"embeddable":true,"href":"https:\/\/cna.org.ar\/index.php\/wp-json\/wp\/v2\/users\/1"}],"replies":[{"embeddable":true,"href":"https:\/\/cna.org.ar\/index.php\/wp-json\/wp\/v2\/comments?post=4829"}],"version-history":[{"count":1,"href":"https:\/\/cna.org.ar\/index.php\/wp-json\/wp\/v2\/posts\/4829\/revisions"}],"predecessor-version":[{"id":4831,"href":"https:\/\/cna.org.ar\/index.php\/wp-json\/wp\/v2\/posts\/4829\/revisions\/4831"}],"wp:featuredmedia":[{"embeddable":true,"href":"https:\/\/cna.org.ar\/index.php\/wp-json\/wp\/v2\/media\/4830"}],"wp:attachment":[{"href":"https:\/\/cna.org.ar\/index.php\/wp-json\/wp\/v2\/media?parent=4829"}],"wp:term":[{"taxonomy":"category","embeddable":true,"href":"https:\/\/cna.org.ar\/index.php\/wp-json\/wp\/v2\/categories?post=4829"},{"taxonomy":"post_tag","embeddable":true,"href":"https:\/\/cna.org.ar\/index.php\/wp-json\/wp\/v2\/tags?post=4829"}],"curies":[{"name":"wp","href":"https:\/\/api.w.org\/{rel}","templated":true}]}}