{"id":4886,"date":"2016-07-04T17:02:00","date_gmt":"2016-07-04T17:02:00","guid":{"rendered":"http:\/\/cna.org.ar\/?p=4886"},"modified":"2016-07-04T17:02:00","modified_gmt":"2016-07-04T17:02:00","slug":"pesar-por-el-fallecimiento-de-elie-wiessel","status":"publish","type":"post","link":"https:\/\/cna.org.ar\/index.php\/2016\/07\/04\/pesar-por-el-fallecimiento-de-elie-wiessel\/","title":{"rendered":"Pesar por el fallecimiento de Elie Wiessel"},"content":{"rendered":"<p><a href=\"https:\/\/i0.wp.com\/cna.org.ar\/wp-content\/uploads\/2016\/07\/160702-elie-wiesel-mdl_71bebf88d39ad3725d41ed3226b58f20.nbcnews-ux-2880-1000.jpg?ssl=1\"><img data-recalc-dims=\"1\" loading=\"lazy\" decoding=\"async\" class=\"alignright size-medium wp-image-4887\" src=\"https:\/\/i0.wp.com\/cna.org.ar\/wp-content\/uploads\/2016\/07\/160702-elie-wiesel-mdl_71bebf88d39ad3725d41ed3226b58f20.nbcnews-ux-2880-1000.jpg?resize=300%2C194&#038;ssl=1\" alt=\"160702-elie-wiesel-mdl_71bebf88d39ad3725d41ed3226b58f20.nbcnews-ux-2880-1000\" width=\"300\" height=\"194\" srcset=\"https:\/\/i0.wp.com\/cna.org.ar\/wp-content\/uploads\/2016\/07\/160702-elie-wiesel-mdl_71bebf88d39ad3725d41ed3226b58f20.nbcnews-ux-2880-1000.jpg?resize=300%2C194&amp;ssl=1 300w, https:\/\/i0.wp.com\/cna.org.ar\/wp-content\/uploads\/2016\/07\/160702-elie-wiesel-mdl_71bebf88d39ad3725d41ed3226b58f20.nbcnews-ux-2880-1000.jpg?resize=1024%2C661&amp;ssl=1 1024w, https:\/\/i0.wp.com\/cna.org.ar\/wp-content\/uploads\/2016\/07\/160702-elie-wiesel-mdl_71bebf88d39ad3725d41ed3226b58f20.nbcnews-ux-2880-1000.jpg?resize=542%2C350&amp;ssl=1 542w, https:\/\/i0.wp.com\/cna.org.ar\/wp-content\/uploads\/2016\/07\/160702-elie-wiesel-mdl_71bebf88d39ad3725d41ed3226b58f20.nbcnews-ux-2880-1000.jpg?w=1549&amp;ssl=1 1549w\" sizes=\"auto, (max-width: 300px) 100vw, 300px\" \/><\/a>A dos d\u00edas del fallecimiento de Elie Wiessel, Premio Nobel de la Paz, recordamos estas l\u00edneas de\u00a0<a href=\"https:\/\/cna.org.ar\/index.php\/el-genocidio-silenciado\/\">\u00abEl Genocidio Silenciado. Holocausto del Pueblo Armenio\u00bb<\/a> del escritor S\u00falim Granovsky,<\/p>\n<p><strong><em><b><i>\u201c<\/i><\/b><\/em><\/strong><em><i>En 1982 se program\u00f3 un Congreso en Tel Aviv sobre el Holocausto, la Shoa. El gobierno turco hab\u00eda pedido que no se incluyera material alguno sobre la matanza de armenios en Turqu\u00eda. Esta petici\u00f3n encontr\u00f3 eco en el entonces ministro de Asuntos Exteriores de Israel, Shimon Peres, que sostuvo que esa inclusi\u00f3n efectivamente podr\u00eda perjudicar las relaciones turco-israel\u00edes. En total desacuerdo con esa postura, \u00a0Elie Wiessel\u00a0 -un sobreviviente de Auschwitz- \u00a0\u00a0se retir\u00f3 del Congreso.\u201d<\/i><\/em><\/p>\n","protected":false},"excerpt":{"rendered":"<p>A dos d\u00edas del fallecimiento de Elie Wiessel, Premio Nobel de la Paz, recordamos estas l\u00edneas de\u00a0\u00abEl Genocidio Silenciado. Holocausto del Pueblo Armenio\u00bb del escritor S\u00falim Granovsky, \u201cEn 1982 se program\u00f3 un Congreso en Tel Aviv sobre el Holocausto, la Shoa. El gobierno turco hab\u00eda pedido que no se incluyera material alguno sobre la matanza [&hellip;]<\/p>\n","protected":false},"author":1,"featured_media":4887,"comment_status":"closed","ping_status":"closed","sticky":false,"template":"","format":"standard","meta":{"site-sidebar-layout":"default","site-content-layout":"","ast-site-content-layout":"default","site-content-style":"default","site-sidebar-style":"default","ast-global-header-display":"","ast-banner-title-visibility":"","ast-main-header-display":"","ast-hfb-above-header-display":"","ast-hfb-below-header-display":"","ast-hfb-mobile-header-display":"","site-post-title":"","ast-breadcrumbs-content":"","ast-featured-img":"","footer-sml-layout":"","theme-transparent-header-meta":"","adv-header-id-meta":"","stick-header-meta":"","header-above-stick-meta":"","header-main-stick-meta":"","header-below-stick-meta":"","astra-migrate-meta-layouts":"default","ast-page-background-enabled":"default","ast-page-background-meta":{"desktop":{"background-color":"var(--ast-global-color-4)","background-image":"","background-repeat":"repeat","background-position":"center center","background-size":"auto","background-attachment":"scroll","background-type":"","background-media":"","overlay-type":"","overlay-color":"","overlay-opacity":"","overlay-gradient":""},"tablet":{"background-color":"","background-image":"","background-repeat":"repeat","background-position":"center center","background-size":"auto","background-attachment":"scroll","background-type":"","background-media":"","overlay-type":"","overlay-color":"","overlay-opacity":"","overlay-gradient":""},"mobile":{"background-color":"","background-image":"","background-repeat":"repeat","background-position":"center center","background-size":"auto","background-attachment":"scroll","background-type":"","background-media":"","overlay-type":"","overlay-color":"","overlay-opacity":"","overlay-gradient":""}},"ast-content-background-meta":{"desktop":{"background-color":"var(--ast-global-color-5)","background-image":"","background-repeat":"repeat","background-position":"center center","background-size":"auto","background-attachment":"scroll","background-type":"","background-media":"","overlay-type":"","overlay-color":"","overlay-opacity":"","overlay-gradient":""},"tablet":{"background-color":"var(--ast-global-color-5)","background-image":"","background-repeat":"repeat","background-position":"center center","background-size":"auto","background-attachment":"scroll","background-type":"","background-media":"","overlay-type":"","overlay-color":"","overlay-opacity":"","overlay-gradient":""},"mobile":{"background-color":"var(--ast-global-color-5)","background-image":"","background-repeat":"repeat","background-position":"center center","background-size":"auto","background-attachment":"scroll","background-type":"","background-media":"","overlay-type":"","overlay-color":"","overlay-opacity":"","overlay-gradient":""}},"_jetpack_memberships_contains_paid_content":false,"footnotes":""},"categories":[5],"tags":[16,83,25,34,17,18,330,28,11,332,12,329,245,249,331,22,23],"class_list":["post-4886","post","type-post","status-publish","format-standard","has-post-thumbnail","hentry","category-sin-categoria","tag-armenia-2","tag-armenio","tag-armenios","tag-causa-armenia","tag-ddhh","tag-derechos-humanos","tag-elie-wiessel","tag-genocidio","tag-genocidio-armenio","tag-holocausto","tag-negacionismo","tag-premio-nobel-de-la-paz","tag-reconocimiento","tag-shoa","tag-sobreviviente","tag-turkey","tag-turquia"],"jetpack_featured_media_url":"https:\/\/i0.wp.com\/cna.org.ar\/wp-content\/uploads\/2016\/07\/160702-elie-wiesel-mdl_71bebf88d39ad3725d41ed3226b58f20.nbcnews-ux-2880-1000.jpg?fit=1549%2C1000&ssl=1","jetpack_sharing_enabled":true,"_links":{"self":[{"href":"https:\/\/cna.org.ar\/index.php\/wp-json\/wp\/v2\/posts\/4886","targetHints":{"allow":["GET"]}}],"collection":[{"href":"https:\/\/cna.org.ar\/index.php\/wp-json\/wp\/v2\/posts"}],"about":[{"href":"https:\/\/cna.org.ar\/index.php\/wp-json\/wp\/v2\/types\/post"}],"author":[{"embeddable":true,"href":"https:\/\/cna.org.ar\/index.php\/wp-json\/wp\/v2\/users\/1"}],"replies":[{"embeddable":true,"href":"https:\/\/cna.org.ar\/index.php\/wp-json\/wp\/v2\/comments?post=4886"}],"version-history":[{"count":2,"href":"https:\/\/cna.org.ar\/index.php\/wp-json\/wp\/v2\/posts\/4886\/revisions"}],"predecessor-version":[{"id":4889,"href":"https:\/\/cna.org.ar\/index.php\/wp-json\/wp\/v2\/posts\/4886\/revisions\/4889"}],"wp:featuredmedia":[{"embeddable":true,"href":"https:\/\/cna.org.ar\/index.php\/wp-json\/wp\/v2\/media\/4887"}],"wp:attachment":[{"href":"https:\/\/cna.org.ar\/index.php\/wp-json\/wp\/v2\/media?parent=4886"}],"wp:term":[{"taxonomy":"category","embeddable":true,"href":"https:\/\/cna.org.ar\/index.php\/wp-json\/wp\/v2\/categories?post=4886"},{"taxonomy":"post_tag","embeddable":true,"href":"https:\/\/cna.org.ar\/index.php\/wp-json\/wp\/v2\/tags?post=4886"}],"curies":[{"name":"wp","href":"https:\/\/api.w.org\/{rel}","templated":true}]}}