{"id":4895,"date":"2016-07-11T14:10:56","date_gmt":"2016-07-11T14:10:56","guid":{"rendered":"http:\/\/cna.org.ar\/?p=4895"},"modified":"2016-07-11T14:10:56","modified_gmt":"2016-07-11T14:10:56","slug":"el-equipo-de-educacion-del-cna-en-armenia","status":"publish","type":"post","link":"https:\/\/cna.org.ar\/index.php\/2016\/07\/11\/el-equipo-de-educacion-del-cna-en-armenia\/","title":{"rendered":"El equipo de Educaci\u00f3n del CNA en Armenia"},"content":{"rendered":"<p><a href=\"https:\/\/i0.wp.com\/cna.org.ar\/wp-content\/uploads\/2016\/07\/WhatsApp-Image-20160704-1.jpeg?ssl=1\"><img data-recalc-dims=\"1\" loading=\"lazy\" decoding=\"async\" class=\"alignleft size-medium wp-image-4896\" src=\"https:\/\/i0.wp.com\/cna.org.ar\/wp-content\/uploads\/2016\/07\/WhatsApp-Image-20160704-1.jpeg?resize=225%2C300&#038;ssl=1\" alt=\"WhatsApp-Image-20160704 (1)\" width=\"225\" height=\"300\" srcset=\"https:\/\/i0.wp.com\/cna.org.ar\/wp-content\/uploads\/2016\/07\/WhatsApp-Image-20160704-1.jpeg?resize=225%2C300&amp;ssl=1 225w, https:\/\/i0.wp.com\/cna.org.ar\/wp-content\/uploads\/2016\/07\/WhatsApp-Image-20160704-1.jpeg?resize=768%2C1024&amp;ssl=1 768w, https:\/\/i0.wp.com\/cna.org.ar\/wp-content\/uploads\/2016\/07\/WhatsApp-Image-20160704-1.jpeg?resize=263%2C350&amp;ssl=1 263w, https:\/\/i0.wp.com\/cna.org.ar\/wp-content\/uploads\/2016\/07\/WhatsApp-Image-20160704-1.jpeg?w=960&amp;ssl=1 960w\" sizes=\"auto, (max-width: 225px) 100vw, 225px\" \/><\/a>Elizabeth Rizian, del <a href=\"https:\/\/cna.org.ar\/index.php\/equipo-de-educacion\/\">Equipo de Educuaci\u00f3n del Consejo Nacional Armenio<\/a>, viaj\u00f3 a Armenia durante la visita del papa Francisco. En su recorrido entreg\u00f3 ejemplares de \u00abGenocidio Armenio. Preguntas, respuestas y propuestas para su ense\u00f1anza\u00bb, material did\u00e1ctico elaborado en el 2015 por el Ministerio de Educaci\u00f3n de la Naci\u00f3n junto al Equipo de Educaci\u00f3n del Consejo Nacional Armenio. Se entregaron ejemplares a <a href=\"https:\/\/www.facebook.com\/pages\/Eghishe-Charents-Museum\/580103525344376\" data-hovercard=\"\/ajax\/hovercard\/page.php?id=580103525344376&amp;extragetparams=%7B%22directed_target_id%22%3A0%7D\">Eghishe Charents Museum<\/a>, al <a href=\"https:\/\/www.facebook.com\/genocide.museum.am\/\" data-hovercard=\"\/ajax\/hovercard\/page.php?id=179619225383586&amp;extragetparams=%7B%22directed_target_id%22%3A0%7D\">Armenian Genocide Museum &amp; Institute<\/a>, al Colegio Nro 76 Argentino -Armenio y al Sr. Gonzalo Urriolabeitia, Embajador Embajada Argentina en Armenia<br \/>\nTambi\u00e9n se entregaron ejemplares en algunos centros culturales como Artbrigde souvenirs y The Club restaurant.<\/p>\n<p>El material editado en el marco del Centenario del Genocidio Armenio refleja el compromiso llevado a cabo por m\u00e1s de una d\u00e9cada en desarrollar pol\u00edticas educativas que aborden la tem\u00e1tica de la Memoria en la escuela.<\/p>\n<p><a href=\"https:\/\/i0.wp.com\/cna.org.ar\/wp-content\/uploads\/2016\/07\/70d2c14f-eca9-45de-b0d5-6867607b0323.jpg?ssl=1\"><img data-recalc-dims=\"1\" loading=\"lazy\" decoding=\"async\" class=\"alignright size-medium wp-image-4897\" src=\"https:\/\/i0.wp.com\/cna.org.ar\/wp-content\/uploads\/2016\/07\/70d2c14f-eca9-45de-b0d5-6867607b0323.jpg?resize=225%2C300&#038;ssl=1\" alt=\"70d2c14f-eca9-45de-b0d5-6867607b0323\" width=\"225\" height=\"300\" srcset=\"https:\/\/i0.wp.com\/cna.org.ar\/wp-content\/uploads\/2016\/07\/70d2c14f-eca9-45de-b0d5-6867607b0323.jpg?resize=225%2C300&amp;ssl=1 225w, https:\/\/i0.wp.com\/cna.org.ar\/wp-content\/uploads\/2016\/07\/70d2c14f-eca9-45de-b0d5-6867607b0323.jpg?resize=768%2C1024&amp;ssl=1 768w, https:\/\/i0.wp.com\/cna.org.ar\/wp-content\/uploads\/2016\/07\/70d2c14f-eca9-45de-b0d5-6867607b0323.jpg?resize=263%2C350&amp;ssl=1 263w, https:\/\/i0.wp.com\/cna.org.ar\/wp-content\/uploads\/2016\/07\/70d2c14f-eca9-45de-b0d5-6867607b0323.jpg?w=960&amp;ssl=1 960w\" sizes=\"auto, (max-width: 225px) 100vw, 225px\" \/><\/a>Nos parece de suma importancia que este material did\u00e1ctico para trabajar el tema del Genocidio Armenio en las escuelas de todo el pa\u00eds, pueda llegar a manos de los docentes interesados, investigadores, \u00e1mbitos acad\u00e9micos organizaciones de la sociedad civil y que quede como material de consulta en bibliotecas barriales y escolares.<\/p>\n<p>Para acceder a este material, pueden comunicarse con nosotros a cna@cna.org.ar o pueden descargarlo en la p\u00e1gina del ministerio:<br \/>\n<a href=\"http:\/\/repositorio.educacion.gov.ar:8080\/dspace\/bitstream\/handle\/123456789\/110245\/Genocidio%20armenio.%20Preguntas%20respuestas%20y%20propuestas%20para%20su%20ense%C3%B1anza.pdf?sequence=2\" target=\"_blank\" rel=\"nofollow nofollow\">http:\/\/<wbr \/>repositorio.educacion.gov.a<wbr \/>r:8080\/dspace\/bitstream\/<wbr \/>handle\/123456789\/110245\/<wbr \/>Genocidio%20armenio.%20Preg<wbr \/>untas%20respuestas%20y%20p<wbr \/>ropuestas%20para%20su%20en<wbr \/>se\u00f1anza.pdf?sequence=2<\/a><\/p>\n","protected":false},"excerpt":{"rendered":"<p>Elizabeth Rizian, del Equipo de Educuaci\u00f3n del Consejo Nacional Armenio, viaj\u00f3 a Armenia durante la visita del papa Francisco. En su recorrido entreg\u00f3 ejemplares de \u00abGenocidio Armenio. Preguntas, respuestas y propuestas para su ense\u00f1anza\u00bb, material did\u00e1ctico elaborado en el 2015 por el Ministerio de Educaci\u00f3n de la Naci\u00f3n junto al Equipo de Educaci\u00f3n del Consejo [&hellip;]<\/p>\n","protected":false},"author":1,"featured_media":4898,"comment_status":"closed","ping_status":"closed","sticky":false,"template":"","format":"standard","meta":{"site-sidebar-layout":"default","site-content-layout":"","ast-site-content-layout":"default","site-content-style":"default","site-sidebar-style":"default","ast-global-header-display":"","ast-banner-title-visibility":"","ast-main-header-display":"","ast-hfb-above-header-display":"","ast-hfb-below-header-display":"","ast-hfb-mobile-header-display":"","site-post-title":"","ast-breadcrumbs-content":"","ast-featured-img":"","footer-sml-layout":"","theme-transparent-header-meta":"","adv-header-id-meta":"","stick-header-meta":"","header-above-stick-meta":"","header-main-stick-meta":"","header-below-stick-meta":"","astra-migrate-meta-layouts":"default","ast-page-background-enabled":"default","ast-page-background-meta":{"desktop":{"background-color":"var(--ast-global-color-4)","background-image":"","background-repeat":"repeat","background-position":"center center","background-size":"auto","background-attachment":"scroll","background-type":"","background-media":"","overlay-type":"","overlay-color":"","overlay-opacity":"","overlay-gradient":""},"tablet":{"background-color":"","background-image":"","background-repeat":"repeat","background-position":"center center","background-size":"auto","background-attachment":"scroll","background-type":"","background-media":"","overlay-type":"","overlay-color":"","overlay-opacity":"","overlay-gradient":""},"mobile":{"background-color":"","background-image":"","background-repeat":"repeat","background-position":"center center","background-size":"auto","background-attachment":"scroll","background-type":"","background-media":"","overlay-type":"","overlay-color":"","overlay-opacity":"","overlay-gradient":""}},"ast-content-background-meta":{"desktop":{"background-color":"var(--ast-global-color-5)","background-image":"","background-repeat":"repeat","background-position":"center center","background-size":"auto","background-attachment":"scroll","background-type":"","background-media":"","overlay-type":"","overlay-color":"","overlay-opacity":"","overlay-gradient":""},"tablet":{"background-color":"var(--ast-global-color-5)","background-image":"","background-repeat":"repeat","background-position":"center center","background-size":"auto","background-attachment":"scroll","background-type":"","background-media":"","overlay-type":"","overlay-color":"","overlay-opacity":"","overlay-gradient":""},"mobile":{"background-color":"var(--ast-global-color-5)","background-image":"","background-repeat":"repeat","background-position":"center center","background-size":"auto","background-attachment":"scroll","background-type":"","background-media":"","overlay-type":"","overlay-color":"","overlay-opacity":"","overlay-gradient":""}},"_jetpack_memberships_contains_paid_content":false,"footnotes":""},"categories":[33,38],"tags":[24,16,83,25,34,17,18,36,28,11,259,12,245],"class_list":["post-4895","post","type-post","status-publish","format-standard","has-post-thumbnail","hentry","category-acteduc","category-areaeduc","tag-argentina","tag-armenia-2","tag-armenio","tag-armenios","tag-causa-armenia","tag-ddhh","tag-derechos-humanos","tag-educacion-2","tag-genocidio","tag-genocidio-armenio","tag-justicia","tag-negacionismo","tag-reconocimiento"],"jetpack_featured_media_url":"https:\/\/i0.wp.com\/cna.org.ar\/wp-content\/uploads\/2016\/07\/WhatsApp-Image-20160704.jpeg?fit=1280%2C1280&ssl=1","jetpack_sharing_enabled":true,"_links":{"self":[{"href":"https:\/\/cna.org.ar\/index.php\/wp-json\/wp\/v2\/posts\/4895","targetHints":{"allow":["GET"]}}],"collection":[{"href":"https:\/\/cna.org.ar\/index.php\/wp-json\/wp\/v2\/posts"}],"about":[{"href":"https:\/\/cna.org.ar\/index.php\/wp-json\/wp\/v2\/types\/post"}],"author":[{"embeddable":true,"href":"https:\/\/cna.org.ar\/index.php\/wp-json\/wp\/v2\/users\/1"}],"replies":[{"embeddable":true,"href":"https:\/\/cna.org.ar\/index.php\/wp-json\/wp\/v2\/comments?post=4895"}],"version-history":[{"count":1,"href":"https:\/\/cna.org.ar\/index.php\/wp-json\/wp\/v2\/posts\/4895\/revisions"}],"predecessor-version":[{"id":4899,"href":"https:\/\/cna.org.ar\/index.php\/wp-json\/wp\/v2\/posts\/4895\/revisions\/4899"}],"wp:featuredmedia":[{"embeddable":true,"href":"https:\/\/cna.org.ar\/index.php\/wp-json\/wp\/v2\/media\/4898"}],"wp:attachment":[{"href":"https:\/\/cna.org.ar\/index.php\/wp-json\/wp\/v2\/media?parent=4895"}],"wp:term":[{"taxonomy":"category","embeddable":true,"href":"https:\/\/cna.org.ar\/index.php\/wp-json\/wp\/v2\/categories?post=4895"},{"taxonomy":"post_tag","embeddable":true,"href":"https:\/\/cna.org.ar\/index.php\/wp-json\/wp\/v2\/tags?post=4895"}],"curies":[{"name":"wp","href":"https:\/\/api.w.org\/{rel}","templated":true}]}}