{"id":4973,"date":"2016-09-14T15:50:41","date_gmt":"2016-09-14T15:50:41","guid":{"rendered":"http:\/\/cna.org.ar\/?p=4973"},"modified":"2016-09-14T17:28:21","modified_gmt":"2016-09-14T17:28:21","slug":"el-capitulo-de-zamba-sobre-memoria-y-genocidios-obtuvo-un-martin-fierro-de-cable","status":"publish","type":"post","link":"https:\/\/cna.org.ar\/index.php\/2016\/09\/14\/el-capitulo-de-zamba-sobre-memoria-y-genocidios-obtuvo-un-martin-fierro-de-cable\/","title":{"rendered":"El cap\u00edtulo de Zamba sobre memoria y genocidios obtuvo un Mart\u00edn Fierro de Cable"},"content":{"rendered":"<p><img data-recalc-dims=\"1\" decoding=\"async\" class=\" alignleft\" src=\"https:\/\/i0.wp.com\/2.bp.blogspot.com\/-71Y1NA8PRCc\/V9hAf7qx2tI\/AAAAAAAACMQ\/fiJev3ZRRakl0_RUF7p22NP96yQHi6_zQCLcB\/s320\/14369965_1163864353659334_3930550392581942370_n.png?ssl=1\" alt=\"\" \/>El <a href=\"https:\/\/www.youtube.com\/watch?v=MaxGOK7H3C4\">cap\u00edtulo<\/a> \u00ab<b>La asombrosa clase de Zamba sobre la Memoria<\/b>\u00bb de la se\u00f1al PakaPaka obtuvo ayer un premio <b>Mart\u00edn Fierro de cable en la categor\u00eda Infantil\/Juvenil<\/b>. El cap\u00edtulo distinguido por APTRA, que relata el recorrido de <b>Zamba <\/b>por los distintos genocidios del siglo XX, hab\u00eda sido\u00a0<a href=\"http:\/\/www.prensaarmenia.com.ar\/2015\/11\/pakapaka-estrena-un-capitulo-de-zamba.html\">estrenado<\/a> por el Ministerio de Educaci\u00f3n en noviembre de 2015.<\/p>\n<p>El camino comienza con <b>Ana Frank<\/b>, en \u00c1msterdam, para luego ir al Monte Ararat y conocer al poeta armenio <b>Vahan Tekey\u00e1n<\/b>. Luego, Zamba y sus amigos se encuentran con la l\u00edder ind\u00edgena <b>Rigoberta Mench\u00fa<\/b>, en Guatemala, y finalmente a <b>Immacul\u00e9 Llibagiza<\/b>, una joven tutsi durante el genocidio de Ruanda.<\/p>\n<p>\u00ab<b>Zamba molesta a algunos sectores del pensamiento de Argentina<\/b>\u00ab, hab\u00eda dicho\u00a0<b>Alberto Sileoni<\/b>, el entonces ministro de Educaci\u00f3n, durante el estreno del episodio en noviembre, previo a la <a href=\"https:\/\/cna.org.ar\/index.php\/2015\/11\/20\/el-ministerio-de-educacion-de-la-nacion-presento-un-libro-para-la-ensenanza-del-genocidio-armenio\/\">presentaci\u00f3n<\/a> de un <a href=\"http:\/\/repositorio.educacion.gov.ar:8080\/dspace\/bitstream\/handle\/123456789\/110245\/Genocidio%20armenio.%20Preguntas%20respuestas%20y%20propuestas%20para%20su%20ense%C3%B1anza.pdf?sequence=2\">libro de ense\u00f1anza de Genocidio Armenio<\/a> publicado en conjunto con la Fundaci\u00f3n Consejo Nacional Armenio de Sudam\u00e9rica para la Defensa de los Derechos Humanos. \u00abNo es cierto que los productos que les acercamos a nuestros hijos tengan que eliminar la complejidad. Hay un modo y una edad para presentarlos\u00bb.<\/p>\n<p><a href=\"https:\/\/i0.wp.com\/1.bp.blogspot.com\/-x-b5BnEyMz4\/V9g_66i2qLI\/AAAAAAAACMM\/FMBEjn5YwwgjgWQAZHDnT1Cqd2lBVoizQCLcB\/s1600\/2016-09-13_135218.jpg?ssl=1\"><img data-recalc-dims=\"1\" loading=\"lazy\" decoding=\"async\" class=\" alignright\" src=\"https:\/\/i0.wp.com\/1.bp.blogspot.com\/-x-b5BnEyMz4\/V9g_66i2qLI\/AAAAAAAACMM\/FMBEjn5YwwgjgWQAZHDnT1Cqd2lBVoizQCLcB\/s320\/2016-09-13_135218.jpg?resize=320%2C178&#038;ssl=1\" alt=\"\" width=\"320\" height=\"178\" border=\"0\" \/><\/a>\u00ab<b>Vamos a recordar a todos, porque todos son nuestros muertos<\/b>\u00ab, planteaba\u00a0<b>Sileoni<\/b>. \u00abNo hay muertos que est\u00e1n m\u00e1s cerca de nuestros corazones. Vahan Tekeyan est\u00e1 cerca del coraz\u00f3n de la comunidad armenia, y Ana Frank est\u00e1 cerca de la comunidad jud\u00eda e Inmaculee est\u00e1 cerca de una comunidad que conocemos menos y Rigoberta es nuestra.\u00a0 La educaci\u00f3n tambi\u00e9n debe promover que todos esos muertos tengan el mismo status, que tengan la misma categor\u00eda, que nos salga hablar de ellos del mismo modo en que se habla de los conocidos.\u00a0Cuando esto lo hagamos en todas las escuelas habremos dado un paso extraordinario\u00bb.<\/p>\n<p>D\u00edas atr\u00e1s, Sileoni escribi\u00f3 una <a href=\"http:\/\/Forzar las palabras supone un ejercicio de violencia simb\u00f3lica m\u00e1s sutil pero igual de efectivo y doloroso, y corresponde a los que ejercen las m\u00e1s altas responsabilidades institucionales estar atentos en la b\u00fasqueda de la verdad. A esta altura sabemos que la derecha denomina autoritarios a los gobiernos que sostienen convicciones a favor de los que menos tienen; los gobiernos d\u00e9biles son m\u00e1s f\u00e1ciles de manipular.\">nota de opini\u00f3n<\/a> que fue publicada en P\u00e1gina 12 en la que afirma que \u00abLa ense\u00f1anza de los temas relacionados con la memoria requiere una pedagog\u00eda espec\u00edfica por su evidente complejidad. En estos tiempos debemos ser m\u00e1s firmes en esa trasmisi\u00f3n, ya que algunos sectores nost\u00e1lgicos observan con entusiasmo el retorno de un clima propicio para reposicionar las peores interpretaciones sobre el pasado reciente\u00bb.<\/p>\n<p>Fuente: <a href=\"http:\/\/www.prensaarmenia.com.ar\/2016\/09\/el-capitulo-de-zamba-sobre-memoria-y.html\">Agencia Prensa Armenia<\/a> y elaboraci\u00f3n propia.<\/p>\n","protected":false},"excerpt":{"rendered":"<p>El cap\u00edtulo \u00abLa asombrosa clase de Zamba sobre la Memoria\u00bb de la se\u00f1al PakaPaka obtuvo ayer un premio Mart\u00edn Fierro de cable en la categor\u00eda Infantil\/Juvenil. El cap\u00edtulo distinguido por APTRA, que relata el recorrido de Zamba por los distintos genocidios del siglo XX, hab\u00eda sido\u00a0estrenado por el Ministerio de Educaci\u00f3n en noviembre de 2015. [&hellip;]<\/p>\n","protected":false},"author":1,"featured_media":4975,"comment_status":"closed","ping_status":"closed","sticky":false,"template":"","format":"standard","meta":{"site-sidebar-layout":"default","site-content-layout":"","ast-site-content-layout":"default","site-content-style":"default","site-sidebar-style":"default","ast-global-header-display":"","ast-banner-title-visibility":"","ast-main-header-display":"","ast-hfb-above-header-display":"","ast-hfb-below-header-display":"","ast-hfb-mobile-header-display":"","site-post-title":"","ast-breadcrumbs-content":"","ast-featured-img":"","footer-sml-layout":"","theme-transparent-header-meta":"","adv-header-id-meta":"","stick-header-meta":"","header-above-stick-meta":"","header-main-stick-meta":"","header-below-stick-meta":"","astra-migrate-meta-layouts":"default","ast-page-background-enabled":"default","ast-page-background-meta":{"desktop":{"background-color":"var(--ast-global-color-4)","background-image":"","background-repeat":"repeat","background-position":"center center","background-size":"auto","background-attachment":"scroll","background-type":"","background-media":"","overlay-type":"","overlay-color":"","overlay-opacity":"","overlay-gradient":""},"tablet":{"background-color":"","background-image":"","background-repeat":"repeat","background-position":"center center","background-size":"auto","background-attachment":"scroll","background-type":"","background-media":"","overlay-type":"","overlay-color":"","overlay-opacity":"","overlay-gradient":""},"mobile":{"background-color":"","background-image":"","background-repeat":"repeat","background-position":"center center","background-size":"auto","background-attachment":"scroll","background-type":"","background-media":"","overlay-type":"","overlay-color":"","overlay-opacity":"","overlay-gradient":""}},"ast-content-background-meta":{"desktop":{"background-color":"var(--ast-global-color-5)","background-image":"","background-repeat":"repeat","background-position":"center center","background-size":"auto","background-attachment":"scroll","background-type":"","background-media":"","overlay-type":"","overlay-color":"","overlay-opacity":"","overlay-gradient":""},"tablet":{"background-color":"var(--ast-global-color-5)","background-image":"","background-repeat":"repeat","background-position":"center center","background-size":"auto","background-attachment":"scroll","background-type":"","background-media":"","overlay-type":"","overlay-color":"","overlay-opacity":"","overlay-gradient":""},"mobile":{"background-color":"var(--ast-global-color-5)","background-image":"","background-repeat":"repeat","background-position":"center center","background-size":"auto","background-attachment":"scroll","background-type":"","background-media":"","overlay-type":"","overlay-color":"","overlay-opacity":"","overlay-gradient":""}},"_jetpack_memberships_contains_paid_content":false,"footnotes":""},"categories":[3,33,38,1],"tags":[24,16,25,34,17,18,28,11,307,350,14,56,247],"class_list":["post-4973","post","type-post","status-publish","format-standard","has-post-thumbnail","hentry","category-actividades","category-acteduc","category-areaeduc","category-uncategorized","tag-argentina","tag-armenia-2","tag-armenios","tag-causa-armenia","tag-ddhh","tag-derechos-humanos","tag-genocidio","tag-genocidio-armenio","tag-genocidios","tag-la-asombrosa-clase-de-zamba-sobre-la-memoria","tag-reflexiones","tag-sileoni","tag-zamba"],"jetpack_featured_media_url":"https:\/\/i0.wp.com\/cna.org.ar\/wp-content\/uploads\/2016\/09\/Zamba-portada-nota.png?fit=283%2C235&ssl=1","jetpack_sharing_enabled":true,"_links":{"self":[{"href":"https:\/\/cna.org.ar\/index.php\/wp-json\/wp\/v2\/posts\/4973","targetHints":{"allow":["GET"]}}],"collection":[{"href":"https:\/\/cna.org.ar\/index.php\/wp-json\/wp\/v2\/posts"}],"about":[{"href":"https:\/\/cna.org.ar\/index.php\/wp-json\/wp\/v2\/types\/post"}],"author":[{"embeddable":true,"href":"https:\/\/cna.org.ar\/index.php\/wp-json\/wp\/v2\/users\/1"}],"replies":[{"embeddable":true,"href":"https:\/\/cna.org.ar\/index.php\/wp-json\/wp\/v2\/comments?post=4973"}],"version-history":[{"count":4,"href":"https:\/\/cna.org.ar\/index.php\/wp-json\/wp\/v2\/posts\/4973\/revisions"}],"predecessor-version":[{"id":4978,"href":"https:\/\/cna.org.ar\/index.php\/wp-json\/wp\/v2\/posts\/4973\/revisions\/4978"}],"wp:featuredmedia":[{"embeddable":true,"href":"https:\/\/cna.org.ar\/index.php\/wp-json\/wp\/v2\/media\/4975"}],"wp:attachment":[{"href":"https:\/\/cna.org.ar\/index.php\/wp-json\/wp\/v2\/media?parent=4973"}],"wp:term":[{"taxonomy":"category","embeddable":true,"href":"https:\/\/cna.org.ar\/index.php\/wp-json\/wp\/v2\/categories?post=4973"},{"taxonomy":"post_tag","embeddable":true,"href":"https:\/\/cna.org.ar\/index.php\/wp-json\/wp\/v2\/tags?post=4973"}],"curies":[{"name":"wp","href":"https:\/\/api.w.org\/{rel}","templated":true}]}}