{"id":4994,"date":"2016-09-21T17:40:20","date_gmt":"2016-09-21T17:40:20","guid":{"rendered":"http:\/\/cna.org.ar\/?p=4994"},"modified":"2016-09-21T17:40:20","modified_gmt":"2016-09-21T17:40:20","slug":"armenia-celebra-hoy-sus-25-anos-de-independencia","status":"publish","type":"post","link":"https:\/\/cna.org.ar\/index.php\/2016\/09\/21\/armenia-celebra-hoy-sus-25-anos-de-independencia\/","title":{"rendered":"Armenia celebra hoy sus 25 a\u00f1os de independencia"},"content":{"rendered":"<div class=\"separator\"><a href=\"https:\/\/i0.wp.com\/2.bp.blogspot.com\/-fqnflumU6_0\/V-KX-bgHXOI\/AAAAAAAACN4\/r3T7A3orTqM_OeSfWLMgs1JfU05dKo3SgCLcB\/s1600\/WhatsApp%2BImage%2B2016-09-21%2Bat%2B11.18.01.jpeg?ssl=1\"><img data-recalc-dims=\"1\" loading=\"lazy\" decoding=\"async\" class=\" alignleft\" src=\"https:\/\/i0.wp.com\/2.bp.blogspot.com\/-fqnflumU6_0\/V-KX-bgHXOI\/AAAAAAAACN4\/r3T7A3orTqM_OeSfWLMgs1JfU05dKo3SgCLcB\/s320\/WhatsApp%2BImage%2B2016-09-21%2Bat%2B11.18.01.jpeg?resize=320%2C212&#038;ssl=1\" alt=\"\" width=\"320\" height=\"212\" border=\"0\" \/><\/a><\/div>\n<p>Hoy, 21 de septiembre, se celebran <b>los 25 a\u00f1os de la independencia de Armenia<\/b>, cuando el pueblo armenio se declar\u00f3 a favor de la separaci\u00f3n de la Uni\u00f3n Sovi\u00e9tica a trav\u00e9s de un refer\u00e9ndum en 1991.<\/p>\n<p>El momento no era muy favorable: luego de que la poblaci\u00f3n de Nagorno Karabaj, de mayor\u00eda armenia, declarara su independencia del gobierno de Azerbaiy\u00e1n, este \u00faltimo respondi\u00f3 con masacres que culminaron en una guerra a gran escala entre Azerbaiy\u00e1n, apoyado por Turqu\u00eda, y Nagorno Karabaj, apoyado por Armenia.<\/p>\n<p>\u00ab<b>En el transcurso de los \u00faltimos 25 a\u00f1os se han registrado logros irrevocables<\/b>\u00ab, reafirm\u00f3 el presidente armenio, <b>Serzh Sargsi\u00e1n<\/b>, hoy, durante las celebraciones. \u00abDe hecho, <b>valoramos nuestros logros porque pagamos un alto precio por ellos<\/b>. Vamos a multiplicar esos logros con nuestro trabajo duro y defenderlos con la fuerza que hemos acumulado\u00bb, agreg\u00f3, en un discurso apuntado especialmente al ej\u00e9rcito, \u00aba los j\u00f3venes que defienden las fronteras de Armenia\u00bb y a \u00ablos leones de abril que acabaron con los planes hostiles de nuestro adversario\u00bb, en relaci\u00f3n a la llamada \u00abguerra de los cuatro d\u00edas\u00bb del pasado mes de abril cuando el ej\u00e9rcito de Azerbaiy\u00e1n atac\u00f3 poblaciones civiles de Nagorno Karabaj.<\/p>\n<p>Al ser consultado por la agencia Prensa Armenia sobre el contexto hist\u00f3rico, el profesor de la Universidad de San Andr\u00e9s, <b>Khatchik DerGhougassian<\/b>, reflexion\u00f3: \u00abLa proclamaci\u00f3n de la Rep\u00fablica de Armenia como un estado independiente y soberano el 21 de septiembre de 1991 es el resultado de un proceso pol\u00edtico-constitucional que empez\u00f3 con la Declaraci\u00f3n de la Independencia el 26 de agosto de 1990 por el entonces Soviet Supremo de la Rep\u00fablica Socialista Sovi\u00e9tica de Armenia y termin\u00f3 con el refer\u00e9ndum en septiembre de 1991 donde triunf\u00f3 el &#8216;s\u00ed&#8217; por la independencia\u00bb.<\/p>\n<div class=\"separator\"><a href=\"https:\/\/i0.wp.com\/4.bp.blogspot.com\/-NrK1tkHRCs4\/V-KX-7PfCfI\/AAAAAAAACN8\/KpRlot_WEQY8xxelGDTUDVTpWxAZib2jQCLcB\/s1600\/WhatsApp%2BImage%2B2016-09-21%2Bat%2B11.18.31.jpeg?ssl=1\"><img data-recalc-dims=\"1\" loading=\"lazy\" decoding=\"async\" class=\" alignright\" src=\"https:\/\/i0.wp.com\/4.bp.blogspot.com\/-NrK1tkHRCs4\/V-KX-7PfCfI\/AAAAAAAACN8\/KpRlot_WEQY8xxelGDTUDVTpWxAZib2jQCLcB\/s320\/WhatsApp%2BImage%2B2016-09-21%2Bat%2B11.18.31.jpeg?resize=320%2C213&#038;ssl=1\" alt=\"\" width=\"320\" height=\"213\" border=\"0\" \/><\/a><\/div>\n<p>Si bien para DerGhougassian \u00abnunca faltaron amplios sectores tanto en Armenia Sovi\u00e9tica y a\u00fan m\u00e1s en la di\u00e1spora a favor de la separaci\u00f3n de la Uni\u00f3n Sovi\u00e9tica\u00bb, la decisi\u00f3n de iniciar el proceso constitucional es consecuencia de dos factores: \u00ab<b>Primero, el &#8216;Niet&#8217; (no) de Mosc\u00fa a satisfacer la demanda pac\u00edfica y constitucional de los armenios de la entonces Regi\u00f3n Aut\u00f3noma de Nagorno Karabaj<\/b>, quienes el 20 de febrero de 1988 pidieron separarse de la Rep\u00fablica Socialista Sovi\u00e9tica de Azerbaiy\u00e1n y, de esta forma, corregir la injusticia hist\u00f3rica de Stalin; el Kremlin no solo rechaz\u00f3 cualquier modificaci\u00f3n territorial sino tambi\u00e9n no supo, o no quiso, prevenir el pogrom de Sumgait el 26, 27 y 28 del mismo mes y en nombre de la \u00absolidaridad entre los pueblos\u00bb lo minimiz\u00f3 como un mero acto de vandalismo; pese a las expectativas que hab\u00eda generado Gorbachov con su pol\u00edtica de Glasnost y Perestroika para los armenios la pol\u00edtica de Mosc\u00fa de ignorar las cuestiones nacionales vitales para el pueblo armenio como el reconocimiento del Genocidio, Nagorno Karabaj entre otros, y sacrificarlas por razones de &#8216;alta pol\u00edtica&#8217; como el mantenimiento del status quo territorial y, sobre todo, las relaciones de buena vecindad con Turqu\u00eda no parec\u00eda modificarse para nada\u00bb.<\/p>\n<p>El segundo factor que llev\u00f3 al inicio del proceso de la proclamaci\u00f3n de la independencia \u00abera <b>la convicci\u00f3n de una inevitable ca\u00edda de la Uni\u00f3n Sovi\u00e9tica<\/b>. Dentro del movimiento popular que hab\u00eda empezado con el pedido de revisi\u00f3n del status de Nagorno Karabaj, el debate giraba en torno de la prioridad a la lucha de liberaci\u00f3n nacional en Karabaj o la movilizaci\u00f3n por la independencia. Pero la Declaraci\u00f3n de la Independencia de 1990 firmada por todas las fuerzas pol\u00edticas representadas en el legislativo demuestra que el consenso de una eventual proclamaci\u00f3n de la soberan\u00eda era general\u00bb.<\/p>\n<p>En esa l\u00ednea, de acuerdo con el profesor, \u00ab<b>cabe tomar en cuenta tambi\u00e9n que la lucha de liberaci\u00f3n nacional y el derecho de autodeterminaci\u00f3n en Karabaj y la movilizaci\u00f3n por la proclamaci\u00f3n del estado independiente fueron procesos paralelos e \u00edntimamente ligados<\/b>\u00ab.<\/p>\n<p>\u00abComo qued\u00f3 claro con la disoluci\u00f3n de la URSS el 25 de diciembre de 1991, cuando el entonces presidente de la Federaci\u00f3n Rusa, Boris Yeltsin, rompi\u00f3 el acuerdo de la Uni\u00f3n, la proclamaci\u00f3n de la independencia de Armenia se ubicaba claramente en el contexto m\u00e1s amplio de la decadencia de una experiencia hist\u00f3rica, aunque casi nadie hab\u00eda previsto una coyuntura de eventos que precipitaron su fin\u00bb, remarc\u00f3 DerGhougassian.<\/p>\n<p>Fuente: <a href=\"http:\/\/www.prensaarmenia.com.ar\/2016\/09\/armenia-celebra-hoy-sus-25-anos-de.html\">Prensa Armenia<\/a><\/p>\n","protected":false},"excerpt":{"rendered":"<p>Hoy, 21 de septiembre, se celebran los 25 a\u00f1os de la independencia de Armenia, cuando el pueblo armenio se declar\u00f3 a favor de la separaci\u00f3n de la Uni\u00f3n Sovi\u00e9tica a trav\u00e9s de un refer\u00e9ndum en 1991. El momento no era muy favorable: luego de que la poblaci\u00f3n de Nagorno Karabaj, de mayor\u00eda armenia, declarara su [&hellip;]<\/p>\n","protected":false},"author":1,"featured_media":4995,"comment_status":"closed","ping_status":"closed","sticky":false,"template":"","format":"standard","meta":{"site-sidebar-layout":"default","site-content-layout":"","ast-site-content-layout":"default","site-content-style":"default","site-sidebar-style":"default","ast-global-header-display":"","ast-banner-title-visibility":"","ast-main-header-display":"","ast-hfb-above-header-display":"","ast-hfb-below-header-display":"","ast-hfb-mobile-header-display":"","site-post-title":"","ast-breadcrumbs-content":"","ast-featured-img":"","footer-sml-layout":"","theme-transparent-header-meta":"","adv-header-id-meta":"","stick-header-meta":"","header-above-stick-meta":"","header-main-stick-meta":"","header-below-stick-meta":"","astra-migrate-meta-layouts":"default","ast-page-background-enabled":"default","ast-page-background-meta":{"desktop":{"background-color":"var(--ast-global-color-4)","background-image":"","background-repeat":"repeat","background-position":"center center","background-size":"auto","background-attachment":"scroll","background-type":"","background-media":"","overlay-type":"","overlay-color":"","overlay-opacity":"","overlay-gradient":""},"tablet":{"background-color":"","background-image":"","background-repeat":"repeat","background-position":"center center","background-size":"auto","background-attachment":"scroll","background-type":"","background-media":"","overlay-type":"","overlay-color":"","overlay-opacity":"","overlay-gradient":""},"mobile":{"background-color":"","background-image":"","background-repeat":"repeat","background-position":"center center","background-size":"auto","background-attachment":"scroll","background-type":"","background-media":"","overlay-type":"","overlay-color":"","overlay-opacity":"","overlay-gradient":""}},"ast-content-background-meta":{"desktop":{"background-color":"var(--ast-global-color-5)","background-image":"","background-repeat":"repeat","background-position":"center center","background-size":"auto","background-attachment":"scroll","background-type":"","background-media":"","overlay-type":"","overlay-color":"","overlay-opacity":"","overlay-gradient":""},"tablet":{"background-color":"var(--ast-global-color-5)","background-image":"","background-repeat":"repeat","background-position":"center center","background-size":"auto","background-attachment":"scroll","background-type":"","background-media":"","overlay-type":"","overlay-color":"","overlay-opacity":"","overlay-gradient":""},"mobile":{"background-color":"var(--ast-global-color-5)","background-image":"","background-repeat":"repeat","background-position":"center center","background-size":"auto","background-attachment":"scroll","background-type":"","background-media":"","overlay-type":"","overlay-color":"","overlay-opacity":"","overlay-gradient":""}},"_jetpack_memberships_contains_paid_content":false,"footnotes":""},"categories":[4],"tags":[353,16,83,25,34,352,84,351],"class_list":["post-4994","post","type-post","status-publish","format-standard","has-post-thumbnail","hentry","category-comunicados","tag-25-anos","tag-armenia-2","tag-armenio","tag-armenios","tag-causa-armenia","tag-celebracion","tag-derghougassian","tag-independencia"],"jetpack_featured_media_url":"https:\/\/i0.wp.com\/cna.org.ar\/wp-content\/uploads\/2016\/09\/Independencia-25.jpeg?fit=320%2C213&ssl=1","jetpack_sharing_enabled":true,"_links":{"self":[{"href":"https:\/\/cna.org.ar\/index.php\/wp-json\/wp\/v2\/posts\/4994","targetHints":{"allow":["GET"]}}],"collection":[{"href":"https:\/\/cna.org.ar\/index.php\/wp-json\/wp\/v2\/posts"}],"about":[{"href":"https:\/\/cna.org.ar\/index.php\/wp-json\/wp\/v2\/types\/post"}],"author":[{"embeddable":true,"href":"https:\/\/cna.org.ar\/index.php\/wp-json\/wp\/v2\/users\/1"}],"replies":[{"embeddable":true,"href":"https:\/\/cna.org.ar\/index.php\/wp-json\/wp\/v2\/comments?post=4994"}],"version-history":[{"count":1,"href":"https:\/\/cna.org.ar\/index.php\/wp-json\/wp\/v2\/posts\/4994\/revisions"}],"predecessor-version":[{"id":4996,"href":"https:\/\/cna.org.ar\/index.php\/wp-json\/wp\/v2\/posts\/4994\/revisions\/4996"}],"wp:featuredmedia":[{"embeddable":true,"href":"https:\/\/cna.org.ar\/index.php\/wp-json\/wp\/v2\/media\/4995"}],"wp:attachment":[{"href":"https:\/\/cna.org.ar\/index.php\/wp-json\/wp\/v2\/media?parent=4994"}],"wp:term":[{"taxonomy":"category","embeddable":true,"href":"https:\/\/cna.org.ar\/index.php\/wp-json\/wp\/v2\/categories?post=4994"},{"taxonomy":"post_tag","embeddable":true,"href":"https:\/\/cna.org.ar\/index.php\/wp-json\/wp\/v2\/tags?post=4994"}],"curies":[{"name":"wp","href":"https:\/\/api.w.org\/{rel}","templated":true}]}}