{"id":5053,"date":"2016-11-08T18:30:00","date_gmt":"2016-11-08T18:30:00","guid":{"rendered":"http:\/\/cna.org.ar\/?p=5053"},"modified":"2016-11-09T18:35:27","modified_gmt":"2016-11-09T18:35:27","slug":"otra-vez-el-gobierno-turco-se-agrava-el-autoritarismo-del-regimen-de-erdogan","status":"publish","type":"post","link":"https:\/\/cna.org.ar\/index.php\/2016\/11\/08\/otra-vez-el-gobierno-turco-se-agrava-el-autoritarismo-del-regimen-de-erdogan\/","title":{"rendered":"Otra vez el gobierno turco\u2026 Se agrava el autoritarismo del r\u00e9gimen de Erdogan"},"content":{"rendered":"<p>La comunidad armenia de la Rep\u00fablica Argentina manifiesta su profunda preocupaci\u00f3n y rechazo a la persecuci\u00f3n pol\u00edtica que est\u00e1 llevando a cabo en Turqu\u00eda el r\u00e9gimen del presidente Recep Tayyip Erdogan contra dirigentes y medios opositores a su gobierno. Esta situaci\u00f3n se ha agravado tras el fallido intento de golpe de Estado de julio pasado \u2013cuyos pormenores no han sido a\u00fan del todo esclarecidos\u2013 y ha llegado a un punto extremo la semana pasada con la detenci\u00f3n de doce diputados del Partido Democr\u00e1tico de los Pueblos (HDP), dos alcaldes de Diyarbakir y nueve periodistas del diario Cumhuriyet (sumando un total de 142 periodistas arrestados desde julio), coincidentes en una visi\u00f3n cr\u00edtica hacia el autoritarismo de Erdogan.<\/p>\n<p>Este sesgo tir\u00e1nico del gobierno turco no se limita a pol\u00edticos y periodistas opositores, sino que est\u00e1 afectando al conjunto de la poblaci\u00f3n, ya que se ha restringido el acceso p\u00fablico a internet y a las redes sociales.<\/p>\n<p>El accionar autoritario y la coartaci\u00f3n de la libertad de expresi\u00f3n ya forman parte de una conducta sistem\u00e1tica del gobierno de Erdogan y configuran un panorama que se est\u00e1 tornando seriamente preocupante para las minor\u00edas de la regi\u00f3n, de las que forman parte los armenios que viven all\u00ed.<\/p>\n<p>Garo Paylan, diputado de origen armenio en el parlamento turco en representaci\u00f3n del HDP, compar\u00f3 la situaci\u00f3n actual que se vive en aquel pa\u00eds con el arresto de pol\u00edticos e intelectuales armenios el 24 de abril de 1915 por parte de las autoridades del imperio turco-otomano, hecho que dio inicio al Genocidio Armenio que provoc\u00f3 un mill\u00f3n y medio de v\u00edctimas. \u201cHoy es 24 de abril de 1915\u201d, se\u00f1al\u00f3 Paylan luego de la detenci\u00f3n de los parlamentarios del HDP.<\/p>\n<p>Advertimos sobre la grave situaci\u00f3n que se est\u00e1 viviendo en Turqu\u00eda. Exigimos la inmediata liberaci\u00f3n de todos los pol\u00edticos y periodistas arrestados y llamamos al gobierno argentino a adherir a las condenas internacionales como las de la Organizaci\u00f3n de las Naciones Unidas y la Uni\u00f3n Europea, y pronunciarse firmemente en contra de las persecuciones y las restricciones a la libertad de expresi\u00f3n del gobierno de Erdogan para evitar las consecuencias desastrosas que se generaron despu\u00e9s de cada giro autoritario en el pa\u00eds, como demuestra su historia m\u00e1s reciente.<\/p>\n","protected":false},"excerpt":{"rendered":"<p>La comunidad armenia de la Rep\u00fablica Argentina manifiesta su profunda preocupaci\u00f3n y rechazo a la persecuci\u00f3n pol\u00edtica que est\u00e1 llevando a cabo en Turqu\u00eda el r\u00e9gimen del presidente Recep Tayyip Erdogan contra dirigentes y medios opositores a su gobierno. Esta situaci\u00f3n se ha agravado tras el fallido intento de golpe de Estado de julio pasado [&hellip;]<\/p>\n","protected":false},"author":1,"featured_media":4667,"comment_status":"closed","ping_status":"closed","sticky":false,"template":"","format":"standard","meta":{"site-sidebar-layout":"default","site-content-layout":"","ast-site-content-layout":"default","site-content-style":"default","site-sidebar-style":"default","ast-global-header-display":"","ast-banner-title-visibility":"","ast-main-header-display":"","ast-hfb-above-header-display":"","ast-hfb-below-header-display":"","ast-hfb-mobile-header-display":"","site-post-title":"","ast-breadcrumbs-content":"","ast-featured-img":"","footer-sml-layout":"","theme-transparent-header-meta":"","adv-header-id-meta":"","stick-header-meta":"","header-above-stick-meta":"","header-main-stick-meta":"","header-below-stick-meta":"","astra-migrate-meta-layouts":"default","ast-page-background-enabled":"default","ast-page-background-meta":{"desktop":{"background-color":"var(--ast-global-color-4)","background-image":"","background-repeat":"repeat","background-position":"center center","background-size":"auto","background-attachment":"scroll","background-type":"","background-media":"","overlay-type":"","overlay-color":"","overlay-opacity":"","overlay-gradient":""},"tablet":{"background-color":"","background-image":"","background-repeat":"repeat","background-position":"center center","background-size":"auto","background-attachment":"scroll","background-type":"","background-media":"","overlay-type":"","overlay-color":"","overlay-opacity":"","overlay-gradient":""},"mobile":{"background-color":"","background-image":"","background-repeat":"repeat","background-position":"center center","background-size":"auto","background-attachment":"scroll","background-type":"","background-media":"","overlay-type":"","overlay-color":"","overlay-opacity":"","overlay-gradient":""}},"ast-content-background-meta":{"desktop":{"background-color":"var(--ast-global-color-5)","background-image":"","background-repeat":"repeat","background-position":"center center","background-size":"auto","background-attachment":"scroll","background-type":"","background-media":"","overlay-type":"","overlay-color":"","overlay-opacity":"","overlay-gradient":""},"tablet":{"background-color":"var(--ast-global-color-5)","background-image":"","background-repeat":"repeat","background-position":"center center","background-size":"auto","background-attachment":"scroll","background-type":"","background-media":"","overlay-type":"","overlay-color":"","overlay-opacity":"","overlay-gradient":""},"mobile":{"background-color":"var(--ast-global-color-5)","background-image":"","background-repeat":"repeat","background-position":"center center","background-size":"auto","background-attachment":"scroll","background-type":"","background-media":"","overlay-type":"","overlay-color":"","overlay-opacity":"","overlay-gradient":""}},"_jetpack_memberships_contains_paid_content":false,"footnotes":""},"categories":[4],"tags":[24,16,83,25,12,22,23],"class_list":["post-5053","post","type-post","status-publish","format-standard","has-post-thumbnail","hentry","category-comunicados","tag-argentina","tag-armenia-2","tag-armenio","tag-armenios","tag-negacionismo","tag-turkey","tag-turquia"],"jetpack_featured_media_url":"https:\/\/i0.wp.com\/cna.org.ar\/wp-content\/uploads\/2013\/09\/Erdogan-discurso.jpg?fit=345%2C229&ssl=1","jetpack_sharing_enabled":true,"_links":{"self":[{"href":"https:\/\/cna.org.ar\/index.php\/wp-json\/wp\/v2\/posts\/5053","targetHints":{"allow":["GET"]}}],"collection":[{"href":"https:\/\/cna.org.ar\/index.php\/wp-json\/wp\/v2\/posts"}],"about":[{"href":"https:\/\/cna.org.ar\/index.php\/wp-json\/wp\/v2\/types\/post"}],"author":[{"embeddable":true,"href":"https:\/\/cna.org.ar\/index.php\/wp-json\/wp\/v2\/users\/1"}],"replies":[{"embeddable":true,"href":"https:\/\/cna.org.ar\/index.php\/wp-json\/wp\/v2\/comments?post=5053"}],"version-history":[{"count":1,"href":"https:\/\/cna.org.ar\/index.php\/wp-json\/wp\/v2\/posts\/5053\/revisions"}],"predecessor-version":[{"id":5054,"href":"https:\/\/cna.org.ar\/index.php\/wp-json\/wp\/v2\/posts\/5053\/revisions\/5054"}],"wp:featuredmedia":[{"embeddable":true,"href":"https:\/\/cna.org.ar\/index.php\/wp-json\/wp\/v2\/media\/4667"}],"wp:attachment":[{"href":"https:\/\/cna.org.ar\/index.php\/wp-json\/wp\/v2\/media?parent=5053"}],"wp:term":[{"taxonomy":"category","embeddable":true,"href":"https:\/\/cna.org.ar\/index.php\/wp-json\/wp\/v2\/categories?post=5053"},{"taxonomy":"post_tag","embeddable":true,"href":"https:\/\/cna.org.ar\/index.php\/wp-json\/wp\/v2\/tags?post=5053"}],"curies":[{"name":"wp","href":"https:\/\/api.w.org\/{rel}","templated":true}]}}