{"id":5397,"date":"2017-10-06T17:19:33","date_gmt":"2017-10-06T17:19:33","guid":{"rendered":"http:\/\/cna.org.ar\/?p=5397"},"modified":"2017-10-06T17:19:33","modified_gmt":"2017-10-06T17:19:33","slug":"el-equipo-de-educacion-del-cna-participo-en-un-seminario-internacional-organizado-por-el-ministerio-de-educacion-de-la-nacion","status":"publish","type":"post","link":"https:\/\/cna.org.ar\/index.php\/2017\/10\/06\/el-equipo-de-educacion-del-cna-participo-en-un-seminario-internacional-organizado-por-el-ministerio-de-educacion-de-la-nacion\/","title":{"rendered":"\u201cEl Equipo de Educaci\u00f3n del CNA particip\u00f3 en un seminario internacional organizado por el Ministerio de Educaci\u00f3n de la Naci\u00f3n\u201d"},"content":{"rendered":"<p style=\"text-align: justify;\"><a href=\"https:\/\/i0.wp.com\/cna.org.ar\/wp-content\/uploads\/2017\/10\/secretaria-59b050de475f7.jpg?ssl=1\"><img data-recalc-dims=\"1\" loading=\"lazy\" decoding=\"async\" class=\"alignright size-medium wp-image-5400\" src=\"https:\/\/i0.wp.com\/cna.org.ar\/wp-content\/uploads\/2017\/10\/secretaria-59b050de475f7.jpg?resize=300%2C188&#038;ssl=1\" alt=\"Imprimir\" width=\"300\" height=\"188\" srcset=\"https:\/\/i0.wp.com\/cna.org.ar\/wp-content\/uploads\/2017\/10\/secretaria-59b050de475f7.jpg?resize=300%2C188&amp;ssl=1 300w, https:\/\/i0.wp.com\/cna.org.ar\/wp-content\/uploads\/2017\/10\/secretaria-59b050de475f7.jpg?resize=560%2C350&amp;ssl=1 560w, https:\/\/i0.wp.com\/cna.org.ar\/wp-content\/uploads\/2017\/10\/secretaria-59b050de475f7.jpg?w=800&amp;ssl=1 800w\" sizes=\"auto, (max-width: 300px) 100vw, 300px\" \/><\/a>\u00a0 \u00a0El pasado jueves 14 de septiembre el Consejo Nacional Armenio de Sudam\u00e9rica fue invitado a participar en el Seminario Internacional \u201cExperiencias significativas en el desaf\u00edo de ense\u00f1ar el Holocausto y los genocidios del siglo XX\u201d. La actividad, organizada por el Ministerio de Educaci\u00f3n de la Naci\u00f3n, UNESCO, la Alianza Internacional para el Recuerdo del Holocausto y el Centro Ana Frank-Argentina, gener\u00f3 un in\u00e9dito espacio de intercambio y reflexi\u00f3n en torno a los desaf\u00edos de la ense\u00f1anza, la memoria y los derechos humanos en nuestra propia experiencia contempor\u00e1nea.<\/p>\n<p style=\"text-align: justify;\">\u00a0 \u00a0\u00bfC\u00f3mo fortalecer las acciones educativas vinculadas con la ense\u00f1anza del Holocausto, los genocidios y los cr\u00edmenes de lesa humanidad? \u00bfC\u00f3mo trabajar para que las pol\u00edticas educativas y las experiencias de la sociedad civil en estos temas tengan impacto en las aulas? Estos fueron algunos de los interrogantes que se analizaron durante las dos jornadas desarrolladas en la sede del Ministerio de Educaci\u00f3n de la Naci\u00f3n y en el Centro Casa Ana Frank Argentina. Entre las organizaciones participantes, hab\u00eda representantes de Ministerios nacionales y organizaciones de la sociedad civil que conforman el Cap\u00edtulo Local de la Alianza Internacional para el Recuerdo del Holocausto (IHRA) as\u00ed como tambi\u00e9n de instituciones internacionales de Alemania (Anne Frank Zentrum; House of the Wannsee Conference), Holanda (Anne Frank House; 4&amp;5 May Committe); Guatemala (Holocaust Museum); M\u00e9xico (Facing History and Ourselves) y la OIE.<\/p>\n<p style=\"text-align: justify;\">\u00a0 Participaron del seminario autoridades nacionales como el Ministro de Educaci\u00f3n de la Naci\u00f3n Argentina, Alejandro Finocchiaro, el Secretario de Derechos Humanos y Pluralismo Cultural de la Naci\u00f3n Argentina, Claudio Avruj, Secretario de Gesti\u00f3n Educativa del Ministerio de Educaci\u00f3n de la Naci\u00f3n Max Gulmanelli, la directora del Museo Sitio de Memoria ESMA Alejandra Naftal. Tambi\u00e9n disertaron en las distintas mesas el Representante de UNESCO, Coordinador de la Red de Ense\u00f1anza del Holocausto y otros Genocidios en el SXX, Karel Fracapane , el Director del Centro Ana Frank Argentina, H\u00e9ctor Shalom, la coordinara del Programa Educaci\u00f3n y Memoria Celeste Adamoli , el rabino de la comunidad Betel Daniel Goldman y Abboud, Omar Ahmed, legislador de la Ciudad Aut\u00f3noma de Buenos Aires y referente de la comunidad isl\u00e1mica argentina, entre otros.<\/p>\n<p>En el marco de espacios simult\u00e1neos de intercambio de experiencias educativas, el Equipo de Educaci\u00f3n del CNA fue invitado a participar en una de las mesas junto con el Programa Educaci\u00f3n y Memoria del Ministerio de Educaci\u00f3n de la Naci\u00f3n, Generaciones de la SHO\u00c1 y Facing History and Ourserlves, de M\u00e9xico. La puesta en valor de experiencias concretas result\u00f3 enriquecida al abrirse el espacio para el debate y preguntas.<\/p>\n<p style=\"text-align: justify;\"><a href=\"https:\/\/i0.wp.com\/cna.org.ar\/wp-content\/uploads\/2017\/10\/21761942_10154997815927686_236845979393924210_n1.jpg?ssl=1\"><img data-recalc-dims=\"1\" loading=\"lazy\" decoding=\"async\" class=\"alignleft size-medium wp-image-5398\" src=\"https:\/\/i0.wp.com\/cna.org.ar\/wp-content\/uploads\/2017\/10\/21761942_10154997815927686_236845979393924210_n1.jpg?resize=300%2C199&#038;ssl=1\" alt=\"21761942_10154997815927686_236845979393924210_n\" width=\"300\" height=\"199\" srcset=\"https:\/\/i0.wp.com\/cna.org.ar\/wp-content\/uploads\/2017\/10\/21761942_10154997815927686_236845979393924210_n1.jpg?resize=300%2C199&amp;ssl=1 300w, https:\/\/i0.wp.com\/cna.org.ar\/wp-content\/uploads\/2017\/10\/21761942_10154997815927686_236845979393924210_n1.jpg?resize=527%2C350&amp;ssl=1 527w, https:\/\/i0.wp.com\/cna.org.ar\/wp-content\/uploads\/2017\/10\/21761942_10154997815927686_236845979393924210_n1.jpg?w=960&amp;ssl=1 960w\" sizes=\"auto, (max-width: 300px) 100vw, 300px\" \/><\/a> La reciente invitaci\u00f3n a participar en el Seminario Internacional \u201cExperiencias significativas en el desaf\u00edo de ense\u00f1ar el Holocausto y los genocidios del siglo XX\u201d represent\u00f3 una puesta en valor significativa de una labor comprometida con la transmisi\u00f3n del pasado reciente y la acci\u00f3n pedag\u00f3gica. Como integrantes del equipo, Carolina Karagueuzian y Julieta Puppo compartieron algunas reflexiones sobre c\u00f3mo pensar las formas de transmisi\u00f3n y de producci\u00f3n de contenidos para la ense\u00f1anza del genocidio armenio en el \u00e1mbito educativo, hilvanando la experiencia concreta de un taller con educadores que ha realizado el equipo en diversas instituciones, con la experiencia de trabajo con el Programa Educaci\u00f3n y Memoria del Ministerio de Educaci\u00f3n de la Naci\u00f3n desde el a\u00f1o 2012.<\/p>\n<p style=\"text-align: justify;\">\u00a0 \u00a0En el marco del seminario se present\u00f3 la muestra Murales por la memoria-AMIA\u201d, integrada por obras de los artistas Mariano Sapia, Omar Panosetti, Diego Perrotta, Claudio Gallina, Leonel Luna, Eduardo Faradje. Cabe recordar que la obra de Claudio Gallina referida al genocidio armenio fue realizada en el a\u00f1o 2011 y presentada por primera vez en Sigen (Sindicatura General de la Naci\u00f3n) con la participaci\u00f3n de estudiantes de escuelas de la comunidad armenia.<\/p>\n<p style=\"text-align: justify;\"><a href=\"https:\/\/i0.wp.com\/cna.org.ar\/wp-content\/uploads\/2017\/10\/21742912_10154997815897686_4150572460152908360_n.jpg?ssl=1\"><img data-recalc-dims=\"1\" loading=\"lazy\" decoding=\"async\" class=\"alignright size-medium wp-image-5399\" src=\"https:\/\/i0.wp.com\/cna.org.ar\/wp-content\/uploads\/2017\/10\/21742912_10154997815897686_4150572460152908360_n.jpg?resize=300%2C199&#038;ssl=1\" alt=\"21742912_10154997815897686_4150572460152908360_n\" width=\"300\" height=\"199\" srcset=\"https:\/\/i0.wp.com\/cna.org.ar\/wp-content\/uploads\/2017\/10\/21742912_10154997815897686_4150572460152908360_n.jpg?resize=300%2C199&amp;ssl=1 300w, https:\/\/i0.wp.com\/cna.org.ar\/wp-content\/uploads\/2017\/10\/21742912_10154997815897686_4150572460152908360_n.jpg?resize=527%2C350&amp;ssl=1 527w, https:\/\/i0.wp.com\/cna.org.ar\/wp-content\/uploads\/2017\/10\/21742912_10154997815897686_4150572460152908360_n.jpg?w=960&amp;ssl=1 960w\" sizes=\"auto, (max-width: 300px) 100vw, 300px\" \/><\/a>\u00a0 \u00a0La segunda jornada se desarroll\u00f3 en el Centro Ana Frank-Argentina, con una nueva propuesta de mesas de intercambio de experiencias educativas, tanto del \u00e1mbito nacional como internacional. Luego, se sucedieron dos presentaciones. Patrick Siegele refiri\u00f3 a las actividades que realiza el Anne Frank Zentrum, de Alemania, y present\u00f3 la muestra permanente \u00abAnne Frank here &amp; now\u00bb, focalizando en las oportunidades de aprendizaje que facilita para que ni\u00f1os y j\u00f3venes pueden examinar la historia y vincularla con el mundo en el que viven hoy. A continuaci\u00f3n, el representante de la UNESCO, Coordinador de la Red Latinoamericana para la ense\u00f1anza del Holocausto y otros Genocidios en el SXX, Karel Fracapane, present\u00f3 la Gu\u00eda para la Ense\u00f1anza del Holocausto de la UNESCO.<\/p>\n<p>Un lugar destacado tuvo la visita al Museo \u201cSitio de Memoria ESMA\u201d. En este espacio, que promueve una alternativa potente para abordar la transmisi\u00f3n de las experiencias vinculadas con el horror, se realizaron las \u00faltimas actividades del seminario.<\/p>\n<p>Pensar la transmisi\u00f3n, pensar en la escuela. Dar cuenta de la relaci\u00f3n entre el pasado y el presente. Desarrollar una formaci\u00f3n ciudadana que permita conocer el pasado, comprometerse con el presente y transformar el futuro valorando la diversidad. Estas fueron algunas de las conclusiones, para seguir pens\u00e1ndolas como aportes para una agenda educativa en tiempo presente.<\/p>\n<p>&nbsp;<\/p>\n<p>&nbsp;<\/p>\n","protected":false},"excerpt":{"rendered":"<p>\u00a0 \u00a0El pasado jueves 14 de septiembre el Consejo Nacional Armenio de Sudam\u00e9rica fue invitado a participar en el Seminario Internacional \u201cExperiencias significativas en el desaf\u00edo de ense\u00f1ar el Holocausto y los genocidios del siglo XX\u201d. La actividad, organizada por el Ministerio de Educaci\u00f3n de la Naci\u00f3n, UNESCO, la Alianza Internacional para el Recuerdo del [&hellip;]<\/p>\n","protected":false},"author":1,"featured_media":5398,"comment_status":"closed","ping_status":"closed","sticky":false,"template":"","format":"standard","meta":{"site-sidebar-layout":"default","site-content-layout":"","ast-site-content-layout":"default","site-content-style":"default","site-sidebar-style":"default","ast-global-header-display":"","ast-banner-title-visibility":"","ast-main-header-display":"","ast-hfb-above-header-display":"","ast-hfb-below-header-display":"","ast-hfb-mobile-header-display":"","site-post-title":"","ast-breadcrumbs-content":"","ast-featured-img":"","footer-sml-layout":"","theme-transparent-header-meta":"","adv-header-id-meta":"","stick-header-meta":"","header-above-stick-meta":"","header-main-stick-meta":"","header-below-stick-meta":"","astra-migrate-meta-layouts":"default","ast-page-background-enabled":"default","ast-page-background-meta":{"desktop":{"background-color":"var(--ast-global-color-4)","background-image":"","background-repeat":"repeat","background-position":"center center","background-size":"auto","background-attachment":"scroll","background-type":"","background-media":"","overlay-type":"","overlay-color":"","overlay-opacity":"","overlay-gradient":""},"tablet":{"background-color":"","background-image":"","background-repeat":"repeat","background-position":"center center","background-size":"auto","background-attachment":"scroll","background-type":"","background-media":"","overlay-type":"","overlay-color":"","overlay-opacity":"","overlay-gradient":""},"mobile":{"background-color":"","background-image":"","background-repeat":"repeat","background-position":"center center","background-size":"auto","background-attachment":"scroll","background-type":"","background-media":"","overlay-type":"","overlay-color":"","overlay-opacity":"","overlay-gradient":""}},"ast-content-background-meta":{"desktop":{"background-color":"var(--ast-global-color-5)","background-image":"","background-repeat":"repeat","background-position":"center center","background-size":"auto","background-attachment":"scroll","background-type":"","background-media":"","overlay-type":"","overlay-color":"","overlay-opacity":"","overlay-gradient":""},"tablet":{"background-color":"var(--ast-global-color-5)","background-image":"","background-repeat":"repeat","background-position":"center center","background-size":"auto","background-attachment":"scroll","background-type":"","background-media":"","overlay-type":"","overlay-color":"","overlay-opacity":"","overlay-gradient":""},"mobile":{"background-color":"var(--ast-global-color-5)","background-image":"","background-repeat":"repeat","background-position":"center center","background-size":"auto","background-attachment":"scroll","background-type":"","background-media":"","overlay-type":"","overlay-color":"","overlay-opacity":"","overlay-gradient":""}},"_jetpack_memberships_contains_paid_content":false,"footnotes":""},"categories":[3,33,38],"tags":[466,467,166,132,304,11,464,463,249],"class_list":["post-5397","post","type-post","status-publish","format-standard","has-post-thumbnail","hentry","category-actividades","category-acteduc","category-areaeduc","tag-alejandro-finocchiaro","tag-ana-frank","tag-avruj","tag-consejo-nacional-armenio","tag-equipo-de-educacion","tag-genocidio-armenio","tag-holocausto-judio","tag-ministerio-de-educacion","tag-shoa"],"jetpack_featured_media_url":"https:\/\/i0.wp.com\/cna.org.ar\/wp-content\/uploads\/2017\/10\/21761942_10154997815927686_236845979393924210_n1.jpg?fit=960%2C638&ssl=1","jetpack_sharing_enabled":true,"_links":{"self":[{"href":"https:\/\/cna.org.ar\/index.php\/wp-json\/wp\/v2\/posts\/5397","targetHints":{"allow":["GET"]}}],"collection":[{"href":"https:\/\/cna.org.ar\/index.php\/wp-json\/wp\/v2\/posts"}],"about":[{"href":"https:\/\/cna.org.ar\/index.php\/wp-json\/wp\/v2\/types\/post"}],"author":[{"embeddable":true,"href":"https:\/\/cna.org.ar\/index.php\/wp-json\/wp\/v2\/users\/1"}],"replies":[{"embeddable":true,"href":"https:\/\/cna.org.ar\/index.php\/wp-json\/wp\/v2\/comments?post=5397"}],"version-history":[{"count":3,"href":"https:\/\/cna.org.ar\/index.php\/wp-json\/wp\/v2\/posts\/5397\/revisions"}],"predecessor-version":[{"id":5403,"href":"https:\/\/cna.org.ar\/index.php\/wp-json\/wp\/v2\/posts\/5397\/revisions\/5403"}],"wp:featuredmedia":[{"embeddable":true,"href":"https:\/\/cna.org.ar\/index.php\/wp-json\/wp\/v2\/media\/5398"}],"wp:attachment":[{"href":"https:\/\/cna.org.ar\/index.php\/wp-json\/wp\/v2\/media?parent=5397"}],"wp:term":[{"taxonomy":"category","embeddable":true,"href":"https:\/\/cna.org.ar\/index.php\/wp-json\/wp\/v2\/categories?post=5397"},{"taxonomy":"post_tag","embeddable":true,"href":"https:\/\/cna.org.ar\/index.php\/wp-json\/wp\/v2\/tags?post=5397"}],"curies":[{"name":"wp","href":"https:\/\/api.w.org\/{rel}","templated":true}]}}