{"id":5404,"date":"2017-10-11T19:49:47","date_gmt":"2017-10-11T19:49:47","guid":{"rendered":"http:\/\/cna.org.ar\/?p=5404"},"modified":"2017-10-11T19:49:47","modified_gmt":"2017-10-11T19:49:47","slug":"recreacion-de-la-obra-de-arshille-gorky-en-la-escuela-secundaria-nro-6-de-parana-entre-rios","status":"publish","type":"post","link":"https:\/\/cna.org.ar\/index.php\/2017\/10\/11\/recreacion-de-la-obra-de-arshille-gorky-en-la-escuela-secundaria-nro-6-de-parana-entre-rios\/","title":{"rendered":"Recreaci\u00f3n de la obra de Arshille Gorky en la Escuela Secundaria Nro. 6 de Paran\u00e1, Entre R\u00edos"},"content":{"rendered":"<p style=\"text-align: justify;\"><a href=\"https:\/\/i0.wp.com\/cna.org.ar\/wp-content\/uploads\/2017\/10\/22366350_10212119906365548_4453410553531424853_n.jpg?ssl=1\"><img data-recalc-dims=\"1\" loading=\"lazy\" decoding=\"async\" class=\"alignright size-medium wp-image-5406\" src=\"https:\/\/i0.wp.com\/cna.org.ar\/wp-content\/uploads\/2017\/10\/22366350_10212119906365548_4453410553531424853_n.jpg?resize=300%2C169&#038;ssl=1\" alt=\"22366350_10212119906365548_4453410553531424853_n\" width=\"300\" height=\"169\" srcset=\"https:\/\/i0.wp.com\/cna.org.ar\/wp-content\/uploads\/2017\/10\/22366350_10212119906365548_4453410553531424853_n.jpg?resize=300%2C169&amp;ssl=1 300w, https:\/\/i0.wp.com\/cna.org.ar\/wp-content\/uploads\/2017\/10\/22366350_10212119906365548_4453410553531424853_n.jpg?resize=620%2C350&amp;ssl=1 620w, https:\/\/i0.wp.com\/cna.org.ar\/wp-content\/uploads\/2017\/10\/22366350_10212119906365548_4453410553531424853_n.jpg?w=960&amp;ssl=1 960w\" sizes=\"auto, (max-width: 300px) 100vw, 300px\" \/><\/a>Los estudiantes de la Escuela Secundaria Nro. 6 Lomas del Mirador (Paran\u00e1 , Entre R\u00edos) realizaron un mural que recrea una obra del artista armenio Arshile Gorky.<br \/>\nFelicitamos la iniciativa del docente Gustavo Landeira quien particip\u00f3 hace algunos meses en una <a href=\"https:\/\/cna.org.ar\/index.php\/2017\/05\/22\/el-equipo-de-educacion-en-parana-entre-rios\/\" target=\"_blank\">capacitaci\u00f3n sobre el genocidio armenio<\/a> que realiz\u00f3 el equipo de educaci\u00f3n del Consejo Nacional Armenio junto al Programa EDUCACI\u00d3N, DDHH Y MEMORIA COLECTIVA de la provincia de Entre R\u00edos.<\/p>\n<p style=\"text-align: justify;\"><a href=\"https:\/\/i0.wp.com\/cna.org.ar\/wp-content\/uploads\/2017\/10\/22366557_10212119906965563_3004917919197433415_n.jpg?ssl=1\"><img data-recalc-dims=\"1\" loading=\"lazy\" decoding=\"async\" class=\"alignleft size-medium wp-image-5407\" src=\"https:\/\/i0.wp.com\/cna.org.ar\/wp-content\/uploads\/2017\/10\/22366557_10212119906965563_3004917919197433415_n.jpg?resize=300%2C169&#038;ssl=1\" alt=\"22366557_10212119906965563_3004917919197433415_n\" width=\"300\" height=\"169\" srcset=\"https:\/\/i0.wp.com\/cna.org.ar\/wp-content\/uploads\/2017\/10\/22366557_10212119906965563_3004917919197433415_n.jpg?resize=300%2C169&amp;ssl=1 300w, https:\/\/i0.wp.com\/cna.org.ar\/wp-content\/uploads\/2017\/10\/22366557_10212119906965563_3004917919197433415_n.jpg?resize=620%2C350&amp;ssl=1 620w, https:\/\/i0.wp.com\/cna.org.ar\/wp-content\/uploads\/2017\/10\/22366557_10212119906965563_3004917919197433415_n.jpg?w=960&amp;ssl=1 960w\" sizes=\"auto, (max-width: 300px) 100vw, 300px\" \/><\/a><\/p>\n<p style=\"text-align: justify;\"><a href=\"https:\/\/i0.wp.com\/cna.org.ar\/wp-content\/uploads\/2017\/10\/22310325_10212119906565553_3166458012778058370_n.jpg?ssl=1\"><img data-recalc-dims=\"1\" loading=\"lazy\" decoding=\"async\" class=\"alignright size-medium wp-image-5405\" src=\"https:\/\/i0.wp.com\/cna.org.ar\/wp-content\/uploads\/2017\/10\/22310325_10212119906565553_3166458012778058370_n.jpg?resize=300%2C169&#038;ssl=1\" alt=\"22310325_10212119906565553_3166458012778058370_n\" width=\"300\" height=\"169\" srcset=\"https:\/\/i0.wp.com\/cna.org.ar\/wp-content\/uploads\/2017\/10\/22310325_10212119906565553_3166458012778058370_n.jpg?resize=300%2C169&amp;ssl=1 300w, https:\/\/i0.wp.com\/cna.org.ar\/wp-content\/uploads\/2017\/10\/22310325_10212119906565553_3166458012778058370_n.jpg?resize=620%2C350&amp;ssl=1 620w, https:\/\/i0.wp.com\/cna.org.ar\/wp-content\/uploads\/2017\/10\/22310325_10212119906565553_3166458012778058370_n.jpg?w=960&amp;ssl=1 960w\" sizes=\"auto, (max-width: 300px) 100vw, 300px\" \/><\/a><\/p>\n","protected":false},"excerpt":{"rendered":"<p>Los estudiantes de la Escuela Secundaria Nro. 6 Lomas del Mirador (Paran\u00e1 , Entre R\u00edos) realizaron un mural que recrea una obra del artista armenio Arshile Gorky. Felicitamos la iniciativa del docente Gustavo Landeira quien particip\u00f3 hace algunos meses en una capacitaci\u00f3n sobre el genocidio armenio que realiz\u00f3 el equipo de educaci\u00f3n del Consejo Nacional [&hellip;]<\/p>\n","protected":false},"author":1,"featured_media":5406,"comment_status":"closed","ping_status":"closed","sticky":false,"template":"","format":"standard","meta":{"site-sidebar-layout":"default","site-content-layout":"","ast-site-content-layout":"default","site-content-style":"default","site-sidebar-style":"default","ast-global-header-display":"","ast-banner-title-visibility":"","ast-main-header-display":"","ast-hfb-above-header-display":"","ast-hfb-below-header-display":"","ast-hfb-mobile-header-display":"","site-post-title":"","ast-breadcrumbs-content":"","ast-featured-img":"","footer-sml-layout":"","theme-transparent-header-meta":"","adv-header-id-meta":"","stick-header-meta":"","header-above-stick-meta":"","header-main-stick-meta":"","header-below-stick-meta":"","astra-migrate-meta-layouts":"default","ast-page-background-enabled":"default","ast-page-background-meta":{"desktop":{"background-color":"var(--ast-global-color-4)","background-image":"","background-repeat":"repeat","background-position":"center center","background-size":"auto","background-attachment":"scroll","background-type":"","background-media":"","overlay-type":"","overlay-color":"","overlay-opacity":"","overlay-gradient":""},"tablet":{"background-color":"","background-image":"","background-repeat":"repeat","background-position":"center center","background-size":"auto","background-attachment":"scroll","background-type":"","background-media":"","overlay-type":"","overlay-color":"","overlay-opacity":"","overlay-gradient":""},"mobile":{"background-color":"","background-image":"","background-repeat":"repeat","background-position":"center center","background-size":"auto","background-attachment":"scroll","background-type":"","background-media":"","overlay-type":"","overlay-color":"","overlay-opacity":"","overlay-gradient":""}},"ast-content-background-meta":{"desktop":{"background-color":"var(--ast-global-color-5)","background-image":"","background-repeat":"repeat","background-position":"center center","background-size":"auto","background-attachment":"scroll","background-type":"","background-media":"","overlay-type":"","overlay-color":"","overlay-opacity":"","overlay-gradient":""},"tablet":{"background-color":"var(--ast-global-color-5)","background-image":"","background-repeat":"repeat","background-position":"center center","background-size":"auto","background-attachment":"scroll","background-type":"","background-media":"","overlay-type":"","overlay-color":"","overlay-opacity":"","overlay-gradient":""},"mobile":{"background-color":"var(--ast-global-color-5)","background-image":"","background-repeat":"repeat","background-position":"center center","background-size":"auto","background-attachment":"scroll","background-type":"","background-media":"","overlay-type":"","overlay-color":"","overlay-opacity":"","overlay-gradient":""}},"_jetpack_memberships_contains_paid_content":false,"footnotes":""},"categories":[33,38],"tags":[468,321,304,11,469],"class_list":["post-5404","post","type-post","status-publish","format-standard","has-post-thumbnail","hentry","category-acteduc","category-areaeduc","tag-arshille-gorky","tag-entre-rios","tag-equipo-de-educacion","tag-genocidio-armenio","tag-parana-entre-rios"],"jetpack_featured_media_url":"https:\/\/i0.wp.com\/cna.org.ar\/wp-content\/uploads\/2017\/10\/22366350_10212119906365548_4453410553531424853_n.jpg?fit=960%2C540&ssl=1","jetpack_sharing_enabled":true,"_links":{"self":[{"href":"https:\/\/cna.org.ar\/index.php\/wp-json\/wp\/v2\/posts\/5404","targetHints":{"allow":["GET"]}}],"collection":[{"href":"https:\/\/cna.org.ar\/index.php\/wp-json\/wp\/v2\/posts"}],"about":[{"href":"https:\/\/cna.org.ar\/index.php\/wp-json\/wp\/v2\/types\/post"}],"author":[{"embeddable":true,"href":"https:\/\/cna.org.ar\/index.php\/wp-json\/wp\/v2\/users\/1"}],"replies":[{"embeddable":true,"href":"https:\/\/cna.org.ar\/index.php\/wp-json\/wp\/v2\/comments?post=5404"}],"version-history":[{"count":3,"href":"https:\/\/cna.org.ar\/index.php\/wp-json\/wp\/v2\/posts\/5404\/revisions"}],"predecessor-version":[{"id":5410,"href":"https:\/\/cna.org.ar\/index.php\/wp-json\/wp\/v2\/posts\/5404\/revisions\/5410"}],"wp:featuredmedia":[{"embeddable":true,"href":"https:\/\/cna.org.ar\/index.php\/wp-json\/wp\/v2\/media\/5406"}],"wp:attachment":[{"href":"https:\/\/cna.org.ar\/index.php\/wp-json\/wp\/v2\/media?parent=5404"}],"wp:term":[{"taxonomy":"category","embeddable":true,"href":"https:\/\/cna.org.ar\/index.php\/wp-json\/wp\/v2\/categories?post=5404"},{"taxonomy":"post_tag","embeddable":true,"href":"https:\/\/cna.org.ar\/index.php\/wp-json\/wp\/v2\/tags?post=5404"}],"curies":[{"name":"wp","href":"https:\/\/api.w.org\/{rel}","templated":true}]}}