{"id":5431,"date":"2017-12-04T16:30:24","date_gmt":"2017-12-04T16:30:24","guid":{"rendered":"http:\/\/cna.org.ar\/?p=5431"},"modified":"2017-12-04T16:30:24","modified_gmt":"2017-12-04T16:30:24","slug":"presentacion-del-libro-veintidos-vidas-de-cristian-sirouyan-en-exesma","status":"publish","type":"post","link":"https:\/\/cna.org.ar\/index.php\/2017\/12\/04\/presentacion-del-libro-veintidos-vidas-de-cristian-sirouyan-en-exesma\/","title":{"rendered":"Presentaci\u00f3n del libro \u00abVeintid\u00f3s Vidas\u00bb de Cristian Sirouyan en ExESMA"},"content":{"rendered":"<p style=\"text-align: justify;\"><a href=\"https:\/\/i0.wp.com\/cna.org.ar\/wp-content\/uploads\/2017\/12\/24231915_1722105191142544_8716037149603992254_n.jpg?ssl=1\"><img data-recalc-dims=\"1\" loading=\"lazy\" decoding=\"async\" class=\"alignright size-medium wp-image-5432\" src=\"https:\/\/i0.wp.com\/cna.org.ar\/wp-content\/uploads\/2017\/12\/24231915_1722105191142544_8716037149603992254_n.jpg?resize=300%2C300&#038;ssl=1\" alt=\"24231915_1722105191142544_8716037149603992254_n\" width=\"300\" height=\"300\" srcset=\"https:\/\/i0.wp.com\/cna.org.ar\/wp-content\/uploads\/2017\/12\/24231915_1722105191142544_8716037149603992254_n.jpg?resize=300%2C300&amp;ssl=1 300w, https:\/\/i0.wp.com\/cna.org.ar\/wp-content\/uploads\/2017\/12\/24231915_1722105191142544_8716037149603992254_n.jpg?resize=150%2C150&amp;ssl=1 150w, https:\/\/i0.wp.com\/cna.org.ar\/wp-content\/uploads\/2017\/12\/24231915_1722105191142544_8716037149603992254_n.jpg?resize=36%2C36&amp;ssl=1 36w, https:\/\/i0.wp.com\/cna.org.ar\/wp-content\/uploads\/2017\/12\/24231915_1722105191142544_8716037149603992254_n.jpg?resize=350%2C350&amp;ssl=1 350w, https:\/\/i0.wp.com\/cna.org.ar\/wp-content\/uploads\/2017\/12\/24231915_1722105191142544_8716037149603992254_n.jpg?w=960&amp;ssl=1 960w\" sizes=\"auto, (max-width: 300px) 100vw, 300px\" \/><\/a>El periodista Cristian Sirouyan (Audici\u00f3n Ararat) presentar\u00e1 su libro \u00abVeintid\u00f3s vidas. Los desaparecidos armenios de la dictadura &#8217;76-&#8217;83\u00bb en el auditorio de la Casa por la Identidad del Espacio Memoria y Derechos Humanos (ex ESMA) (Av. Del Libertador 8151, CABA) el pr\u00f3ximo jueves 7 de diciembre a las 19 hs. Adem\u00e1s, participar\u00e1n el periodista y escritor Andr\u00e9s Asato, Carlos Est\u00e9ves, arquitecto y docente de FADU-UBA y Lila Pastoriza, directora de Contenidos del Espacio Memoria.<\/p>\n<p style=\"text-align: justify;\">La investigaci\u00f3n fue publicada por Ediciones Ciccus y relata la historia de veintid\u00f3s desaparecidos de origen armenio durante la \u00faltima dictadura argentina, trazando paralelismos con sus biograf\u00edas familiares como descendientes de los sobrevivientes del Genocidio Armenio.<\/p>\n","protected":false},"excerpt":{"rendered":"<p>El periodista Cristian Sirouyan (Audici\u00f3n Ararat) presentar\u00e1 su libro \u00abVeintid\u00f3s vidas. Los desaparecidos armenios de la dictadura &#8217;76-&#8217;83\u00bb en el auditorio de la Casa por la Identidad del Espacio Memoria y Derechos Humanos (ex ESMA) (Av. Del Libertador 8151, CABA) el pr\u00f3ximo jueves 7 de diciembre a las 19 hs. Adem\u00e1s, participar\u00e1n el periodista y [&hellip;]<\/p>\n","protected":false},"author":1,"featured_media":5432,"comment_status":"closed","ping_status":"closed","sticky":false,"template":"","format":"standard","meta":{"site-sidebar-layout":"default","site-content-layout":"","ast-site-content-layout":"default","site-content-style":"default","site-sidebar-style":"default","ast-global-header-display":"","ast-banner-title-visibility":"","ast-main-header-display":"","ast-hfb-above-header-display":"","ast-hfb-below-header-display":"","ast-hfb-mobile-header-display":"","site-post-title":"","ast-breadcrumbs-content":"","ast-featured-img":"","footer-sml-layout":"","theme-transparent-header-meta":"","adv-header-id-meta":"","stick-header-meta":"","header-above-stick-meta":"","header-main-stick-meta":"","header-below-stick-meta":"","astra-migrate-meta-layouts":"default","ast-page-background-enabled":"default","ast-page-background-meta":{"desktop":{"background-color":"var(--ast-global-color-4)","background-image":"","background-repeat":"repeat","background-position":"center center","background-size":"auto","background-attachment":"scroll","background-type":"","background-media":"","overlay-type":"","overlay-color":"","overlay-opacity":"","overlay-gradient":""},"tablet":{"background-color":"","background-image":"","background-repeat":"repeat","background-position":"center center","background-size":"auto","background-attachment":"scroll","background-type":"","background-media":"","overlay-type":"","overlay-color":"","overlay-opacity":"","overlay-gradient":""},"mobile":{"background-color":"","background-image":"","background-repeat":"repeat","background-position":"center center","background-size":"auto","background-attachment":"scroll","background-type":"","background-media":"","overlay-type":"","overlay-color":"","overlay-opacity":"","overlay-gradient":""}},"ast-content-background-meta":{"desktop":{"background-color":"var(--ast-global-color-5)","background-image":"","background-repeat":"repeat","background-position":"center center","background-size":"auto","background-attachment":"scroll","background-type":"","background-media":"","overlay-type":"","overlay-color":"","overlay-opacity":"","overlay-gradient":""},"tablet":{"background-color":"var(--ast-global-color-5)","background-image":"","background-repeat":"repeat","background-position":"center center","background-size":"auto","background-attachment":"scroll","background-type":"","background-media":"","overlay-type":"","overlay-color":"","overlay-opacity":"","overlay-gradient":""},"mobile":{"background-color":"var(--ast-global-color-5)","background-image":"","background-repeat":"repeat","background-position":"center center","background-size":"auto","background-attachment":"scroll","background-type":"","background-media":"","overlay-type":"","overlay-color":"","overlay-opacity":"","overlay-gradient":""}},"_jetpack_memberships_contains_paid_content":false,"footnotes":""},"categories":[3],"tags":[489,490,132,487,415,11,491,488],"class_list":["post-5431","post","type-post","status-publish","format-standard","has-post-thumbnail","hentry","category-actividades","tag-andres-asato","tag-carlos-esteves","tag-consejo-nacional-armenio","tag-cristian-sirouyan","tag-exesma","tag-genocidio-armenio","tag-lila-pastoriza","tag-veintidos-vidas"],"jetpack_featured_media_url":"https:\/\/i0.wp.com\/cna.org.ar\/wp-content\/uploads\/2017\/12\/24231915_1722105191142544_8716037149603992254_n.jpg?fit=960%2C960&ssl=1","jetpack_sharing_enabled":true,"_links":{"self":[{"href":"https:\/\/cna.org.ar\/index.php\/wp-json\/wp\/v2\/posts\/5431","targetHints":{"allow":["GET"]}}],"collection":[{"href":"https:\/\/cna.org.ar\/index.php\/wp-json\/wp\/v2\/posts"}],"about":[{"href":"https:\/\/cna.org.ar\/index.php\/wp-json\/wp\/v2\/types\/post"}],"author":[{"embeddable":true,"href":"https:\/\/cna.org.ar\/index.php\/wp-json\/wp\/v2\/users\/1"}],"replies":[{"embeddable":true,"href":"https:\/\/cna.org.ar\/index.php\/wp-json\/wp\/v2\/comments?post=5431"}],"version-history":[{"count":1,"href":"https:\/\/cna.org.ar\/index.php\/wp-json\/wp\/v2\/posts\/5431\/revisions"}],"predecessor-version":[{"id":5433,"href":"https:\/\/cna.org.ar\/index.php\/wp-json\/wp\/v2\/posts\/5431\/revisions\/5433"}],"wp:featuredmedia":[{"embeddable":true,"href":"https:\/\/cna.org.ar\/index.php\/wp-json\/wp\/v2\/media\/5432"}],"wp:attachment":[{"href":"https:\/\/cna.org.ar\/index.php\/wp-json\/wp\/v2\/media?parent=5431"}],"wp:term":[{"taxonomy":"category","embeddable":true,"href":"https:\/\/cna.org.ar\/index.php\/wp-json\/wp\/v2\/categories?post=5431"},{"taxonomy":"post_tag","embeddable":true,"href":"https:\/\/cna.org.ar\/index.php\/wp-json\/wp\/v2\/tags?post=5431"}],"curies":[{"name":"wp","href":"https:\/\/api.w.org\/{rel}","templated":true}]}}