{"id":5508,"date":"2018-03-06T15:28:50","date_gmt":"2018-03-06T15:28:50","guid":{"rendered":"http:\/\/cna.org.ar\/?p=5508"},"modified":"2018-03-06T19:10:50","modified_gmt":"2018-03-06T19:10:50","slug":"anulacion-de-los-protocolos-reves-para-el-lobby-de-turquia","status":"publish","type":"post","link":"https:\/\/cna.org.ar\/index.php\/2018\/03\/06\/anulacion-de-los-protocolos-reves-para-el-lobby-de-turquia\/","title":{"rendered":"Anulaci\u00f3n de los protocolos: rev\u00e9s para el lobby de Turqu\u00eda"},"content":{"rendered":"<p dir=\"ltr\" style=\"text-align: justify;\"><span style=\"color: #000000;\"><a href=\"https:\/\/i0.wp.com\/cna.org.ar\/wp-content\/uploads\/2015\/04\/logo_cna-e1433796626500.jpg?ssl=1\"><img data-recalc-dims=\"1\" loading=\"lazy\" decoding=\"async\" class=\"alignright size-thumbnail wp-image-3517\" src=\"https:\/\/i0.wp.com\/cna.org.ar\/wp-content\/uploads\/2015\/04\/logo_cna.jpg?resize=150%2C150&#038;ssl=1\" alt=\"logo_cna\" width=\"150\" height=\"150\" \/><\/a><\/span><\/p>\n<p dir=\"ltr\" style=\"text-align: justify;\"><span style=\"color: #000000;\">El 1\u00b0 de marzo Serzh Sargsi\u00e1n decret\u00f3 la anulaci\u00f3n de los protocolos firmados en 2009 con la Rep\u00fablica de Turqu\u00eda. La medida, que el presidente armenio anticipara en la Asamblea General de la ONU en septiembre de 2017, ratifica la nula productividad que tuvieron desde un inicio para la parte armenia. Originados en la necesidad de la normalizaci\u00f3n de las relaciones entre Armenia y Turqu\u00eda, recibieron progresivamente un amplio rechazo por parte de diversos sectores, especialmente la di\u00e1spora armenia, y la comunidad de Argentina no fue la excepci\u00f3n.<\/span><\/p>\n<p dir=\"ltr\" style=\"text-align: justify;\"><span style=\"color: #000000;\">Desde un inicio, el Consejo Nacional Armenio (CNA) consider\u00f3 inaceptables las precondiciones impuestas por Turqu\u00eda. Si bien en un principio se mantuvieron ocultas, el Estado genocida acab\u00f3 por exhibirlas plenamente. Las mismas eran principalmente el reconocimiento de las fronteras entre ambos, que anular\u00eda los reclamos armenios, la \u201cresoluci\u00f3n\u201d del conflicto de Nagorno Karabaj, entregando dicha rep\u00fablica a Azerbaiy\u00e1n, y transformar la verdad hist\u00f3rica del genocidio armenio en un objeto de estudio, obstaculizando su reconocimiento en otros pa\u00edses y dejando en una inc\u00f3moda posici\u00f3n a aquellos que, como Argentina, ya lo hab\u00edan hecho.<\/span><\/p>\n<p style=\"text-align: justify;\"><span style=\"color: #000000;\">A pesar de que nunca entraron en vigencia, Turqu\u00eda intent\u00f3 explotar los protocolos en su propio beneficio, incluso en nuestro pa\u00eds, en \u00e1mbitos pol\u00edticos, acad\u00e9micos, medi\u00e1ticos y diplom\u00e1ticos. En 2010 el CNA se\u00f1alaba: \u201cLa propaganda turca, activa si las hay, anuncia a los cuatro vientos que armenios y turcos han alcanzado un acuerdo, queriendo as\u00ed\u00ad dar una soluci\u00f3n pol\u00ed\u00adtica y medi\u00e1tica a los cr\u00ed\u00admenes de lesa humanidad, relegando otra vez el advenimiento de la justicia\u201d.<\/span><\/p>\n<p dir=\"ltr\" style=\"text-align: justify;\"><span style=\"color: #000000;\">Durante estos ocho a\u00f1os, hemos sido testigos de c\u00f3mo el lobby turco, centralizado en su embajada, intentaba convencer a diputados y senadores nacionales, y a legisladores provinciales, de que Armenia y Turqu\u00eda estaban trabajando para alcanzar un entendimiento, y que cualquier posicionamiento de un parlamento extranjero s\u00f3lo entorpecer\u00eda estas relaciones. Basta indagar en actas de sesiones cercanas al 24 de abril, o en los argumentos expresados por legisladores contrarios a la adhesi\u00f3n de sus provincias a la Ley 26.199. Adem\u00e1s la diplomacia turca, utilizando un derecho inexistente en su propio pa\u00eds, respond\u00eda injuriosamente en la prensa gr\u00e1fica a cualquier art\u00edculo sobre el genocidio armenio esgrimiendo la misma mentira. El estado negacionista, sin haber dado un solo paso, quer\u00eda convencer al mundo de que las negociaciones estaban a toda marcha.<\/span><\/p>\n<p style=\"text-align: justify;\"><span style=\"color: #000000;\">El CNA saluda esta decisi\u00f3n del gobierno armenio, ya que contribuir\u00e1 a desmantelar parte del uso perverso que realiz\u00f3 Turqu\u00eda de los mismos. A su vez, agradece a los periodistas, acad\u00e9micos, intelectuales y representantes del pueblo argentino quienes, en su amplia mayor\u00eda, no creyeron en las maniobras de un Estado que desarrolla una pol\u00edtica de cien a\u00f1os de negaci\u00f3n. Especialmente en un pa\u00eds como Argentina, seguimos reafirmando que el entendimiento entre Armenia y Turqu\u00eda s\u00f3lo puede ser posible sin precondiciones, sobre los pilares de la \u00a0memoria, la verdad, la justicia y la reparaci\u00f3n. Cualquier otra alternativa implica un abandono de la Causa Armenia y la traici\u00f3n a quienes en todo el mundo la han acompa\u00f1ado.<\/span><\/p>\n<div class=\"yj6qo\" style=\"text-align: right;\"><span style=\"color: #000000;\">\u00a0<em>Consejo Nacional Armenio\u00a0<\/em><\/span><br \/>\n<span style=\"color: #000000;\"><em>Ciudad Aut\u00f3noma de Buenos Aires, 6 de marzo de 2018<\/em><\/span><\/div>\n<p>&nbsp;<\/p>\n","protected":false},"excerpt":{"rendered":"<p>El 1\u00b0 de marzo Serzh Sargsi\u00e1n decret\u00f3 la anulaci\u00f3n de los protocolos firmados en 2009 con la Rep\u00fablica de Turqu\u00eda. La medida, que el presidente armenio anticipara en la Asamblea General de la ONU en septiembre de 2017, ratifica la nula productividad que tuvieron desde un inicio para la parte armenia. Originados en la necesidad [&hellip;]<\/p>\n","protected":false},"author":1,"featured_media":3517,"comment_status":"closed","ping_status":"closed","sticky":false,"template":"","format":"standard","meta":{"site-sidebar-layout":"default","site-content-layout":"","ast-site-content-layout":"default","site-content-style":"default","site-sidebar-style":"default","ast-global-header-display":"","ast-banner-title-visibility":"","ast-main-header-display":"","ast-hfb-above-header-display":"","ast-hfb-below-header-display":"","ast-hfb-mobile-header-display":"","site-post-title":"","ast-breadcrumbs-content":"","ast-featured-img":"","footer-sml-layout":"","theme-transparent-header-meta":"","adv-header-id-meta":"","stick-header-meta":"","header-above-stick-meta":"","header-main-stick-meta":"","header-below-stick-meta":"","astra-migrate-meta-layouts":"default","ast-page-background-enabled":"default","ast-page-background-meta":{"desktop":{"background-color":"var(--ast-global-color-4)","background-image":"","background-repeat":"repeat","background-position":"center center","background-size":"auto","background-attachment":"scroll","background-type":"","background-media":"","overlay-type":"","overlay-color":"","overlay-opacity":"","overlay-gradient":""},"tablet":{"background-color":"","background-image":"","background-repeat":"repeat","background-position":"center center","background-size":"auto","background-attachment":"scroll","background-type":"","background-media":"","overlay-type":"","overlay-color":"","overlay-opacity":"","overlay-gradient":""},"mobile":{"background-color":"","background-image":"","background-repeat":"repeat","background-position":"center center","background-size":"auto","background-attachment":"scroll","background-type":"","background-media":"","overlay-type":"","overlay-color":"","overlay-opacity":"","overlay-gradient":""}},"ast-content-background-meta":{"desktop":{"background-color":"var(--ast-global-color-5)","background-image":"","background-repeat":"repeat","background-position":"center center","background-size":"auto","background-attachment":"scroll","background-type":"","background-media":"","overlay-type":"","overlay-color":"","overlay-opacity":"","overlay-gradient":""},"tablet":{"background-color":"var(--ast-global-color-5)","background-image":"","background-repeat":"repeat","background-position":"center center","background-size":"auto","background-attachment":"scroll","background-type":"","background-media":"","overlay-type":"","overlay-color":"","overlay-opacity":"","overlay-gradient":""},"mobile":{"background-color":"var(--ast-global-color-5)","background-image":"","background-repeat":"repeat","background-position":"center center","background-size":"auto","background-attachment":"scroll","background-type":"","background-media":"","overlay-type":"","overlay-color":"","overlay-opacity":"","overlay-gradient":""}},"_jetpack_memberships_contains_paid_content":false,"footnotes":""},"categories":[4],"tags":[504,16,132,503,23],"class_list":["post-5508","post","type-post","status-publish","format-standard","has-post-thumbnail","hentry","category-comunicados","tag-anulacion","tag-armenia-2","tag-consejo-nacional-armenio","tag-protocolos","tag-turquia"],"jetpack_featured_media_url":"https:\/\/i0.wp.com\/cna.org.ar\/wp-content\/uploads\/2015\/04\/logo_cna-e1433796626500.jpg?fit=350%2C350&ssl=1","jetpack_sharing_enabled":true,"_links":{"self":[{"href":"https:\/\/cna.org.ar\/index.php\/wp-json\/wp\/v2\/posts\/5508","targetHints":{"allow":["GET"]}}],"collection":[{"href":"https:\/\/cna.org.ar\/index.php\/wp-json\/wp\/v2\/posts"}],"about":[{"href":"https:\/\/cna.org.ar\/index.php\/wp-json\/wp\/v2\/types\/post"}],"author":[{"embeddable":true,"href":"https:\/\/cna.org.ar\/index.php\/wp-json\/wp\/v2\/users\/1"}],"replies":[{"embeddable":true,"href":"https:\/\/cna.org.ar\/index.php\/wp-json\/wp\/v2\/comments?post=5508"}],"version-history":[{"count":2,"href":"https:\/\/cna.org.ar\/index.php\/wp-json\/wp\/v2\/posts\/5508\/revisions"}],"predecessor-version":[{"id":5510,"href":"https:\/\/cna.org.ar\/index.php\/wp-json\/wp\/v2\/posts\/5508\/revisions\/5510"}],"wp:featuredmedia":[{"embeddable":true,"href":"https:\/\/cna.org.ar\/index.php\/wp-json\/wp\/v2\/media\/3517"}],"wp:attachment":[{"href":"https:\/\/cna.org.ar\/index.php\/wp-json\/wp\/v2\/media?parent=5508"}],"wp:term":[{"taxonomy":"category","embeddable":true,"href":"https:\/\/cna.org.ar\/index.php\/wp-json\/wp\/v2\/categories?post=5508"},{"taxonomy":"post_tag","embeddable":true,"href":"https:\/\/cna.org.ar\/index.php\/wp-json\/wp\/v2\/tags?post=5508"}],"curies":[{"name":"wp","href":"https:\/\/api.w.org\/{rel}","templated":true}]}}