{"id":551,"date":"2009-12-10T16:14:56","date_gmt":"2009-12-10T19:14:56","guid":{"rendered":"http:\/\/www.cna.org.ar\/?p=551"},"modified":"2009-12-10T16:14:56","modified_gmt":"2009-12-10T19:14:56","slug":"aniversario-de-la-declaracion-universal-de-los-derechos-humanos","status":"publish","type":"post","link":"https:\/\/cna.org.ar\/index.php\/2009\/12\/10\/aniversario-de-la-declaracion-universal-de-los-derechos-humanos\/","title":{"rendered":"Aniversario de la Declaraci\u00f3n Universal de los Derechos Humanos"},"content":{"rendered":"<p>De esta manera, se dio el paso fundamental de codificar la prohibici\u00f3n del genocidio, declar\u00e1ndolo un delito; pero que sin duda preexistieron a la sanci\u00f3n de este instrumento, pr\u00e1cticas genocidas en el contexto internacional que constituyeron cr\u00ed\u00admenes de Lesa Humanidad.<br \/>\n<span class=\"hidden\">.<\/span><br \/>\nEl Genocidio Armenio, perpetrado por el Estado turco entre los a\u00f1os 1915 y 1923 en el que fueron asesinadas mas de 1.500.000 personas, inaugur\u00f3 un siglo XX que dej\u00f3 como resultado importantes p\u00e9rdidas humanas por guerras, holocaustos, genocidios, terrorismo de Estado y gobiernos dictatoriales. Este nuevo siglo, tambi\u00e9n lleva una mancha de centenares de muertes, con el genocidio de Darfur y la limpieza \u00e9tnica en los Balcanes. La Humanidad tiene que superar, revisar lo realizado, responsabilizar a los causantes e imponer sanciones a sus ejecutores. Es preciso que el sistema internacional se mantenga alerta y sancione efectivamente a los Estados que motivados por intereses econ\u00f3micos, y pol\u00ed\u00adticos atenten contra su poblaci\u00f3n civil.<\/p>\n<p>Es por ello, que consideramos que la comunidad internacional no tiene s\u00f3lo una obligaci\u00f3n legal, a partir de su vigencia, sino tambi\u00e9n moral para tomar medidas oportunas para garantizar la efectiva sanci\u00f3n hacia el pasado y hacia el futuro, haciendo prevalecer la justicia.<br \/>\n<span class=\"hidden\">.<\/span><br \/>\nDesde el Consejo Nacional Armenio consideramos que es fundamental seguir avanzando para que estos derechos se hagan efectivos en la realidad, que sean difundidos, comprendidos y disfrutados por todos los habitantes de este mundo. Estos mecanismos creados como resultado de terribles guerras, de genocidios, de injusticias, no deben vaciarse de contenido y deben servir para promover y proteger las libertades fundamentales y los derechos humanos.<br \/>\n<span class=\"hidden\">.<\/span><br \/>\nLos perpetradores de genocidios y sus c\u00f3mplices han encontrado una alternativa peligros\u00ed\u00adsima en la negaci\u00f3n, para sostener en el tiempo la impunidad y as\u00ed\u00ad seguir evadiendo responsabilidades.<br \/>\n<span class=\"hidden\">.<\/span><br \/>\nEn tiempos donde la codicia de las potencias pone en funcionamiento sus maquinarias diplom\u00e1ticas y medi\u00e1ticas recomendando soluciones pol\u00ed\u00adticas para cr\u00ed\u00admenes de lesa humanidad, una forma encubierta de condenar al olvido las peores atrocidades, convencidos reafirmamos que la respuesta es que para que prevalezca la verdad s\u00f3lo puede haber justicia y nada m\u00e1s que justicia.<\/p>\n","protected":false},"excerpt":{"rendered":"<p><a href=\"http:\/\/www.cna.org.ar\/wp-content\/uploads\/2009\/12\/Foto-para-web-dictadura-genocidio-Large1.JPG\"><img loading=\"lazy\" decoding=\"async\" class=\"alignleft size-medium wp-image-553\" title=\"Derechos Humanos\" src=\"http:\/\/www.cna.org.ar\/wp-content\/uploads\/2009\/12\/Foto-para-web-dictadura-genocidio-Large1-300x234.jpg\" alt=\"Derechos Humanos\" width=\"189\" height=\"147\" \/><\/a>Comunicado CNA- 10 de Diciembre de 2009.<\/p>\n<p>El 10 de Diciembre de 1948, la Asamblea General de las Naciones Unidas aprob\u00f3 y proclam\u00f3 la Declaraci\u00f3n Universal de Derechos Humanos. Tras este acto hist\u00f3rico, se reconoce que los derechos fundamentales de las personas son anteriores al surgimiento de los Estados y que estos no los conceden sino que los promueven y garantizan.<\/p>\n<p>En este marco, la Asamblea tambi\u00e9n aprob\u00f3 la Convenci\u00f3n para la Prevenci\u00f3n y la Sanci\u00f3n del Delito de Genocidio, al considerar que en todos los per\u00ed\u00adodos de la historia el genocidio ha inflingido grandes p\u00e9rdidas a la Humanidad.<\/p>\n","protected":false},"author":1,"featured_media":0,"comment_status":"closed","ping_status":"closed","sticky":false,"template":"","format":"standard","meta":{"site-sidebar-layout":"default","site-content-layout":"","ast-site-content-layout":"default","site-content-style":"default","site-sidebar-style":"default","ast-global-header-display":"","ast-banner-title-visibility":"","ast-main-header-display":"","ast-hfb-above-header-display":"","ast-hfb-below-header-display":"","ast-hfb-mobile-header-display":"","site-post-title":"","ast-breadcrumbs-content":"","ast-featured-img":"","footer-sml-layout":"","theme-transparent-header-meta":"","adv-header-id-meta":"","stick-header-meta":"","header-above-stick-meta":"","header-main-stick-meta":"","header-below-stick-meta":"","astra-migrate-meta-layouts":"default","ast-page-background-enabled":"default","ast-page-background-meta":{"desktop":{"background-color":"var(--ast-global-color-4)","background-image":"","background-repeat":"repeat","background-position":"center center","background-size":"auto","background-attachment":"scroll","background-type":"","background-media":"","overlay-type":"","overlay-color":"","overlay-opacity":"","overlay-gradient":""},"tablet":{"background-color":"","background-image":"","background-repeat":"repeat","background-position":"center center","background-size":"auto","background-attachment":"scroll","background-type":"","background-media":"","overlay-type":"","overlay-color":"","overlay-opacity":"","overlay-gradient":""},"mobile":{"background-color":"","background-image":"","background-repeat":"repeat","background-position":"center center","background-size":"auto","background-attachment":"scroll","background-type":"","background-media":"","overlay-type":"","overlay-color":"","overlay-opacity":"","overlay-gradient":""}},"ast-content-background-meta":{"desktop":{"background-color":"var(--ast-global-color-5)","background-image":"","background-repeat":"repeat","background-position":"center center","background-size":"auto","background-attachment":"scroll","background-type":"","background-media":"","overlay-type":"","overlay-color":"","overlay-opacity":"","overlay-gradient":""},"tablet":{"background-color":"var(--ast-global-color-5)","background-image":"","background-repeat":"repeat","background-position":"center center","background-size":"auto","background-attachment":"scroll","background-type":"","background-media":"","overlay-type":"","overlay-color":"","overlay-opacity":"","overlay-gradient":""},"mobile":{"background-color":"var(--ast-global-color-5)","background-image":"","background-repeat":"repeat","background-position":"center center","background-size":"auto","background-attachment":"scroll","background-type":"","background-media":"","overlay-type":"","overlay-color":"","overlay-opacity":"","overlay-gradient":""}},"_jetpack_memberships_contains_paid_content":false,"footnotes":""},"categories":[4],"tags":[],"class_list":["post-551","post","type-post","status-publish","format-standard","hentry","category-comunicados"],"jetpack_featured_media_url":"","jetpack_sharing_enabled":true,"_links":{"self":[{"href":"https:\/\/cna.org.ar\/index.php\/wp-json\/wp\/v2\/posts\/551","targetHints":{"allow":["GET"]}}],"collection":[{"href":"https:\/\/cna.org.ar\/index.php\/wp-json\/wp\/v2\/posts"}],"about":[{"href":"https:\/\/cna.org.ar\/index.php\/wp-json\/wp\/v2\/types\/post"}],"author":[{"embeddable":true,"href":"https:\/\/cna.org.ar\/index.php\/wp-json\/wp\/v2\/users\/1"}],"replies":[{"embeddable":true,"href":"https:\/\/cna.org.ar\/index.php\/wp-json\/wp\/v2\/comments?post=551"}],"version-history":[{"count":0,"href":"https:\/\/cna.org.ar\/index.php\/wp-json\/wp\/v2\/posts\/551\/revisions"}],"wp:attachment":[{"href":"https:\/\/cna.org.ar\/index.php\/wp-json\/wp\/v2\/media?parent=551"}],"wp:term":[{"taxonomy":"category","embeddable":true,"href":"https:\/\/cna.org.ar\/index.php\/wp-json\/wp\/v2\/categories?post=551"},{"taxonomy":"post_tag","embeddable":true,"href":"https:\/\/cna.org.ar\/index.php\/wp-json\/wp\/v2\/tags?post=551"}],"curies":[{"name":"wp","href":"https:\/\/api.w.org\/{rel}","templated":true}]}}