{"id":5527,"date":"2018-03-23T18:56:10","date_gmt":"2018-03-23T18:56:10","guid":{"rendered":"http:\/\/cna.org.ar\/?p=5527"},"modified":"2018-03-23T19:14:44","modified_gmt":"2018-03-23T19:14:44","slug":"comunicado-del-consejo-nacional-armenio-por-el-dia-nacional-de-la-memoria-por-la-verdad-y-la-justicia","status":"publish","type":"post","link":"https:\/\/cna.org.ar\/index.php\/2018\/03\/23\/comunicado-del-consejo-nacional-armenio-por-el-dia-nacional-de-la-memoria-por-la-verdad-y-la-justicia\/","title":{"rendered":"Comunicado del Consejo Nacional Armenio por el \u00abDia Nacional de la Memoria por la Verdad y la Justicia\u00bb"},"content":{"rendered":"<h1 dir=\"ltr\" style=\"text-align: left;\"><strong>No hay lugar para genocidas en el espacio p\u00fablico\u00a0<\/strong><\/h1>\n<p dir=\"ltr\" style=\"text-align: justify;\">En 2010 la comunidad armenia de Buenos Aires se conmovi\u00f3 fuertemente ante la posibilidad de que un busto de Mustaf\u00e1 Kemal \u201cAtaturk\u201d fuera instalado. Su ubicaci\u00f3n, en el barrio de Palermo, donde la mayor\u00eda de las instituciones tiene sus sedes centrales, acentuaba a\u00fan m\u00e1s la provocaci\u00f3n. El reclamo comunitario mancomunado logr\u00f3 que la iniciativa quedara atr\u00e1s, a pesar de las fuertes presiones de Turqu\u00eda. Ninguno de los descendientes de los sobrevivientes del genocidio contra los \u00a0armenios quer\u00eda toparse con la efigie de uno de los responsables de la mayor tragedia sufrida por este pueblo.<\/p>\n<p style=\"text-align: justify;\">Juan Carlos Abachi\u00e1n, marplatense, jugador de rugby, estudiante de Derecho y militante pol\u00edtico, sol\u00eda viajar a la ciudad de Buenos Aires para participar de bailes organizados por la colectividad armenia, seg\u00fan relata Cristian Sirouyan en \u201cVeintid\u00f3s vidas &#8211; Los desaparecidos armenios de la dictadura \u00b476-\u00b483\u201d. En honor al disgusto que a su padre Soghom\u00f3n, nacido en Kessab, le causaba que a Juan Carlos lo apodaran \u201cel Turco\u201d, logr\u00f3 que sus compa\u00f1eros lo llamaran \u201cel Armenio\u201d. El 27 de diciembre de 1976 fue detenido en La Plata y a\u00fan permanece desaparecido. La responsabilidad de Miguel Etchecolatz fue sentenciada en el juicio por el \u201cCircuito Camps\u201d.<\/p>\n<p style=\"text-align: justify;\">Tambi\u00e9n un 27 de diciembre, pero 41 a\u00f1os despu\u00e9s, a Etchecolatz le fue concedida la prisi\u00f3n domiciliaria, y eligi\u00f3 la ciudad de Mar del Plata, la misma donde reside la familia de Juan Carlos, hecho que fue denunciado y repudiado por su hermana Marta Abachi\u00e1n y por organismos de Derechos Humanos. Uno de los responsables del horror ser\u00eda vecino de la familia de las v\u00edctimas, que atraves\u00f3 por dos experiencias genocidas del siglo XX. su atestiguada violaci\u00f3n de la reclusi\u00f3n domiciliaria podr\u00eda cruzar en las mismas calles a los responsables juzgados de delitos de lesa humanidad con familiares que a\u00fan desconocen el paradero de aquellos que fueron arrebatados. Recientemente, el beneficio de Etchecolatz fue revocado por la justicia.<\/p>\n<p style=\"text-align: justify;\">Desde el CNA entendemos que m\u00e1s all\u00e1 de las innumerables diferencias entre ambas situaciones, subyace una realidad: en Argentina, los genocidas deben ocupar el lugar que les corresponde, que definitivamente no est\u00e1 en la v\u00eda p\u00fablica. Este 24 de marzo, conmemorar el D\u00eda Nacional de la Memoria por la Verdad y por la Justicia es ratificar el compromiso con un presente construido sobre esos pilares, que no pueda ser doblegado por ning\u00fan tipo de presi\u00f3n. Los avances conseguidos en materia de Derechos Humanos son la base para continuar la lucha contra el negacionismo en todas sus formas. Defender y profundizar esa agenda es la garant\u00eda del futuro.<\/p>\n<p style=\"text-align: right;\"><em>Consejo Nacional Armenio\u00a0<\/em><br \/>\n<em>Ciudad Aut\u00f3noma de Buenos Aires, 23 de marzo del 2018\u00a0<\/em><\/p>\n<p>&nbsp;<\/p>\n","protected":false},"excerpt":{"rendered":"<p>No hay lugar para genocidas en el espacio p\u00fablico\u00a0 En 2010 la comunidad armenia de Buenos Aires se conmovi\u00f3 fuertemente ante la posibilidad de que un busto de Mustaf\u00e1 Kemal \u201cAtaturk\u201d fuera instalado. Su ubicaci\u00f3n, en el barrio de Palermo, donde la mayor\u00eda de las instituciones tiene sus sedes centrales, acentuaba a\u00fan m\u00e1s la provocaci\u00f3n. [&hellip;]<\/p>\n","protected":false},"author":1,"featured_media":3517,"comment_status":"closed","ping_status":"closed","sticky":false,"template":"","format":"standard","meta":{"site-sidebar-layout":"default","site-content-layout":"","ast-site-content-layout":"default","site-content-style":"default","site-sidebar-style":"default","ast-global-header-display":"","ast-banner-title-visibility":"","ast-main-header-display":"","ast-hfb-above-header-display":"","ast-hfb-below-header-display":"","ast-hfb-mobile-header-display":"","site-post-title":"","ast-breadcrumbs-content":"","ast-featured-img":"","footer-sml-layout":"","theme-transparent-header-meta":"","adv-header-id-meta":"","stick-header-meta":"","header-above-stick-meta":"","header-main-stick-meta":"","header-below-stick-meta":"","astra-migrate-meta-layouts":"default","ast-page-background-enabled":"default","ast-page-background-meta":{"desktop":{"background-color":"var(--ast-global-color-4)","background-image":"","background-repeat":"repeat","background-position":"center center","background-size":"auto","background-attachment":"scroll","background-type":"","background-media":"","overlay-type":"","overlay-color":"","overlay-opacity":"","overlay-gradient":""},"tablet":{"background-color":"","background-image":"","background-repeat":"repeat","background-position":"center center","background-size":"auto","background-attachment":"scroll","background-type":"","background-media":"","overlay-type":"","overlay-color":"","overlay-opacity":"","overlay-gradient":""},"mobile":{"background-color":"","background-image":"","background-repeat":"repeat","background-position":"center center","background-size":"auto","background-attachment":"scroll","background-type":"","background-media":"","overlay-type":"","overlay-color":"","overlay-opacity":"","overlay-gradient":""}},"ast-content-background-meta":{"desktop":{"background-color":"var(--ast-global-color-5)","background-image":"","background-repeat":"repeat","background-position":"center center","background-size":"auto","background-attachment":"scroll","background-type":"","background-media":"","overlay-type":"","overlay-color":"","overlay-opacity":"","overlay-gradient":""},"tablet":{"background-color":"var(--ast-global-color-5)","background-image":"","background-repeat":"repeat","background-position":"center center","background-size":"auto","background-attachment":"scroll","background-type":"","background-media":"","overlay-type":"","overlay-color":"","overlay-opacity":"","overlay-gradient":""},"mobile":{"background-color":"var(--ast-global-color-5)","background-image":"","background-repeat":"repeat","background-position":"center center","background-size":"auto","background-attachment":"scroll","background-type":"","background-media":"","overlay-type":"","overlay-color":"","overlay-opacity":"","overlay-gradient":""}},"_jetpack_memberships_contains_paid_content":false,"footnotes":""},"categories":[4],"tags":[291,440,445,132,429,512],"class_list":["post-5527","post","type-post","status-publish","format-standard","has-post-thumbnail","hentry","category-comunicados","tag-24-de-marzo","tag-comunicado","tag-consejo-nacional","tag-consejo-nacional-armenio","tag-consejo-nacional-armenio-de-sudamerica","tag-dia-de-la-memoria-por-la-verdad-y-la-justicia"],"jetpack_featured_media_url":"https:\/\/i0.wp.com\/cna.org.ar\/wp-content\/uploads\/2015\/04\/logo_cna-e1433796626500.jpg?fit=350%2C350&ssl=1","jetpack_sharing_enabled":true,"_links":{"self":[{"href":"https:\/\/cna.org.ar\/index.php\/wp-json\/wp\/v2\/posts\/5527","targetHints":{"allow":["GET"]}}],"collection":[{"href":"https:\/\/cna.org.ar\/index.php\/wp-json\/wp\/v2\/posts"}],"about":[{"href":"https:\/\/cna.org.ar\/index.php\/wp-json\/wp\/v2\/types\/post"}],"author":[{"embeddable":true,"href":"https:\/\/cna.org.ar\/index.php\/wp-json\/wp\/v2\/users\/1"}],"replies":[{"embeddable":true,"href":"https:\/\/cna.org.ar\/index.php\/wp-json\/wp\/v2\/comments?post=5527"}],"version-history":[{"count":3,"href":"https:\/\/cna.org.ar\/index.php\/wp-json\/wp\/v2\/posts\/5527\/revisions"}],"predecessor-version":[{"id":5530,"href":"https:\/\/cna.org.ar\/index.php\/wp-json\/wp\/v2\/posts\/5527\/revisions\/5530"}],"wp:featuredmedia":[{"embeddable":true,"href":"https:\/\/cna.org.ar\/index.php\/wp-json\/wp\/v2\/media\/3517"}],"wp:attachment":[{"href":"https:\/\/cna.org.ar\/index.php\/wp-json\/wp\/v2\/media?parent=5527"}],"wp:term":[{"taxonomy":"category","embeddable":true,"href":"https:\/\/cna.org.ar\/index.php\/wp-json\/wp\/v2\/categories?post=5527"},{"taxonomy":"post_tag","embeddable":true,"href":"https:\/\/cna.org.ar\/index.php\/wp-json\/wp\/v2\/tags?post=5527"}],"curies":[{"name":"wp","href":"https:\/\/api.w.org\/{rel}","templated":true}]}}