{"id":5548,"date":"2018-04-23T17:34:49","date_gmt":"2018-04-23T17:34:49","guid":{"rendered":"http:\/\/cna.org.ar\/?p=5548"},"modified":"2018-04-23T17:34:49","modified_gmt":"2018-04-23T17:34:49","slug":"103-anos-despues-turquia-aun-pretende-eludir-su-compromiso-reescribiendo-la-historia","status":"publish","type":"post","link":"https:\/\/cna.org.ar\/index.php\/2018\/04\/23\/103-anos-despues-turquia-aun-pretende-eludir-su-compromiso-reescribiendo-la-historia\/","title":{"rendered":"103 a\u00f1os despu\u00e9s, Turqu\u00eda a\u00fan pretende eludir su compromiso reescribiendo la historia"},"content":{"rendered":"<p style=\"text-align: justify;\"><strong><span style=\"color: #000000;\"><a href=\"http:\/\/www.telam.com.ar\/notas\/201804\/273816-103-anos-despues-turquia-aun-pretende-eludir-su-compromiso-reescribiendo-la-historia.html\" target=\"_blank\">Agencia Nacional de Noticias T\u00e9lam<\/a><\/span><\/strong><\/p>\n<p style=\"text-align: justify;\"><span style=\"color: #000000;\">Ma\u00f1ana, 24 de abril se cumple el 103\u00b0 aniversario del Genocidio Armenio. En 2006, ese d\u00eda fue declarado por el Congreso Nacional como el \u00abD\u00eda de acci\u00f3n por la tolerancia y el respeto entre los pueblos\u00bb, en conmemoraci\u00f3n del genocidio contra el pueblo armenio cometido por\u00a0 el Estado turco. Al respecto opin\u00f3 para T\u00e9lam Nicol\u00e1s Sabuncuy\u00e1n, Director del Consejo Nacional Armenio-Argentina.\u00a0<\/span><\/p>\n<p style=\"text-align: justify;\"><span style=\"color: #000000;\"><a href=\"https:\/\/i0.wp.com\/cna.org.ar\/wp-content\/uploads\/2018\/04\/31248891_6102091444121_6686171680710066176_n.png.jpg?ssl=1\"><img data-recalc-dims=\"1\" loading=\"lazy\" decoding=\"async\" class=\"alignleft size-full wp-image-5550\" src=\"https:\/\/i0.wp.com\/cna.org.ar\/wp-content\/uploads\/2018\/04\/31248891_6102091444121_6686171680710066176_n.png.jpg?resize=160%2C160&#038;ssl=1\" alt=\"31248891_6102091444121_6686171680710066176_n.png\" width=\"160\" height=\"160\" srcset=\"https:\/\/i0.wp.com\/cna.org.ar\/wp-content\/uploads\/2018\/04\/31248891_6102091444121_6686171680710066176_n.png.jpg?w=160&amp;ssl=1 160w, https:\/\/i0.wp.com\/cna.org.ar\/wp-content\/uploads\/2018\/04\/31248891_6102091444121_6686171680710066176_n.png.jpg?resize=150%2C150&amp;ssl=1 150w, https:\/\/i0.wp.com\/cna.org.ar\/wp-content\/uploads\/2018\/04\/31248891_6102091444121_6686171680710066176_n.png.jpg?resize=36%2C36&amp;ssl=1 36w\" sizes=\"auto, (max-width: 160px) 100vw, 160px\" \/><\/a>El 24 de abril se recuerda el genocidio armenio perpetrado por el Estado turco entre 1915 y 1923, que acab\u00f3 con la vida de un mill\u00f3n y medio de personas, y gener\u00f3 cerca de 700.000 desplazados. La fecha alude a la madrugada de 1915 en que fueron arrestados y ejecutados centenares de intelectuales de esa nacionalidad, el acto inicial del plan sistem\u00e1tico. Desde mediados del siglo XIX pueblos enteros fueron masacrados en el Imperio Otomano como m\u00e9todo disciplinador frente a los reclamos contra la segregaci\u00f3n y el deterioro de sus condiciones de vida. Sin embargo, utilizando como pretexto la Primera Guerra Mundial, el r\u00e9gimen del Comit\u00e9 Uni\u00f3n y Progreso inici\u00f3 una pol\u00edtica que ten\u00eda como objetivo aniquilar al conjunto de la poblaci\u00f3n armenia, apropiarse de sus bienes y destruir su patrimonio cultural. Para las autoridades, los armenios eran la prolongaci\u00f3n interna del enemigo externo, y un obst\u00e1culo en la conformaci\u00f3n de un imperio m\u00e1s vasto con otros pueblos t\u00farquicos de Asia.<\/span><br \/>\n<span style=\"color: #000000;\">\u00a0<\/span><br \/>\n<span style=\"color: #000000;\">Tras la capitulaci\u00f3n otomana, Mustaf\u00e1 Kemal retom\u00f3 la bandera del nacionalismo turco y continu\u00f3 con el<\/span><br \/>\n<span style=\"color: #000000;\">plan sistem\u00e1tico de aniquilaci\u00f3n hasta la fundaci\u00f3n de la Rep\u00fablica de Turqu\u00eda en 1923. Kemal ser\u00eda conocido mundialmente como \u201cAtat\u00fcrk\u201d, padre de los turcos, pero tambi\u00e9n se convertir\u00eda en \u00a0el padre del<\/span><br \/>\n<span style=\"color: #000000;\">negacionismo, a\u00fan vigente. Los \u00faltimos cien a\u00f1os han sido testigos de una batalla a escala global entre<\/span><br \/>\n<span style=\"color: #000000;\">quienes reivindican la verdad hist\u00f3rica y quienes intentan negarla sistem\u00e1ticamente. Un pueblo que sobrevivi\u00f3 en la di\u00e1spora y en una peque\u00f1a porci\u00f3n de sus territorios se enfrenta a una potencia regional, con alianzas s\u00f3lidas y ubicada estrat\u00e9gicamente. <\/span><\/p>\n<p style=\"text-align: justify;\"><span style=\"color: #000000;\">Esta disputa desigual y permanente ha tenido diversos resultados seg\u00fan los principios de cada pa\u00eds en que se ha desarrollado. Argentina fue uno de los estados que recibi\u00f3 a quienes escapaban de una muerte segura y les permiti\u00f3 desarrollarse en un esquema multicultural. En 1920, el gobierno de Hip\u00f3lito Yrigoyen reconoci\u00f3 a la Rep\u00fablica Democr\u00e1tica de Armenia, que el pr\u00f3ximo 28 de mayo cumplir\u00e1 un siglo, y que fuera fundamental para evitar a\u00fan m\u00e1s muertes bajo la avanzada de Atat\u00fcrk. Con la recuperaci\u00f3n democr\u00e1tica, la Causa Armenia alcanzar\u00eda sus puntos m\u00e1s altos, con avances y retrocesos, y siempre en compa\u00f1\u00eda de loa organismos de Derechos Humanos y las fuerzas pol\u00edticas que sostienen esas banderas.<\/span><\/p>\n<p style=\"text-align: justify;\"><span style=\"color: #000000;\">Ra\u00fal Alfons\u00edn es recordado por haber condenado el genocidio p\u00fablicamente frente a la comunidad armenia de Argentina y porque, con el acompa\u00f1amiento del Congreso y por el trabajo realizado por Leandro Despouy, la Subcomisi\u00f3n de Prevenci\u00f3n de Discriminaciones y Protecci\u00f3n a las Minor\u00edas de la ONU incorpor\u00f3 en 1985 el caso armenio en el informe sobre Prevenci\u00f3n y Sanci\u00f3n del Crimen de Genocidio. En 1995 una ley de reconocimiento fue aprobada en el Congreso y vetada por Carlos Menem. Once a\u00f1os despu\u00e9s, una ley similar, la 26.199, ser\u00eda impulsada por todos los bloques legislativos y promulgada por N\u00e9stor Kirchner. Durante esa gesti\u00f3n, se inaugurar\u00eda la Embajada Argentina en Armenia. Y en 2011, la justicia federal determinar\u00eda que el delito se trat\u00f3 de un genocidio.<\/span><\/p>\n<p style=\"text-align: justify;\"><span style=\"color: #000000;\">La Ley 26.199 declara el 24 de abril de todos los a\u00f1os como \u201cD\u00eda de acci\u00f3n por la tolerancia y el respeto entre los pueblos\u201d, en memoria del genocidio del que fue v\u00edctima el pueblo armenio. De esta forma, no solo reconoce el crimen como tal, sino que atenta contra uno de los pilares del negacionismo que es sostener que las alegaciones de genocidio son un problema de los armenios y no de la humanidad. Sin embargo, el reciente intento de Turqu\u00eda de expandir su \u00e1rea de influencia hacia nuestra regi\u00f3n pone a prueba permanentemente la solidez de la continuidad de esta pol\u00edtica de Estado de acompa\u00f1amiento del reclamo. La visita de Erdogan a nuestro pa\u00eds con motivo del G 20 constituir\u00e1 una oportunidad para el actual gobierno de evidenciar si est\u00e1 en capacidad de compatibilizar las relaciones comerciales y la generaci\u00f3n de inversiones con la actitud valiente y ejemplar que ha demostrado el Estado argentino.<\/span><\/p>\n<p style=\"text-align: right;\">\n","protected":false},"excerpt":{"rendered":"<p>Agencia Nacional de Noticias T\u00e9lam Ma\u00f1ana, 24 de abril se cumple el 103\u00b0 aniversario del Genocidio Armenio. En 2006, ese d\u00eda fue declarado por el Congreso Nacional como el \u00abD\u00eda de acci\u00f3n por la tolerancia y el respeto entre los pueblos\u00bb, en conmemoraci\u00f3n del genocidio contra el pueblo armenio cometido por\u00a0 el Estado turco. Al [&hellip;]<\/p>\n","protected":false},"author":1,"featured_media":5549,"comment_status":"closed","ping_status":"closed","sticky":false,"template":"","format":"standard","meta":{"site-sidebar-layout":"default","site-content-layout":"","ast-site-content-layout":"default","site-content-style":"default","site-sidebar-style":"default","ast-global-header-display":"","ast-banner-title-visibility":"","ast-main-header-display":"","ast-hfb-above-header-display":"","ast-hfb-below-header-display":"","ast-hfb-mobile-header-display":"","site-post-title":"","ast-breadcrumbs-content":"","ast-featured-img":"","footer-sml-layout":"","theme-transparent-header-meta":"","adv-header-id-meta":"","stick-header-meta":"","header-above-stick-meta":"","header-main-stick-meta":"","header-below-stick-meta":"","astra-migrate-meta-layouts":"default","ast-page-background-enabled":"default","ast-page-background-meta":{"desktop":{"background-color":"var(--ast-global-color-4)","background-image":"","background-repeat":"repeat","background-position":"center center","background-size":"auto","background-attachment":"scroll","background-type":"","background-media":"","overlay-type":"","overlay-color":"","overlay-opacity":"","overlay-gradient":""},"tablet":{"background-color":"","background-image":"","background-repeat":"repeat","background-position":"center center","background-size":"auto","background-attachment":"scroll","background-type":"","background-media":"","overlay-type":"","overlay-color":"","overlay-opacity":"","overlay-gradient":""},"mobile":{"background-color":"","background-image":"","background-repeat":"repeat","background-position":"center center","background-size":"auto","background-attachment":"scroll","background-type":"","background-media":"","overlay-type":"","overlay-color":"","overlay-opacity":"","overlay-gradient":""}},"ast-content-background-meta":{"desktop":{"background-color":"var(--ast-global-color-5)","background-image":"","background-repeat":"repeat","background-position":"center center","background-size":"auto","background-attachment":"scroll","background-type":"","background-media":"","overlay-type":"","overlay-color":"","overlay-opacity":"","overlay-gradient":""},"tablet":{"background-color":"var(--ast-global-color-5)","background-image":"","background-repeat":"repeat","background-position":"center center","background-size":"auto","background-attachment":"scroll","background-type":"","background-media":"","overlay-type":"","overlay-color":"","overlay-opacity":"","overlay-gradient":""},"mobile":{"background-color":"var(--ast-global-color-5)","background-image":"","background-repeat":"repeat","background-position":"center center","background-size":"auto","background-attachment":"scroll","background-type":"","background-media":"","overlay-type":"","overlay-color":"","overlay-opacity":"","overlay-gradient":""}},"_jetpack_memberships_contains_paid_content":false,"footnotes":""},"categories":[4],"tags":[389,525,524,132,429,526,335],"class_list":["post-5548","post","type-post","status-publish","format-standard","has-post-thumbnail","hentry","category-comunicados","tag-24-de-abril","tag-24-de-abril-de-2018","tag-agencia-nacional-de-noticias","tag-consejo-nacional-armenio","tag-consejo-nacional-armenio-de-sudamerica","tag-dia-de-accion-por-la-tolerancia-entre-los-pueblos","tag-telam"],"jetpack_featured_media_url":"https:\/\/i0.wp.com\/cna.org.ar\/wp-content\/uploads\/2018\/04\/Telam_logo.png?fit=375%2C257&ssl=1","jetpack_sharing_enabled":true,"_links":{"self":[{"href":"https:\/\/cna.org.ar\/index.php\/wp-json\/wp\/v2\/posts\/5548","targetHints":{"allow":["GET"]}}],"collection":[{"href":"https:\/\/cna.org.ar\/index.php\/wp-json\/wp\/v2\/posts"}],"about":[{"href":"https:\/\/cna.org.ar\/index.php\/wp-json\/wp\/v2\/types\/post"}],"author":[{"embeddable":true,"href":"https:\/\/cna.org.ar\/index.php\/wp-json\/wp\/v2\/users\/1"}],"replies":[{"embeddable":true,"href":"https:\/\/cna.org.ar\/index.php\/wp-json\/wp\/v2\/comments?post=5548"}],"version-history":[{"count":1,"href":"https:\/\/cna.org.ar\/index.php\/wp-json\/wp\/v2\/posts\/5548\/revisions"}],"predecessor-version":[{"id":5551,"href":"https:\/\/cna.org.ar\/index.php\/wp-json\/wp\/v2\/posts\/5548\/revisions\/5551"}],"wp:featuredmedia":[{"embeddable":true,"href":"https:\/\/cna.org.ar\/index.php\/wp-json\/wp\/v2\/media\/5549"}],"wp:attachment":[{"href":"https:\/\/cna.org.ar\/index.php\/wp-json\/wp\/v2\/media?parent=5548"}],"wp:term":[{"taxonomy":"category","embeddable":true,"href":"https:\/\/cna.org.ar\/index.php\/wp-json\/wp\/v2\/categories?post=5548"},{"taxonomy":"post_tag","embeddable":true,"href":"https:\/\/cna.org.ar\/index.php\/wp-json\/wp\/v2\/tags?post=5548"}],"curies":[{"name":"wp","href":"https:\/\/api.w.org\/{rel}","templated":true}]}}