{"id":5861,"date":"2019-08-14T19:08:45","date_gmt":"2019-08-14T19:08:45","guid":{"rendered":"http:\/\/cna.org.ar\/?p=5861"},"modified":"2019-08-14T19:08:45","modified_gmt":"2019-08-14T19:08:45","slug":"inauguran-la-muestra-memoria-armenia-viva-en-entre-rios","status":"publish","type":"post","link":"https:\/\/cna.org.ar\/index.php\/2019\/08\/14\/inauguran-la-muestra-memoria-armenia-viva-en-entre-rios\/","title":{"rendered":"Inauguran la muestra Memoria Armenia Viva en Entre R\u00edos"},"content":{"rendered":"<p style=\"text-align: justify;\">El jueves 8 de agosto fue inaugurada la muestra fotogr\u00e1fica: \u00abMemoria Armenia Viva\u00bb en el Museo Jud\u00edo de Entre R\u00edos, Concordia. La misma es organizada por el programa Educaci\u00f3n, Derechos Humanos y Memoria Colectiva, del Consejo General de Educaci\u00f3n de Entre R\u00edos, (CGE) el Museo Jud\u00edo de Entre R\u00edos y el Consejo Nacional Armenio (CNA).<\/p>\n<p style=\"text-align: justify;\">El evento, que tuvo amplia repercusi\u00f3n en la prensa local cont\u00f3 con la presencia de vecinos y autoridades como el Subsecretario de Cultura de Concordia, C\u00e9sar Tisocco, el Coordinador de Museos de la Municipalidad, Prof. Fabi\u00e1n Ribero, el Presidente de Inmigrantes Unidos de Concordia, Dr. Mauricio Rey, la Agente Consultar de Italia en Concordia, Prof. Norma Dri, el Presidente de la Asociaci\u00f3n Hotelera y Gastron\u00f3mica de Concordia, Leandro Lapiduz. Adolfo Gorskin, Director del Museo Jud\u00edo de Entre R\u00edos fue el anfitri\u00f3n de la jornada coorganizada con el Lic. Alejandro Fruncieri, responsable del Eje Sho\u00e1 y otros Genocidios del Siglo XX del programa Educaci\u00f3n, Derechos Humanos y Memoria Colectiva, que integra a su vez la Coordinaci\u00f3n de Pol\u00edticas transversales del CG y el Director del Consejo Nacional Armenio de Argentina, Nicol\u00e1s Sabuncuyan.<\/p>\n<div class=\"wp-block-image\" style=\"text-align: justify;\">\n<figure class=\"aligncenter\"><img data-recalc-dims=\"1\" height=\"400\" width=\"710\" decoding=\"async\" class=\"wp-image-27248\" src=\"https:\/\/i0.wp.com\/www.diarioarmenia.org.ar\/wp-content\/uploads\/2019\/08\/67884827_10221070028647505_384096992545996800_o-710x400.jpg?resize=710%2C400\" sizes=\"(max-width: 710px) 100vw, 710px\" srcset=\"https:\/\/www.diarioarmenia.org.ar\/wp-content\/uploads\/2019\/08\/67884827_10221070028647505_384096992545996800_o-710x400.jpg 710w, https:\/\/www.diarioarmenia.org.ar\/wp-content\/uploads\/2019\/08\/67884827_10221070028647505_384096992545996800_o-300x169.jpg 300w, https:\/\/www.diarioarmenia.org.ar\/wp-content\/uploads\/2019\/08\/67884827_10221070028647505_384096992545996800_o-768x433.jpg 768w, https:\/\/www.diarioarmenia.org.ar\/wp-content\/uploads\/2019\/08\/67884827_10221070028647505_384096992545996800_o-355x200.jpg 355w, https:\/\/www.diarioarmenia.org.ar\/wp-content\/uploads\/2019\/08\/67884827_10221070028647505_384096992545996800_o-645x363.jpg 645w, https:\/\/www.diarioarmenia.org.ar\/wp-content\/uploads\/2019\/08\/67884827_10221070028647505_384096992545996800_o.jpg 1280w\" alt=\"\" \/><\/figure>\n<\/div>\n<p style=\"text-align: justify;\">\u00abEs un privilegio contar desde hoy y por un mes en Concordia con una muestra de estas caracter\u00edsticas, que nos permite abordar la ense\u00f1anza sobre el Genocidio Armenio desde el arte. Esta actividad se suma a una serie de eventos que desde el programa Educaci\u00f3n, Derechos Humanos y Memoria Colectiva, hemos estado concretando durante el a\u00f1o, como charlas, cine debates, entre otros\u00bb, declar\u00f3 Alejandro Fruncieri para Diario Armenia. \u00abLa amena charla que mantuvo Nicol\u00e1s Sabuncuy\u00e1n y las preguntas de los asistentes a la inauguraci\u00f3n demuestran por un lado la riqueza de la cultura armenia y la necesidad de generar nuevos espacios para su difusi\u00f3n, ya sea se trate de la tragedia del genocidio, como otras aristas de su milenaria historia\u00bb, agreg\u00f3.<\/p>\n<div class=\"wp-block-image\" style=\"text-align: justify;\">\n<figure class=\"aligncenter\"><img data-recalc-dims=\"1\" height=\"400\" width=\"710\" decoding=\"async\" class=\"wp-image-27249\" src=\"https:\/\/i0.wp.com\/www.diarioarmenia.org.ar\/wp-content\/uploads\/2019\/08\/68475245_10221070039647780_4950345143199727616_o-710x400.jpg?resize=710%2C400\" sizes=\"(max-width: 710px) 100vw, 710px\" srcset=\"https:\/\/www.diarioarmenia.org.ar\/wp-content\/uploads\/2019\/08\/68475245_10221070039647780_4950345143199727616_o-710x400.jpg 710w, https:\/\/www.diarioarmenia.org.ar\/wp-content\/uploads\/2019\/08\/68475245_10221070039647780_4950345143199727616_o-300x169.jpg 300w, https:\/\/www.diarioarmenia.org.ar\/wp-content\/uploads\/2019\/08\/68475245_10221070039647780_4950345143199727616_o-768x433.jpg 768w, https:\/\/www.diarioarmenia.org.ar\/wp-content\/uploads\/2019\/08\/68475245_10221070039647780_4950345143199727616_o-355x200.jpg 355w, https:\/\/www.diarioarmenia.org.ar\/wp-content\/uploads\/2019\/08\/68475245_10221070039647780_4950345143199727616_o-645x363.jpg 645w, https:\/\/www.diarioarmenia.org.ar\/wp-content\/uploads\/2019\/08\/68475245_10221070039647780_4950345143199727616_o.jpg 1280w\" alt=\"\" \/><\/figure>\n<\/div>\n<p style=\"text-align: justify;\">\u00abMemoria Armenia Viva\u00bb, es una obra de la artista Gabriela Szulman, quien intervino fotograf\u00edas cedidas por familias de la comunidad armenia, y que narran la experiencia de su integraci\u00f3n al nuevo hogar que signific\u00f3 para ellos la Argentina, y la nostalgia que de su patria armenia se percibe, el dolor de la experiencia diasp\u00f3rica, consecuencia del hostigamiento y el genocidio. La muestra permanecer\u00e1 hasta el 30 de agosto, en el museo (Entre R\u00edos 476, Concordia, Entre R\u00edos) con entrada libre y gratuita.<\/p>\n<div class=\"wp-block-image\" style=\"text-align: justify;\">\n<figure class=\"alignleft\"><img data-recalc-dims=\"1\" height=\"400\" width=\"225\" decoding=\"async\" class=\"wp-image-27250\" src=\"https:\/\/i0.wp.com\/www.diarioarmenia.org.ar\/wp-content\/uploads\/2019\/08\/67893324_10221070027287471_6576590997516451840_n-225x400.jpg?resize=225%2C400\" sizes=\"(max-width: 225px) 100vw, 225px\" srcset=\"https:\/\/www.diarioarmenia.org.ar\/wp-content\/uploads\/2019\/08\/67893324_10221070027287471_6576590997516451840_n-225x400.jpg 225w, https:\/\/www.diarioarmenia.org.ar\/wp-content\/uploads\/2019\/08\/67893324_10221070027287471_6576590997516451840_n-169x300.jpg 169w, https:\/\/www.diarioarmenia.org.ar\/wp-content\/uploads\/2019\/08\/67893324_10221070027287471_6576590997516451840_n.jpg 540w\" alt=\"\" \/><\/figure>\n<\/div>\n<p style=\"text-align: justify;\">Entre R\u00edos adhiri\u00f3 a la Ley Nacional 26.199 por iniciativa del CNA el 16 de junio de 2016. Desde entonces se han realizado numerosas actividades en la provincia como el seminario \u2013 taller \u00abResistiendo al olvido. El genocidio contra el pueblo armenio. Reflexiones y aportes para su transmisi\u00f3n\u00bb y el panel \u00abNegacionismo como forma de discriminaci\u00f3n\u00bb organizado junto al Instituto Nacional contra la Discriminaci\u00f3n, la Xenofobia y el Racismo (INADI) y la Delegaci\u00f3n de Asociaciones Israelitas Argentinas (DAIA). En Concordia, en 2017, se realiz\u00f3 una jornada de capacitaci\u00f3n sobre el Genocidio Armenio y el Holocausto Jud\u00edo (Sho\u00e1) en la sede de la Asociaci\u00f3n Uni\u00f3n Israelita de Concordia organizada por la Filial DAIA de la ciudad y auspiciada por IARA (Instituciones Armenias de la Rep\u00fablica Argentina).<\/p>\n<div class=\"really_simple_share really_simple_share_button robots-nocontent snap_nopreview\"><\/div>\n","protected":false},"excerpt":{"rendered":"<p>El jueves 8 de agosto fue inaugurada la muestra fotogr\u00e1fica: \u00abMemoria Armenia Viva\u00bb en el Museo Jud\u00edo de Entre R\u00edos, Concordia. La misma es organizada por el programa Educaci\u00f3n, Derechos Humanos y Memoria Colectiva, del Consejo General de Educaci\u00f3n de Entre R\u00edos, (CGE) el Museo Jud\u00edo de Entre R\u00edos y el Consejo Nacional Armenio (CNA). [&hellip;]<\/p>\n","protected":false},"author":1,"featured_media":5862,"comment_status":"closed","ping_status":"closed","sticky":false,"template":"","format":"standard","meta":{"site-sidebar-layout":"default","site-content-layout":"","ast-site-content-layout":"default","site-content-style":"default","site-sidebar-style":"default","ast-global-header-display":"","ast-banner-title-visibility":"","ast-main-header-display":"","ast-hfb-above-header-display":"","ast-hfb-below-header-display":"","ast-hfb-mobile-header-display":"","site-post-title":"","ast-breadcrumbs-content":"","ast-featured-img":"","footer-sml-layout":"","theme-transparent-header-meta":"","adv-header-id-meta":"","stick-header-meta":"","header-above-stick-meta":"","header-main-stick-meta":"","header-below-stick-meta":"","astra-migrate-meta-layouts":"default","ast-page-background-enabled":"default","ast-page-background-meta":{"desktop":{"background-color":"var(--ast-global-color-4)","background-image":"","background-repeat":"repeat","background-position":"center center","background-size":"auto","background-attachment":"scroll","background-type":"","background-media":"","overlay-type":"","overlay-color":"","overlay-opacity":"","overlay-gradient":""},"tablet":{"background-color":"","background-image":"","background-repeat":"repeat","background-position":"center center","background-size":"auto","background-attachment":"scroll","background-type":"","background-media":"","overlay-type":"","overlay-color":"","overlay-opacity":"","overlay-gradient":""},"mobile":{"background-color":"","background-image":"","background-repeat":"repeat","background-position":"center center","background-size":"auto","background-attachment":"scroll","background-type":"","background-media":"","overlay-type":"","overlay-color":"","overlay-opacity":"","overlay-gradient":""}},"ast-content-background-meta":{"desktop":{"background-color":"var(--ast-global-color-5)","background-image":"","background-repeat":"repeat","background-position":"center center","background-size":"auto","background-attachment":"scroll","background-type":"","background-media":"","overlay-type":"","overlay-color":"","overlay-opacity":"","overlay-gradient":""},"tablet":{"background-color":"var(--ast-global-color-5)","background-image":"","background-repeat":"repeat","background-position":"center center","background-size":"auto","background-attachment":"scroll","background-type":"","background-media":"","overlay-type":"","overlay-color":"","overlay-opacity":"","overlay-gradient":""},"mobile":{"background-color":"var(--ast-global-color-5)","background-image":"","background-repeat":"repeat","background-position":"center center","background-size":"auto","background-attachment":"scroll","background-type":"","background-media":"","overlay-type":"","overlay-color":"","overlay-opacity":"","overlay-gradient":""}},"_jetpack_memberships_contains_paid_content":false,"footnotes":""},"categories":[3],"tags":[442,321,604,601,600,602,603],"class_list":["post-5861","post","type-post","status-publish","format-standard","has-post-thumbnail","hentry","category-actividades","tag-concordia","tag-entre-rios","tag-inauguracion","tag-memoria-armenia-viva","tag-muestra","tag-muestra-fotografica","tag-museo-judio"],"jetpack_featured_media_url":"https:\/\/i0.wp.com\/cna.org.ar\/wp-content\/uploads\/2019\/08\/67884827_10221070028647505_384096992545996800_o.jpg?fit=1280%2C721&ssl=1","jetpack_sharing_enabled":true,"_links":{"self":[{"href":"https:\/\/cna.org.ar\/index.php\/wp-json\/wp\/v2\/posts\/5861","targetHints":{"allow":["GET"]}}],"collection":[{"href":"https:\/\/cna.org.ar\/index.php\/wp-json\/wp\/v2\/posts"}],"about":[{"href":"https:\/\/cna.org.ar\/index.php\/wp-json\/wp\/v2\/types\/post"}],"author":[{"embeddable":true,"href":"https:\/\/cna.org.ar\/index.php\/wp-json\/wp\/v2\/users\/1"}],"replies":[{"embeddable":true,"href":"https:\/\/cna.org.ar\/index.php\/wp-json\/wp\/v2\/comments?post=5861"}],"version-history":[{"count":1,"href":"https:\/\/cna.org.ar\/index.php\/wp-json\/wp\/v2\/posts\/5861\/revisions"}],"predecessor-version":[{"id":5863,"href":"https:\/\/cna.org.ar\/index.php\/wp-json\/wp\/v2\/posts\/5861\/revisions\/5863"}],"wp:featuredmedia":[{"embeddable":true,"href":"https:\/\/cna.org.ar\/index.php\/wp-json\/wp\/v2\/media\/5862"}],"wp:attachment":[{"href":"https:\/\/cna.org.ar\/index.php\/wp-json\/wp\/v2\/media?parent=5861"}],"wp:term":[{"taxonomy":"category","embeddable":true,"href":"https:\/\/cna.org.ar\/index.php\/wp-json\/wp\/v2\/categories?post=5861"},{"taxonomy":"post_tag","embeddable":true,"href":"https:\/\/cna.org.ar\/index.php\/wp-json\/wp\/v2\/tags?post=5861"}],"curies":[{"name":"wp","href":"https:\/\/api.w.org\/{rel}","templated":true}]}}