{"id":5876,"date":"2019-08-30T17:59:22","date_gmt":"2019-08-30T17:59:22","guid":{"rendered":"http:\/\/cna.org.ar\/?p=5876"},"modified":"2019-09-09T18:38:06","modified_gmt":"2019-09-09T18:38:06","slug":"ciclo-de-charlas-sobre-negacionismo-en-chaco","status":"publish","type":"post","link":"https:\/\/cna.org.ar\/index.php\/2019\/08\/30\/ciclo-de-charlas-sobre-negacionismo-en-chaco\/","title":{"rendered":"Ciclo de charlas sobre negacionismo en Chaco"},"content":{"rendered":"<div class=\"wp-block-image\">\n<figure class=\"aligncenter\"><img data-recalc-dims=\"1\" height=\"400\" width=\"533\" decoding=\"async\" class=\"wp-image-27559\" src=\"https:\/\/i0.wp.com\/www.diarioarmenia.org.ar\/wp-content\/uploads\/2019\/08\/CHACO2-533x400.jpeg?resize=533%2C400\" sizes=\"(max-width: 533px) 100vw, 533px\" srcset=\"https:\/\/www.diarioarmenia.org.ar\/wp-content\/uploads\/2019\/08\/CHACO2-533x400.jpeg 533w, https:\/\/www.diarioarmenia.org.ar\/wp-content\/uploads\/2019\/08\/CHACO2-300x225.jpeg 300w, https:\/\/www.diarioarmenia.org.ar\/wp-content\/uploads\/2019\/08\/CHACO2-100x75.jpeg 100w, https:\/\/www.diarioarmenia.org.ar\/wp-content\/uploads\/2019\/08\/CHACO2.jpeg 640w\" alt=\"\" \/><\/figure>\n<p>&nbsp;<\/p>\n<\/div>\n<p style=\"text-align: justify;\">El ciclo federal de charlas \u201cEl negacionismo como forma de discriminaci\u00f3n\u201d tuvo una nueva entrega en la ciudad de Resistencia, Chaco el 27 de agosto en el Centro de Estudios Judiciales. Las disertaciones estuvieron a cargo del director de Pol\u00edticas contra la Discriminaci\u00f3n del INADI, Ariel Isaak, Juli\u00e1n Schvindlerman por la Comunidad Jud\u00eda de Resistencia, y Nicol\u00e1s Sabuncuyan, director del Consejo Nacional Armenio de Argentina.<\/p>\n<p style=\"text-align: justify;\">La actividad cont\u00f3 con la presencia de la presidenta del Superior Tribunal de Justicia del Chaco, Emilia Valle, del delegado del INADI en Chaco, Javier Dumrauf, representantes de la Comunidad Jud\u00eda de Resistencia, adem\u00e1s de magistrados, funcionarios judiciales de la provincia y p\u00fablico en general. Fue auspiciada por el Centro de Estudios Judiciales de la provincia, y el de la Secretar\u00eda de Derechos Humanos y Pluralismo Cultural del Ministerio de Justicia y Derechos Humanos de la Naci\u00f3n.<\/p>\n<p style=\"text-align: justify;\">\u201cChaco es una provincia que ha tenido una historia muy compleja, y a la vez es tambi\u00e9n un espacio que se conform\u00f3 a partir de distintos pueblos, originarios y migrantes, que hoy trabajan para reactualizar esas identidades. Es tambi\u00e9n la primera provincia que adhiri\u00f3 a la Ley 26.199, el 8 de mayo de 2007 mediante la Ley 5.882. Es por ello que es un orgullo haber contribuido a trav\u00e9s de la participaci\u00f3n en el panel no solo a la lucha contra el negacionismo sino a la visibilizaci\u00f3n de la tem\u00e1tica en general, que a juzgar por la concurrencia y la amplia difusi\u00f3n en los medios de comunicaci\u00f3n era de inter\u00e9s\u201d declar\u00f3 Nicol\u00e1s Sabuncuyan para Diario Armenia<\/p>\n<p style=\"text-align: justify;\">El 15 de diciembre de 2017, las tres instituciones presentaron el proyecto en el Sal\u00f3n Arturo Frondizi del Archivo Nacional de la Memoria del Espacio Memoria y Derechos Humanos (ex ESMA), en el que se anunci\u00f3 que se tratar\u00eda de un proyecto federal que se extender\u00eda por distintas partes del pa\u00eds. En abril de 2018, las ciudades de Paran\u00e1 y Basavilbaso, Entre R\u00edos y San Miguel de Tucum\u00e1n fueron los primeros puntos del pa\u00eds en formar parte del ciclo. Luego en noviembre del mismo a\u00f1o se llev\u00f3 a cabo en la Facultad de Filosof\u00eda y Humanidades de la Universidad Cat\u00f3lica de Cuyo de San Juan.<\/p>\n<p style=\"text-align: justify;\">Repercusiones en los medios:<\/p>\n<p><a href=\"http:\/\/www.diarionorte.com\/182489-\">http:\/\/www.diarionorte.com\/182489-<\/a><\/p>\n<p><a href=\"http:\/\/chacoenlineainforma.com\/chaco-convocante-charla-sobre-negacionismo-como-forma-de-discriminacion\/\">http:\/\/chacoenlineainforma.com\/chaco-convocante-charla-sobre-negacionismo-como-forma-de-discriminacion\/<\/a><\/p>\n<p><a href=\"http:\/\/noticiasdelparana.com.ar\/np\/index.php\/chaco\/59469-chaco-se-realizo-la-jornada-negacionismo-como-forma-de-discriminacion\">http:\/\/noticiasdelparana.com.ar\/np\/index.php\/chaco\/59469-chaco-se-realizo-la-jornada-negacionismo-como-forma-de-discriminacion<\/a><\/p>\n<p><a href=\"https:\/\/laradio1047.com.ar\/\">https:\/\/laradio1047.com.ar\/<\/a><\/p>\n","protected":false},"excerpt":{"rendered":"<p>&nbsp; El ciclo federal de charlas \u201cEl negacionismo como forma de discriminaci\u00f3n\u201d tuvo una nueva entrega en la ciudad de Resistencia, Chaco el 27 de agosto en el Centro de Estudios Judiciales. Las disertaciones estuvieron a cargo del director de Pol\u00edticas contra la Discriminaci\u00f3n del INADI, Ariel Isaak, Juli\u00e1n Schvindlerman por la Comunidad Jud\u00eda de [&hellip;]<\/p>\n","protected":false},"author":1,"featured_media":5877,"comment_status":"closed","ping_status":"closed","sticky":false,"template":"","format":"standard","meta":{"site-sidebar-layout":"default","site-content-layout":"","ast-site-content-layout":"default","site-content-style":"default","site-sidebar-style":"default","ast-global-header-display":"","ast-banner-title-visibility":"","ast-main-header-display":"","ast-hfb-above-header-display":"","ast-hfb-below-header-display":"","ast-hfb-mobile-header-display":"","site-post-title":"","ast-breadcrumbs-content":"","ast-featured-img":"","footer-sml-layout":"","theme-transparent-header-meta":"","adv-header-id-meta":"","stick-header-meta":"","header-above-stick-meta":"","header-main-stick-meta":"","header-below-stick-meta":"","astra-migrate-meta-layouts":"default","ast-page-background-enabled":"default","ast-page-background-meta":{"desktop":{"background-color":"var(--ast-global-color-4)","background-image":"","background-repeat":"repeat","background-position":"center center","background-size":"auto","background-attachment":"scroll","background-type":"","background-media":"","overlay-type":"","overlay-color":"","overlay-opacity":"","overlay-gradient":""},"tablet":{"background-color":"","background-image":"","background-repeat":"repeat","background-position":"center center","background-size":"auto","background-attachment":"scroll","background-type":"","background-media":"","overlay-type":"","overlay-color":"","overlay-opacity":"","overlay-gradient":""},"mobile":{"background-color":"","background-image":"","background-repeat":"repeat","background-position":"center center","background-size":"auto","background-attachment":"scroll","background-type":"","background-media":"","overlay-type":"","overlay-color":"","overlay-opacity":"","overlay-gradient":""}},"ast-content-background-meta":{"desktop":{"background-color":"var(--ast-global-color-5)","background-image":"","background-repeat":"repeat","background-position":"center center","background-size":"auto","background-attachment":"scroll","background-type":"","background-media":"","overlay-type":"","overlay-color":"","overlay-opacity":"","overlay-gradient":""},"tablet":{"background-color":"var(--ast-global-color-5)","background-image":"","background-repeat":"repeat","background-position":"center center","background-size":"auto","background-attachment":"scroll","background-type":"","background-media":"","overlay-type":"","overlay-color":"","overlay-opacity":"","overlay-gradient":""},"mobile":{"background-color":"var(--ast-global-color-5)","background-image":"","background-repeat":"repeat","background-position":"center center","background-size":"auto","background-attachment":"scroll","background-type":"","background-media":"","overlay-type":"","overlay-color":"","overlay-opacity":"","overlay-gradient":""}},"_jetpack_memberships_contains_paid_content":false,"footnotes":""},"categories":[3],"tags":[24,34,612,131,132,492,287,28,11,53,12,245,14],"class_list":["post-5876","post","type-post","status-publish","format-standard","has-post-thumbnail","hentry","category-actividades","tag-argentina","tag-causa-armenia","tag-chaco","tag-cna","tag-consejo-nacional-armenio","tag-daia","tag-dd-hh","tag-genocidio","tag-genocidio-armenio","tag-inadi","tag-negacionismo","tag-reconocimiento","tag-reflexiones"],"jetpack_featured_media_url":"https:\/\/i0.wp.com\/cna.org.ar\/wp-content\/uploads\/2019\/09\/CHACO2.jpeg?fit=640%2C480&ssl=1","jetpack_sharing_enabled":true,"_links":{"self":[{"href":"https:\/\/cna.org.ar\/index.php\/wp-json\/wp\/v2\/posts\/5876","targetHints":{"allow":["GET"]}}],"collection":[{"href":"https:\/\/cna.org.ar\/index.php\/wp-json\/wp\/v2\/posts"}],"about":[{"href":"https:\/\/cna.org.ar\/index.php\/wp-json\/wp\/v2\/types\/post"}],"author":[{"embeddable":true,"href":"https:\/\/cna.org.ar\/index.php\/wp-json\/wp\/v2\/users\/1"}],"replies":[{"embeddable":true,"href":"https:\/\/cna.org.ar\/index.php\/wp-json\/wp\/v2\/comments?post=5876"}],"version-history":[{"count":4,"href":"https:\/\/cna.org.ar\/index.php\/wp-json\/wp\/v2\/posts\/5876\/revisions"}],"predecessor-version":[{"id":5881,"href":"https:\/\/cna.org.ar\/index.php\/wp-json\/wp\/v2\/posts\/5876\/revisions\/5881"}],"wp:featuredmedia":[{"embeddable":true,"href":"https:\/\/cna.org.ar\/index.php\/wp-json\/wp\/v2\/media\/5877"}],"wp:attachment":[{"href":"https:\/\/cna.org.ar\/index.php\/wp-json\/wp\/v2\/media?parent=5876"}],"wp:term":[{"taxonomy":"category","embeddable":true,"href":"https:\/\/cna.org.ar\/index.php\/wp-json\/wp\/v2\/categories?post=5876"},{"taxonomy":"post_tag","embeddable":true,"href":"https:\/\/cna.org.ar\/index.php\/wp-json\/wp\/v2\/tags?post=5876"}],"curies":[{"name":"wp","href":"https:\/\/api.w.org\/{rel}","templated":true}]}}