{"id":5886,"date":"2020-07-14T00:15:15","date_gmt":"2020-07-14T00:15:15","guid":{"rendered":"http:\/\/cna.org.ar\/?p=5886"},"modified":"2020-07-14T00:15:15","modified_gmt":"2020-07-14T00:15:15","slug":"el-consejo-nacional-armenio-de-sudamerica-repudia-la-nueva-agresion-de-azerbaiyan","status":"publish","type":"post","link":"https:\/\/cna.org.ar\/index.php\/2020\/07\/14\/el-consejo-nacional-armenio-de-sudamerica-repudia-la-nueva-agresion-de-azerbaiyan\/","title":{"rendered":"El Consejo Nacional Armenio de Sudam\u00e9rica repudia la nueva agresi\u00f3n de Azerbaiy\u00e1n"},"content":{"rendered":"<p><a href=\"https:\/\/i0.wp.com\/cna.org.ar\/wp-content\/uploads\/2020\/07\/Drone-derribado.jpg?ssl=1\"><img data-recalc-dims=\"1\" loading=\"lazy\" decoding=\"async\" class=\"alignright size-medium wp-image-5887\" src=\"https:\/\/i0.wp.com\/cna.org.ar\/wp-content\/uploads\/2020\/07\/Drone-derribado.jpg?resize=300%2C200&#038;ssl=1\" alt=\"Drone-derribado\" width=\"300\" height=\"200\" srcset=\"https:\/\/i0.wp.com\/cna.org.ar\/wp-content\/uploads\/2020\/07\/Drone-derribado.jpg?resize=300%2C200&amp;ssl=1 300w, https:\/\/i0.wp.com\/cna.org.ar\/wp-content\/uploads\/2020\/07\/Drone-derribado.jpg?w=512&amp;ssl=1 512w\" sizes=\"auto, (max-width: 300px) 100vw, 300px\" \/><\/a>En la tarde del 12 de julio las Fuerzas Armadas de Azerbaiy\u00e1n violaron el cese de fuego en direcci\u00f3n a la regi\u00f3n de Tavush de la Rep\u00fablica de Armenia e intentaron infiltrarse en posiciones armenias. Debido a las acciones adecuadas de la parte armenia, estas acciones provocativas se redujeron efectivamente.<\/p>\n<p>Sin embargo la parte azerbaiyana, a pesar de los llamados de los Copresidentes del Grupo Minsk de la OSCE para abstenerse de acciones provocativas, ret\u00f3rica hostil y fortalecer el alto el fuego, contin\u00faa usando la fuerza y amenazando con la escalada militar. La dirigencia pol\u00edtico-militar de Azerbaiy\u00e1n es totalmente responsable de las acciones provocativas de estas amenazas.<\/p>\n<p>El Consejo Nacional Armenio de Sudam\u00e9rica una vez m\u00e1s repudia en\u00e9rgicamente la agresi\u00f3n azer\u00ed y advierte que el aventurerismo del r\u00e9gimen de Aliyev apoyado especialmente por Turqu\u00eda, podr\u00eda llevar a una guerra regional. Sostenemos la convicci\u00f3n en el reclamo de una condena un\u00e1nime y firme de la comunidad internacional, especialmente de los gobiernos latinoamericanos, frente a este tipo de agresiones. Reclamamos una pronta y activa intervenci\u00f3n del Grupo de Minsk para frenar la pol\u00edtica militarista y no cooperadora de Azerbaiy\u00e1n, y evitar as\u00ed una escalada armament\u00edstica que llevar\u00eda a la desestabilizaci\u00f3n general del C\u00e1ucaso Sur, una regi\u00f3n en la inmediata vecindad del Medio Oriente.<\/p>\n","protected":false},"excerpt":{"rendered":"<p>En la tarde del 12 de julio las Fuerzas Armadas de Azerbaiy\u00e1n violaron el cese de fuego en direcci\u00f3n a la regi\u00f3n de Tavush de la Rep\u00fablica de Armenia e intentaron infiltrarse en posiciones armenias. Debido a las acciones adecuadas de la parte armenia, estas acciones provocativas se redujeron efectivamente. Sin embargo la parte azerbaiyana, [&hellip;]<\/p>\n","protected":false},"author":1,"featured_media":0,"comment_status":"closed","ping_status":"closed","sticky":false,"template":"","format":"standard","meta":{"site-sidebar-layout":"default","site-content-layout":"","ast-site-content-layout":"default","site-content-style":"default","site-sidebar-style":"default","ast-global-header-display":"","ast-banner-title-visibility":"","ast-main-header-display":"","ast-hfb-above-header-display":"","ast-hfb-below-header-display":"","ast-hfb-mobile-header-display":"","site-post-title":"","ast-breadcrumbs-content":"","ast-featured-img":"","footer-sml-layout":"","theme-transparent-header-meta":"","adv-header-id-meta":"","stick-header-meta":"","header-above-stick-meta":"","header-main-stick-meta":"","header-below-stick-meta":"","astra-migrate-meta-layouts":"default","ast-page-background-enabled":"default","ast-page-background-meta":{"desktop":{"background-color":"var(--ast-global-color-4)","background-image":"","background-repeat":"repeat","background-position":"center center","background-size":"auto","background-attachment":"scroll","background-type":"","background-media":"","overlay-type":"","overlay-color":"","overlay-opacity":"","overlay-gradient":""},"tablet":{"background-color":"","background-image":"","background-repeat":"repeat","background-position":"center center","background-size":"auto","background-attachment":"scroll","background-type":"","background-media":"","overlay-type":"","overlay-color":"","overlay-opacity":"","overlay-gradient":""},"mobile":{"background-color":"","background-image":"","background-repeat":"repeat","background-position":"center center","background-size":"auto","background-attachment":"scroll","background-type":"","background-media":"","overlay-type":"","overlay-color":"","overlay-opacity":"","overlay-gradient":""}},"ast-content-background-meta":{"desktop":{"background-color":"var(--ast-global-color-5)","background-image":"","background-repeat":"repeat","background-position":"center center","background-size":"auto","background-attachment":"scroll","background-type":"","background-media":"","overlay-type":"","overlay-color":"","overlay-opacity":"","overlay-gradient":""},"tablet":{"background-color":"var(--ast-global-color-5)","background-image":"","background-repeat":"repeat","background-position":"center center","background-size":"auto","background-attachment":"scroll","background-type":"","background-media":"","overlay-type":"","overlay-color":"","overlay-opacity":"","overlay-gradient":""},"mobile":{"background-color":"var(--ast-global-color-5)","background-image":"","background-repeat":"repeat","background-position":"center center","background-size":"auto","background-attachment":"scroll","background-type":"","background-media":"","overlay-type":"","overlay-color":"","overlay-opacity":"","overlay-gradient":""}},"_jetpack_memberships_contains_paid_content":false,"footnotes":""},"categories":[4],"tags":[616,73,47,615,131,440,132,614],"class_list":["post-5886","post","type-post","status-publish","format-standard","hentry","category-comunicados","tag-agreciones","tag-artsaj","tag-azerbaiyan","tag-cese-de-fuego","tag-cna","tag-comunicado","tag-consejo-nacional-armenio","tag-repudio"],"jetpack_featured_media_url":"","jetpack_sharing_enabled":true,"_links":{"self":[{"href":"https:\/\/cna.org.ar\/index.php\/wp-json\/wp\/v2\/posts\/5886","targetHints":{"allow":["GET"]}}],"collection":[{"href":"https:\/\/cna.org.ar\/index.php\/wp-json\/wp\/v2\/posts"}],"about":[{"href":"https:\/\/cna.org.ar\/index.php\/wp-json\/wp\/v2\/types\/post"}],"author":[{"embeddable":true,"href":"https:\/\/cna.org.ar\/index.php\/wp-json\/wp\/v2\/users\/1"}],"replies":[{"embeddable":true,"href":"https:\/\/cna.org.ar\/index.php\/wp-json\/wp\/v2\/comments?post=5886"}],"version-history":[{"count":1,"href":"https:\/\/cna.org.ar\/index.php\/wp-json\/wp\/v2\/posts\/5886\/revisions"}],"predecessor-version":[{"id":5888,"href":"https:\/\/cna.org.ar\/index.php\/wp-json\/wp\/v2\/posts\/5886\/revisions\/5888"}],"wp:attachment":[{"href":"https:\/\/cna.org.ar\/index.php\/wp-json\/wp\/v2\/media?parent=5886"}],"wp:term":[{"taxonomy":"category","embeddable":true,"href":"https:\/\/cna.org.ar\/index.php\/wp-json\/wp\/v2\/categories?post=5886"},{"taxonomy":"post_tag","embeddable":true,"href":"https:\/\/cna.org.ar\/index.php\/wp-json\/wp\/v2\/tags?post=5886"}],"curies":[{"name":"wp","href":"https:\/\/api.w.org\/{rel}","templated":true}]}}