{"id":6021,"date":"2020-12-15T15:45:03","date_gmt":"2020-12-15T15:45:03","guid":{"rendered":"http:\/\/cna.org.ar\/?p=6021"},"modified":"2020-12-15T16:00:45","modified_gmt":"2020-12-15T16:00:45","slug":"junto-a-erdogan-aliyev-dijo-que-erevan-el-lago-sevan-y-syunik-son-territorios-historicos-de-azerbaiyan","status":"publish","type":"post","link":"https:\/\/cna.org.ar\/index.php\/2020\/12\/15\/junto-a-erdogan-aliyev-dijo-que-erevan-el-lago-sevan-y-syunik-son-territorios-historicos-de-azerbaiyan\/","title":{"rendered":"Junto a Erdogan, Aliyev dijo que Erev\u00e1n, el lago Sev\u00e1n y Syunik son territorios hist\u00f3ricos de Azerbaiy\u00e1n"},"content":{"rendered":"<div class=\"wp-block-image\">\n<figure class=\"aligncenter\"><img data-recalc-dims=\"1\" height=\"400\" width=\"711\" decoding=\"async\" class=\"wp-image-37767\" src=\"https:\/\/i0.wp.com\/www.diarioarmenia.org.ar\/wp-content\/uploads\/2020\/12\/aliyev-y-erdogan-parados-diario-armenia-711x400.jpg?resize=711%2C400&#038;ssl=1\" sizes=\"(max-width: 711px) 100vw, 711px\" srcset=\"https:\/\/www.diarioarmenia.org.ar\/wp-content\/uploads\/2020\/12\/aliyev-y-erdogan-parados-diario-armenia-711x400.jpg 711w, https:\/\/www.diarioarmenia.org.ar\/wp-content\/uploads\/2020\/12\/aliyev-y-erdogan-parados-diario-armenia-300x169.jpg 300w, https:\/\/www.diarioarmenia.org.ar\/wp-content\/uploads\/2020\/12\/aliyev-y-erdogan-parados-diario-armenia-768x432.jpg 768w, https:\/\/www.diarioarmenia.org.ar\/wp-content\/uploads\/2020\/12\/aliyev-y-erdogan-parados-diario-armenia-355x200.jpg 355w, https:\/\/www.diarioarmenia.org.ar\/wp-content\/uploads\/2020\/12\/aliyev-y-erdogan-parados-diario-armenia-645x363.jpg 645w, https:\/\/www.diarioarmenia.org.ar\/wp-content\/uploads\/2020\/12\/aliyev-y-erdogan-parados-diario-armenia-560x315.jpg 560w, https:\/\/www.diarioarmenia.org.ar\/wp-content\/uploads\/2020\/12\/aliyev-y-erdogan-parados-diario-armenia.jpg 1220w\" alt=\"\" \/><\/figure>\n<\/div>\n<p style=\"text-align: justify;\">Ante la presencia de su aliado Recep Tayyip Erdogan, el presidente de Azerbaiy\u00e1n Ilham Aliyev manifest\u00f3 que Erev\u00e1n, el lago Sev\u00e1n y Syunik son territorios hist\u00f3ricamente azerbaiyanos. La rid\u00edcula afirmaci\u00f3n la hizo durante un desfile militar celebrando la victoria de Azerbaiy\u00e1n en la guerra de Karabaj.<\/p>\n<p style=\"text-align: justify;\">\u201cNuestra gente vivi\u00f3 all\u00ed durante siglos pero las autoridades de Armenia expulsaron a cientos de miles de azerbaiyanos de sus tierras nativas. Luego sucedi\u00f3 lo mismo en Karabaj\u201d, continu\u00f3 Aliyev.<\/p>\n<p style=\"text-align: justify;\">Del desfile tambi\u00e9n participaron tropas turcas que exhibieron los drones turcos Bayraktar, que fueron utilizados por los azer\u00edes en sus ataques indiscriminados a Artsaj sobre los cuales Aliyev afirm\u00f3 que \u201cjugaron un papel excepcional en la victoria\u201d.<\/p>\n<p style=\"text-align: justify;\">Al enfatizar sobre el involucramiento de Turqu\u00eda desde las primeras horas de la guerra, Aliyev dijo que \u201cel apoyo pol\u00edtico y moral de Turqu\u00eda a Azerbaiy\u00e1n hace que todos los ciudadanos azerbaiyanos se sientan orgullosos y felices. Mi hermano (por Erdogan) dijo que Azerbaiy\u00e1n no est\u00e1 solo y Turqu\u00eda siempre va a estar con Azerbaiy\u00e1n. Esta es una manifestaci\u00f3n de nuestra unidad y hermandad\u201d.<\/p>\n<div class=\"wp-block-image\" style=\"text-align: justify;\">\n<figure class=\"aligncenter\"><img data-recalc-dims=\"1\" height=\"400\" width=\"704\" decoding=\"async\" class=\"wp-image-37768\" src=\"https:\/\/i0.wp.com\/www.diarioarmenia.org.ar\/wp-content\/uploads\/2020\/12\/aliyev-y-erdogan-foto-704x400.jpg?resize=704%2C400&#038;ssl=1\" sizes=\"(max-width: 704px) 100vw, 704px\" srcset=\"https:\/\/www.diarioarmenia.org.ar\/wp-content\/uploads\/2020\/12\/aliyev-y-erdogan-foto-704x400.jpg 704w, https:\/\/www.diarioarmenia.org.ar\/wp-content\/uploads\/2020\/12\/aliyev-y-erdogan-foto-300x170.jpg 300w, https:\/\/www.diarioarmenia.org.ar\/wp-content\/uploads\/2020\/12\/aliyev-y-erdogan-foto-768x436.jpg 768w, https:\/\/www.diarioarmenia.org.ar\/wp-content\/uploads\/2020\/12\/aliyev-y-erdogan-foto-645x366.jpg 645w, https:\/\/www.diarioarmenia.org.ar\/wp-content\/uploads\/2020\/12\/aliyev-y-erdogan-foto-560x318.jpg 560w, https:\/\/www.diarioarmenia.org.ar\/wp-content\/uploads\/2020\/12\/aliyev-y-erdogan-foto.jpg 1000w\" alt=\"\" \/><figcaption>Los presidentes Erdogan y Aliyev en el desfile militar en Bak\u00fa<\/figcaption><\/figure>\n<\/div>\n<p style=\"text-align: justify;\">Por su parte, Erdogan dijo \u201cmi hermano Ilham Aliyev cumpli\u00f3 el deseo que el difunto Heydar Aliyev (padre del actual presidente) dej\u00f3 como su voluntad. Espero que Azerbaiy\u00e1n contin\u00fae escribiendo epopeyas bajo el fuerte liderazgo de mi hermano Ilham Aliyev\u201d.<\/p>\n<p style=\"text-align: justify;\">\u201cEl hecho de que Azerbaiy\u00e1n haya liberado sus tierras de la ocupaci\u00f3n no significa que la lucha haya terminado. La lucha que se ha librado en el campo pol\u00edtico y militar hasta ahora continuar\u00e1 en muchos frentes diferentes a partir de ahora\u201d, sigui\u00f3 el Presidente turco.<\/p>\n<p style=\"text-align: justify;\">En otro tramo de su discurso, Erdogan felicit\u00f3 \u201cal glorioso ej\u00e9rcito azerbaiyano y al ej\u00e9rcito turco\u201d y afirm\u00f3 tambi\u00e9n que \u201choy es el d\u00eda en que se bendicen las almas de Nuri Pash\u00e1, Enver Pash\u00e1 (ambos militares genocidas) y los valientes soldados del Ej\u00e9rcito Isl\u00e1mico Cauc\u00e1sico\u201d. \u201cHoy es el d\u00eda de la victoria y orgullo para todo el mundo turco\u201d, en una claro mensaje panturquista.<\/p>\n<p style=\"text-align: justify;\">Mane Gevorgyan, portavoz del Primer Ministro de Armenia, conden\u00f3 las declaraciones y afirm\u00f3: \u201cHablar de ambiciones territoriales contra Armenia cuestiona seriamente la disposici\u00f3n de Azerbaiy\u00e1n para establecer la paz y pone deliberadamente en peligro la seguridad de la regi\u00f3n\u201d.<\/p>\n<p style=\"text-align: justify;\">El defensor de los derechos humanos de Armenia, Arman Tatoyan, opin\u00f3 que \u201clos discursos de los presidentes de Azerbaiy\u00e1n y Turqu\u00eda estuvieron llenos de odio contra el pueblo armenio, amenazan la vida y la salud de toda la poblaci\u00f3n de Armenia, contienen expresiones de insultos e instigan el odio\u201d.<\/p>\n<p style=\"text-align: justify;\">10 de diciembre de 2020<br \/>\nFuente: <a href=\"https:\/\/www.diarioarmenia.org.ar\/junto-a-erdogan-aliyev-dijo-que-erevan-el-lago-sevan-y-syunik-son-territorios-historicos-de-azerbaiyan\/\">Diario Armenia<\/a><\/p>\n","protected":false},"excerpt":{"rendered":"<p>Ante la presencia de su aliado Recep Tayyip Erdogan, el presidente de Azerbaiy\u00e1n Ilham Aliyev manifest\u00f3 que Erev\u00e1n, el lago Sev\u00e1n y Syunik son territorios hist\u00f3ricamente azerbaiyanos. La rid\u00edcula afirmaci\u00f3n la hizo durante un desfile militar celebrando la victoria de Azerbaiy\u00e1n en la guerra de Karabaj. \u201cNuestra gente vivi\u00f3 all\u00ed durante siglos pero las autoridades [&hellip;]<\/p>\n","protected":false},"author":1,"featured_media":6022,"comment_status":"closed","ping_status":"closed","sticky":false,"template":"","format":"standard","meta":{"site-sidebar-layout":"default","site-content-layout":"","ast-site-content-layout":"default","site-content-style":"default","site-sidebar-style":"default","ast-global-header-display":"","ast-banner-title-visibility":"","ast-main-header-display":"","ast-hfb-above-header-display":"","ast-hfb-below-header-display":"","ast-hfb-mobile-header-display":"","site-post-title":"","ast-breadcrumbs-content":"","ast-featured-img":"","footer-sml-layout":"","theme-transparent-header-meta":"","adv-header-id-meta":"","stick-header-meta":"","header-above-stick-meta":"","header-main-stick-meta":"","header-below-stick-meta":"","astra-migrate-meta-layouts":"default","ast-page-background-enabled":"default","ast-page-background-meta":{"desktop":{"background-color":"var(--ast-global-color-4)","background-image":"","background-repeat":"repeat","background-position":"center center","background-size":"auto","background-attachment":"scroll","background-type":"","background-media":"","overlay-type":"","overlay-color":"","overlay-opacity":"","overlay-gradient":""},"tablet":{"background-color":"","background-image":"","background-repeat":"repeat","background-position":"center center","background-size":"auto","background-attachment":"scroll","background-type":"","background-media":"","overlay-type":"","overlay-color":"","overlay-opacity":"","overlay-gradient":""},"mobile":{"background-color":"","background-image":"","background-repeat":"repeat","background-position":"center center","background-size":"auto","background-attachment":"scroll","background-type":"","background-media":"","overlay-type":"","overlay-color":"","overlay-opacity":"","overlay-gradient":""}},"ast-content-background-meta":{"desktop":{"background-color":"var(--ast-global-color-5)","background-image":"","background-repeat":"repeat","background-position":"center center","background-size":"auto","background-attachment":"scroll","background-type":"","background-media":"","overlay-type":"","overlay-color":"","overlay-opacity":"","overlay-gradient":""},"tablet":{"background-color":"var(--ast-global-color-5)","background-image":"","background-repeat":"repeat","background-position":"center center","background-size":"auto","background-attachment":"scroll","background-type":"","background-media":"","overlay-type":"","overlay-color":"","overlay-opacity":"","overlay-gradient":""},"mobile":{"background-color":"var(--ast-global-color-5)","background-image":"","background-repeat":"repeat","background-position":"center center","background-size":"auto","background-attachment":"scroll","background-type":"","background-media":"","overlay-type":"","overlay-color":"","overlay-opacity":"","overlay-gradient":""}},"_jetpack_memberships_contains_paid_content":false,"footnotes":""},"categories":[625],"tags":[83,73,45,46,47,34,97,12,22,23],"class_list":["post-6021","post","type-post","status-publish","format-standard","has-post-thumbnail","hentry","category-guerra-artsaj-2020","tag-armenio","tag-artsaj","tag-azerbaidjan","tag-azerbaijan","tag-azerbaiyan","tag-causa-armenia","tag-erdogan","tag-negacionismo","tag-turkey","tag-turquia"],"jetpack_featured_media_url":"https:\/\/i0.wp.com\/cna.org.ar\/wp-content\/uploads\/2020\/12\/aliyev-y-erdogan-foto.jpg?fit=1000%2C568&ssl=1","jetpack_sharing_enabled":true,"_links":{"self":[{"href":"https:\/\/cna.org.ar\/index.php\/wp-json\/wp\/v2\/posts\/6021","targetHints":{"allow":["GET"]}}],"collection":[{"href":"https:\/\/cna.org.ar\/index.php\/wp-json\/wp\/v2\/posts"}],"about":[{"href":"https:\/\/cna.org.ar\/index.php\/wp-json\/wp\/v2\/types\/post"}],"author":[{"embeddable":true,"href":"https:\/\/cna.org.ar\/index.php\/wp-json\/wp\/v2\/users\/1"}],"replies":[{"embeddable":true,"href":"https:\/\/cna.org.ar\/index.php\/wp-json\/wp\/v2\/comments?post=6021"}],"version-history":[{"count":2,"href":"https:\/\/cna.org.ar\/index.php\/wp-json\/wp\/v2\/posts\/6021\/revisions"}],"predecessor-version":[{"id":6027,"href":"https:\/\/cna.org.ar\/index.php\/wp-json\/wp\/v2\/posts\/6021\/revisions\/6027"}],"wp:featuredmedia":[{"embeddable":true,"href":"https:\/\/cna.org.ar\/index.php\/wp-json\/wp\/v2\/media\/6022"}],"wp:attachment":[{"href":"https:\/\/cna.org.ar\/index.php\/wp-json\/wp\/v2\/media?parent=6021"}],"wp:term":[{"taxonomy":"category","embeddable":true,"href":"https:\/\/cna.org.ar\/index.php\/wp-json\/wp\/v2\/categories?post=6021"},{"taxonomy":"post_tag","embeddable":true,"href":"https:\/\/cna.org.ar\/index.php\/wp-json\/wp\/v2\/tags?post=6021"}],"curies":[{"name":"wp","href":"https:\/\/api.w.org\/{rel}","templated":true}]}}