{"id":995,"date":"2010-12-17T19:39:18","date_gmt":"2010-12-17T22:39:18","guid":{"rendered":"http:\/\/www.cna.org.ar\/2010\/12\/17\/el-dr-leandro-despouy-fue-condecorado-por-el-presidente-de-armenia\/"},"modified":"2010-12-17T19:39:18","modified_gmt":"2010-12-17T22:39:18","slug":"el-dr-leandro-despouy-fue-condecorado-por-el-presidente-de-armenia","status":"publish","type":"post","link":"https:\/\/cna.org.ar\/index.php\/2010\/12\/17\/el-dr-leandro-despouy-fue-condecorado-por-el-presidente-de-armenia\/","title":{"rendered":"El Dr. Leandro Despouy fue condecorado por el presidente de Armenia"},"content":{"rendered":"<p>\u00e2\u20ac\u0153La entrega de este premio ha sido el deseo de nuestro pueblo y yo cumplo con esta misi\u00f3n. Tenemos una inmensa deuda con usted, con el pueblo y el estado argentino, pues han comprendido nuestro dolor y han cobijado a nuestros compatriotas sobrevivientes del genocidio\u00e2\u20ac\u009d, expres\u00f3 el presidente de Armenia al hacer entrega de la distinci\u00f3n que se realiz\u00f3 en el marco de la conferencia Delito de Genocidio, Prevenci\u00f3n, Condena y eliminaci\u00f3n de las consecuencias que se lleva a cabo en la ciudad de Erev\u00e1n.<\/p>\n<p>Leandro Despouy como miembro de la subcomisi\u00f3n de Derechos Humanos de las Nacionales Unidas y como diplom\u00e1tico del gobierno de la Rep\u00fablica Argentina durante la presidencia del Dr. Ra\u00fal Alfons\u00ed\u00adn (1985) particip\u00f3 activamente en el arduo debate que culmin\u00f3 con la aprobaci\u00f3n del c\u00e9lebre informe Whitaker, que consagr\u00f3 el reconocimiento internacional del genocidio de los armenios por las Naciones Unidas.<\/p>\n<p>Dicho reconocimiento tuvo una enorme trascendencia, conmocion\u00f3 a varias generaciones de armenios y proyect\u00f3 su impacto sobre las futuras. A partir de este momento hist\u00f3rico la relaci\u00f3n entre los armenios y el mundo fue encontrando otro rumbo, y la consecuencia de ello  se refleja en los numerosos reconocimientos del genocidio por parte de Estados, parlamentos nacionales y regionales, entre otros.<\/p>\n<p>Al recibir la distinci\u00f3n el jurista argentino expres\u00f3: \u00e2\u20ac\u0153Este es el camino que marca la experiencia armenia y que convoca al mundo como herramienta de paz y de soluci\u00f3n pac\u00ed\u00adfica de controversias. El negacionismo es su antinomia y bien sabemos sus perniciosas consecuencias y su nefasta perdurabilidad tanto en el nivel internacional, donde las relaciones pol\u00ed\u00adticas y econ\u00f3micas con el mundo se ven trabadas en los pa\u00ed\u00adses que lo practican, tal es el caso de Turqu\u00ed\u00ada; como tambi\u00e9n internas, donde imponer el negacionismo en el nivel nacional significa necesariamente socavar el estado de derecho, exaltar las pr\u00e1cticas represivas, la persecuci\u00f3n y, al mismo tiempo, amordazar la justicia.\u00e2\u20ac\u009d<\/p>\n<p>El secretario del Consejo Nacional Armenio, Eduardo Kozanlian, quien esta acompa\u00f1ando al Dr. Despouy en los diversos actos y actividades de los que particip\u00f3 en su visita, dijo  \u00e2\u20ac\u0153Que mejor momento para esta merecida condecoraci\u00f3n al Dr. Leandro Despouy que haya coincidido con  la conmemoraci\u00f3n del 62\u00c2\u00ba aniversario de la Declaraci\u00f3n Internacional de los Derechos Humanos. Valoramos el concepto de destacar y premiar a una personalidad como Despouy, estos son los modelos y ejemplos de vida a seguir, la de un incansable luchador de las causas justas. Todos  debemos contribuir para alcanzar un mundo en donde los procesos democr\u00e1ticos y las relaciones entre los Estados est\u00e9n basados en el respeto a los derechos humanos.\u00e2\u20ac\u009d<\/p>\n","protected":false},"excerpt":{"rendered":"<p><a href=\"http:\/\/www.cna.org.ar\/wp-content\/uploads\/2010\/12\/Leandro-Despouy-y-Serge-Sarkissian.jpg\"><img loading=\"lazy\" decoding=\"async\" class=\"alignleft size-medium wp-image-994\" title=\"Leandro Despouy y Serge Sarkissian\" src=\"http:\/\/www.cna.org.ar\/wp-content\/uploads\/2010\/12\/Leandro-Despouy-y-Serge-Sarkissian-300x217.jpg\" alt=\"Leandro Despouy y Serge Sarkissian\" width=\"204\" height=\"147\" \/><\/a><strong>Comunicado<\/strong>&#8211;    El martes 14 de diciembre el Presidente de Armenia, Serge Sarkissian, condecor\u00f3 con la distinci\u00f3n Mejitar Gosh al Dr. Leandro Despouy \u2013 Auditor General de la Naci\u00f3n- defensor de los derechos humanos y permanente luchador por el reconocimiento internacional del genocidio de los armenios perpetrado por el Estado turco entre 1915 y 1923.<\/p>\n<p>El Consejo Nacional Armenio de Sudam\u00e9rica  se suma al merecido reconocimiento que se le ha hecho al prestigioso jurista argentino Leandro Despouy por parte de la Rep\u00fablica de Armenia.<\/p>\n","protected":false},"author":1,"featured_media":0,"comment_status":"closed","ping_status":"closed","sticky":false,"template":"","format":"standard","meta":{"site-sidebar-layout":"default","site-content-layout":"","ast-site-content-layout":"default","site-content-style":"default","site-sidebar-style":"default","ast-global-header-display":"","ast-banner-title-visibility":"","ast-main-header-display":"","ast-hfb-above-header-display":"","ast-hfb-below-header-display":"","ast-hfb-mobile-header-display":"","site-post-title":"","ast-breadcrumbs-content":"","ast-featured-img":"","footer-sml-layout":"","theme-transparent-header-meta":"","adv-header-id-meta":"","stick-header-meta":"","header-above-stick-meta":"","header-main-stick-meta":"","header-below-stick-meta":"","astra-migrate-meta-layouts":"default","ast-page-background-enabled":"default","ast-page-background-meta":{"desktop":{"background-color":"var(--ast-global-color-4)","background-image":"","background-repeat":"repeat","background-position":"center center","background-size":"auto","background-attachment":"scroll","background-type":"","background-media":"","overlay-type":"","overlay-color":"","overlay-opacity":"","overlay-gradient":""},"tablet":{"background-color":"","background-image":"","background-repeat":"repeat","background-position":"center center","background-size":"auto","background-attachment":"scroll","background-type":"","background-media":"","overlay-type":"","overlay-color":"","overlay-opacity":"","overlay-gradient":""},"mobile":{"background-color":"","background-image":"","background-repeat":"repeat","background-position":"center center","background-size":"auto","background-attachment":"scroll","background-type":"","background-media":"","overlay-type":"","overlay-color":"","overlay-opacity":"","overlay-gradient":""}},"ast-content-background-meta":{"desktop":{"background-color":"var(--ast-global-color-5)","background-image":"","background-repeat":"repeat","background-position":"center center","background-size":"auto","background-attachment":"scroll","background-type":"","background-media":"","overlay-type":"","overlay-color":"","overlay-opacity":"","overlay-gradient":""},"tablet":{"background-color":"var(--ast-global-color-5)","background-image":"","background-repeat":"repeat","background-position":"center center","background-size":"auto","background-attachment":"scroll","background-type":"","background-media":"","overlay-type":"","overlay-color":"","overlay-opacity":"","overlay-gradient":""},"mobile":{"background-color":"var(--ast-global-color-5)","background-image":"","background-repeat":"repeat","background-position":"center center","background-size":"auto","background-attachment":"scroll","background-type":"","background-media":"","overlay-type":"","overlay-color":"","overlay-opacity":"","overlay-gradient":""}},"_jetpack_memberships_contains_paid_content":false,"footnotes":""},"categories":[4],"tags":[],"class_list":["post-995","post","type-post","status-publish","format-standard","hentry","category-comunicados"],"jetpack_featured_media_url":"","jetpack_sharing_enabled":true,"_links":{"self":[{"href":"https:\/\/cna.org.ar\/index.php\/wp-json\/wp\/v2\/posts\/995","targetHints":{"allow":["GET"]}}],"collection":[{"href":"https:\/\/cna.org.ar\/index.php\/wp-json\/wp\/v2\/posts"}],"about":[{"href":"https:\/\/cna.org.ar\/index.php\/wp-json\/wp\/v2\/types\/post"}],"author":[{"embeddable":true,"href":"https:\/\/cna.org.ar\/index.php\/wp-json\/wp\/v2\/users\/1"}],"replies":[{"embeddable":true,"href":"https:\/\/cna.org.ar\/index.php\/wp-json\/wp\/v2\/comments?post=995"}],"version-history":[{"count":0,"href":"https:\/\/cna.org.ar\/index.php\/wp-json\/wp\/v2\/posts\/995\/revisions"}],"wp:attachment":[{"href":"https:\/\/cna.org.ar\/index.php\/wp-json\/wp\/v2\/media?parent=995"}],"wp:term":[{"taxonomy":"category","embeddable":true,"href":"https:\/\/cna.org.ar\/index.php\/wp-json\/wp\/v2\/categories?post=995"},{"taxonomy":"post_tag","embeddable":true,"href":"https:\/\/cna.org.ar\/index.php\/wp-json\/wp\/v2\/tags?post=995"}],"curies":[{"name":"wp","href":"https:\/\/api.w.org\/{rel}","templated":true}]}}